{"id":95681,"date":"2025-11-20T23:59:08","date_gmt":"2025-11-20T23:59:08","guid":{"rendered":"https:\/\/www.europesays.com\/fi\/95681\/"},"modified":"2025-11-20T23:59:08","modified_gmt":"2025-11-20T23:59:08","slug":"suomalainen-kiekkolupaus-saattaa-etsia-uuden-seuran-nhlssa-urheilua-lyhyesti","status":"publish","type":"post","link":"https:\/\/www.europesays.com\/fi\/95681\/","title":{"rendered":"Suomalainen kiekkolupaus saattaa etsi\u00e4 uuden seuran NHL:ss\u00e4 | Urheilua lyhyesti"},"content":{"rendered":"<p class=\"aw-1gybjub aw-5vja16 kEtdKx kmuxyA yle__article__paragraph\">Brad Lambert debytoi NHL:ss\u00e4 kaudella 2023\u20132024.<\/p>\n<p><img decoding=\"async\" alt=\"Brad Lambert transporterar pucken.\" src=\"https:\/\/www.europesays.com\/fi\/wp-content\/uploads\/2025\/11\/39-141857867a6ec44456a1.jpeg\" class=\"aw-1l9m598 hKVVvP\"\/><\/p>\n<p>Avaa kuvien katselu<\/p>\n<p>Brad Lambert on pelannut t\u00e4lla kaudella vain nelj\u00e4ss\u00e4 NHL-ottelussa. Kuva: James Carey Lauder \/ AOP<\/p>\n<p class=\"aw-1gybjub aw-1p7kakr kEtdKx cEmitX yle__article__paragraph\">Winnipeg Jetsin suomalaishy\u00f6kk\u00e4\u00e4j\u00e4 <strong class=\"aw-ak79eh KyCXm yle__article__strong\">Brad Lambert<\/strong> saattaa vaihtaa seuraa j\u00e4\u00e4kiekon NHL:ss\u00e4.<\/p>\n<p class=\"aw-1gybjub aw-1p7kakr kEtdKx cEmitX yle__article__paragraph\">NHL:n sis\u00e4piiritoimittaja <strong class=\"aw-ak79eh KyCXm yle__article__strong\">Frank Sevarallin<\/strong> mukaan Jets on antanut Lambertin tiimille luvan etsi\u00e4 siirtokumppania. H\u00e4n kertoo asiasta X:ss\u00e4.<\/p>\n<p class=\"aw-1gybjub aw-1p7kakr kEtdKx cEmitX yle__article__paragraph\">21-vuotias Brad Lambert on Winnipegin ensimm\u00e4isen kierroksen varaus vuodelta 2022. H\u00e4n debytoi NHL:ss\u00e4 kaudella 2023\u20132024, jolloin h\u00e4n pelasi yhden ottelun. Viime kaudella h\u00e4n p\u00e4\u00e4si joukkueensa kokoonpanoon viidess\u00e4 ottelussa.<\/p>\n<p class=\"aw-1gybjub aw-1p7kakr kEtdKx cEmitX yle__article__paragraph\">T\u00e4ll\u00e4 kaudella nuorukaisen peliaika on ollut vaatimaton. H\u00e4n on pelannut t\u00e4ll\u00e4 kaudella nelj\u00e4ss\u00e4 ottelussa ja tehnyt yhden maalin.<\/p>\n","protected":false},"excerpt":{"rendered":"Brad Lambert debytoi NHL:ss\u00e4 kaudella 2023\u20132024. Avaa kuvien katselu Brad Lambert on pelannut t\u00e4lla kaudella vain nelj\u00e4ss\u00e4 NHL-ottelussa.&hellip;\n","protected":false},"author":2,"featured_media":95682,"comment_status":"","ping_status":"","sticky":false,"template":"","format":"standard","meta":{"footnotes":""},"categories":[158],"tags":[18721,33,31,30,1143,1146,1697,159,32,160,18720],"class_list":{"0":"post-95681","1":"post","2":"type-post","3":"status-publish","4":"format-standard","5":"has-post-thumbnail","7":"category-urheilu","8":"tag-brad-lambert","9":"tag-fi","10":"tag-finland","11":"tag-finnish","12":"tag-jaakiekko","13":"tag-miesten-jaakiekko","14":"tag-nhl","15":"tag-sports","16":"tag-suomi","17":"tag-urheilu","18":"tag-winnipeg-jets"},"share_on_mastodon":{"url":"https:\/\/pubeurope.com\/@fi\/115584746691839101","error":""},"_links":{"self":[{"href":"https:\/\/www.europesays.com\/fi\/wp-json\/wp\/v2\/posts\/95681","targetHints":{"allow":["GET"]}}],"collection":[{"href":"https:\/\/www.europesays.com\/fi\/wp-json\/wp\/v2\/posts"}],"about":[{"href":"https:\/\/www.europesays.com\/fi\/wp-json\/wp\/v2\/types\/post"}],"author":[{"embeddable":true,"href":"https:\/\/www.europesays.com\/fi\/wp-json\/wp\/v2\/users\/2"}],"replies":[{"embeddable":true,"href":"https:\/\/www.europesays.com\/fi\/wp-json\/wp\/v2\/comments?post=95681"}],"version-history":[{"count":0,"href":"https:\/\/www.europesays.com\/fi\/wp-json\/wp\/v2\/posts\/95681\/revisions"}],"wp:featuredmedia":[{"embeddable":true,"href":"https:\/\/www.europesays.com\/fi\/wp-json\/wp\/v2\/media\/95682"}],"wp:attachment":[{"href":"https:\/\/www.europesays.com\/fi\/wp-json\/wp\/v2\/media?parent=95681"}],"wp:term":[{"taxonomy":"category","embeddable":true,"href":"https:\/\/www.europesays.com\/fi\/wp-json\/wp\/v2\/categories?post=95681"},{"taxonomy":"post_tag","embeddable":true,"href":"https:\/\/www.europesays.com\/fi\/wp-json\/wp\/v2\/tags?post=95681"}],"curies":[{"name":"wp","href":"https:\/\/api.w.org\/{rel}","templated":true}]}}