{"id":95712,"date":"2025-11-21T00:58:14","date_gmt":"2025-11-21T00:58:14","guid":{"rendered":"https:\/\/www.europesays.com\/fi\/95712\/"},"modified":"2025-11-21T00:58:14","modified_gmt":"2025-11-21T00:58:14","slug":"onko-teilla-asiat-enaa-hallinnassanne","status":"publish","type":"post","link":"https:\/\/www.europesays.com\/fi\/95712\/","title":{"rendered":"\u201dOnko teill\u00e4 asiat en\u00e4\u00e4 hallinnassanne?\u201d"},"content":{"rendered":"<p>Sote-palveluiden tilanne aiheutti kipakkaa keskustelua eduskunnan kyselytunnilla. Kritiikki\u00e4 saivat p\u00e4\u00e4ministeri Orpo ja sote-ministeri Juuso. <\/p>\n<p><img decoding=\"async\" class=\"image image-show image-preview\" src=\"https:\/\/www.europesays.com\/fi\/wp-content\/uploads\/2025\/11\/6c4aacad15d27f5d2be4f601940287bc4d49ca4c042d2a94a06deb0fbcb2e6d9.jpg\" alt=\"\"\/><img decoding=\"async\" class=\"image image-show\" src=\"https:\/\/www.europesays.com\/fi\/wp-content\/uploads\/2025\/11\/1763686694_62_6c4aacad15d27f5d2be4f601940287bc4d49ca4c042d2a94a06deb0fbcb2e6d9.jpg\" alt=\"\"\/><\/p>\n<p>Kaisa Juuson mukaan l\u00e4\u00e4k\u00e4rille ja hoitajalle p\u00e4\u00e4sy on Suomessa melko hyv\u00e4ll\u00e4 mallilla.  Compic\/Kimmo Brandt All Over Press<\/p>\n<p class=\"paragraph\">Suurin oppositiopuolue SDP syytti p\u00e4\u00e4ministeri <strong>Petteri Orpoa<\/strong> (kok) ylimielisyydest\u00e4 eduskunnan kyselytunnilla torstaina.<\/p>\n<p class=\"paragraph\">SDP:n eduskuntaryhm\u00e4n puheenjohtaja <strong>Tytti Tuppurainen<\/strong> h\u00e4mm\u00e4steli, miksi Orpo tyrm\u00e4si opposition yhteisen vetoomuksen, jonka mukaan sosiaali- ja terveyspalveluiden ja soten rahoituslain korjaamiseen pit\u00e4isi l\u00e4hte\u00e4 parlamentaarisella yhteisty\u00f6ll\u00e4.<\/p>\n<p class=\"paragraph\">\u2013 Kielt\u00e4m\u00e4tt\u00e4 v\u00e4h\u00e4n yll\u00e4tyimme, kun p\u00e4\u00e4ministeri torjuitte opposition yhteisen vetoomuksen, kun \u00e4\u00e4ni viel\u00e4 valtiosalissa kaikui. T\u00e4m\u00e4 j\u00e4tti hieman h\u00e4t\u00e4isen ja ylimielisen vaikutelman. Arvoisa p\u00e4\u00e4ministeri, olikohan t\u00e4m\u00e4 harkittu vastaus koko opposition yhteiseen vetoomukseen, Tuppurainen ihmetteli.<\/p>\n<p>\u201dYlimielisesti kommentoitte\u201d<\/p>\n<p class=\"paragraph\">P\u00e4\u00e4ministeri ei innostunut opposition sote-vetoomuksesta.<\/p>\n<p class=\"paragraph\">\u2013 Olisi ehk\u00e4 kannattanut kuunnella loppuun se, mit\u00e4 sanoin, kun kuvasin t\u00e4m\u00e4n prosessin, Orpo sanoi.<\/p>\n<p class=\"paragraph\">\u2013 Samalla, kun teemme korjauksia viime kaudella tehtyyn sote- ja hyvinvointialuemalliin, tulemme saamaan alivaltiosihteeri Erholan ty\u00f6ryhm\u00e4n asiantuntijaraportin hyvinvointialueiden ja sote-uudistuksen tilasta joulukuun puolenv\u00e4lin paikkeilla.<\/p>\n<p class=\"paragraph\">Orpon mukaan raportti ja sen uudistusehdotukset k\u00e4yd\u00e4\u00e4n huolella l\u00e4pi.<\/p>\n<p class=\"paragraph\">\u2013 Tulen antamaan p\u00e4\u00e4ministerin ilmoituksen eduskunnalle kev\u00e4\u00e4n istuntokauden heti alkupuolella.<\/p>\n<p class=\"paragraph\">Vastaus ei kelvannut Tuppuraiselle, joka harmitteli p\u00e4\u00e4ministerin torjuvan yhteisty\u00f6tarjouksen.<\/p>\n<p class=\"paragraph\">\u2013 Varsin ylimielisesti kommentoitte my\u00f6s koko opposition esitt\u00e4m\u00e4\u00e4 ratkaisua eli asiantuntijoidenkin laajasti suosittelemaa hyvinvointialueiden alij\u00e4\u00e4mien kattamisajan pident\u00e4mist\u00e4.<\/p>\n<p class=\"paragraph\">Tuppurainen nosti esiin, ett\u00e4 talouspolitiikan arviointineuvosto on todennut, ett\u00e4 hallituksen on syyt\u00e4 harkita lis\u00e4jouston tarjoamista alij\u00e4\u00e4mien kattamisaikaan tilap\u00e4isesti.<\/p>\n<p>H\u00e4lin\u00e4\u00e4 salissa<\/p>\n<p class=\"paragraph\">Oppositiopuolue keskustan puheenjohtaja <strong>Antti Kaikkonen<\/strong> h\u00e4mm\u00e4steli hallituksen linjauksia. Kaikkonen ihmetteli hallituksen intoa alkoholin vapauttamisessa, vaikka sote-palveluita ei saada kuntoon.<\/p>\n<p class=\"paragraph\">\u2013 Mik\u00e4 t\u00e4m\u00e4 teid\u00e4n linjanne ylip\u00e4\u00e4t\u00e4\u00e4n on? Et\u00e4t\u00f6it\u00e4 ei saisi tehd\u00e4 kotoa, terveyspalvelut saavat karata kauas kotoa, samoin vanhuspalvelut, mutta viina pit\u00e4\u00e4 tuoda kotiovelle saakka! Kaikkonen huudahti.<\/p>\n<p class=\"paragraph\">Sosiaaliturvaministeri <strong>Sanni Grahn-Laasonen<\/strong> (kok) kuittasi heti takaisin Kaikkoselle, mik\u00e4 aiheutti h\u00e4lin\u00e4\u00e4 t\u00e4ysistuntosalissa.<\/p>\n<p class=\"paragraph\">\u2013 T\u00e4m\u00e4 meni aika kauas ensimm\u00e4isest\u00e4 aiheesta eli sosiaali- ja terveyspalveluista. Totean t\u00e4st\u00e4, ett\u00e4 hallituksen budjetissa n\u00e4kyy, ett\u00e4 alkoholin verotusta on kiristetty, mik\u00e4 on keino hillit\u00e4 alkoholin haittoja Suomessa, Grahn-Laasonen sanoi.<\/p>\n<p class=\"paragraph\">\u2013 Samaan aikaan hallitus tekee maltillista, hyvin rauhallista alkoholipolitiikan muutosta kohti eurooppalaista suuntaa. My\u00f6skin el\u00e4mme Euroopan unionissa, joka on vapaan liikkuvuuden ymp\u00e4rist\u00f6, h\u00e4n jatkoi.<\/p>\n<p>Suora haasto Juusolle<\/p>\n<p class=\"paragraph\">Keskustan eduskuntaryhm\u00e4n puheenjohtaja <strong>Antti Kurvinen<\/strong> h\u00e4mm\u00e4steli, onko Suomessa istuvaa hallitusta lainkaan.<\/p>\n<p class=\"paragraph\">\u2013 Koska kaikki ongelmat ovat edellisen hallituksen vika ja nyt ruvetaan puhumaan jo seuraavasta hallituksesta. Seuraava hallitus sitten ratkoo ongelmia. Miksi nykyinen hallitus ei tee toimenpiteit\u00e4 n\u00e4iden akuuttien asioiden eteen? Kurvinen h\u00e4mm\u00e4steli.<\/p>\n<p class=\"paragraph\">Kurvinen esitti my\u00f6s suoran kysymyksen sosiaali- ja terveysministeri <strong>Kaisa Juusolle<\/strong> (ps).<\/p>\n<p class=\"paragraph\">\u2013 Onko teill\u00e4 t\u00e4m\u00e4 sote-j\u00e4rjestelm\u00e4 hanskassa ja onko teill\u00e4 asiat en\u00e4\u00e4 hallinnassanne?<\/p>\n<p class=\"paragraph\">Juuson mukaan hoitajalle tai l\u00e4\u00e4k\u00e4rille p\u00e4\u00e4sy on tilastojen mukaan hyv\u00e4ll\u00e4 mallilla.<\/p>\n<p class=\"paragraph\">\u2013 Kyll\u00e4 me olemme hyvin selvinneet, vaikka negatiivista mielialaa t\u00e4\u00e4ll\u00e4 nostellaan, h\u00e4n n\u00e4p\u00e4ytti.<\/p>\n","protected":false},"excerpt":{"rendered":"Sote-palveluiden tilanne aiheutti kipakkaa keskustelua eduskunnan kyselytunnilla. Kritiikki\u00e4 saivat p\u00e4\u00e4ministeri Orpo ja sote-ministeri Juuso. Kaisa Juuson mukaan l\u00e4\u00e4k\u00e4rille&hellip;\n","protected":false},"author":2,"featured_media":95713,"comment_status":"","ping_status":"","sticky":false,"template":"","format":"standard","meta":{"footnotes":""},"categories":[5],"tags":[35,22,23,26,27,33,31,30,17,24,25,28,29,15,18,21,637,886,888,885,887,32,19,20,16],"class_list":{"0":"post-95712","1":"post","2":"type-post","3":"status-publish","4":"format-standard","5":"has-post-thumbnail","7":"category-otsikot","8":"tag-24h","9":"tag-breaking-news","10":"tag-breakingnews","11":"tag-featured-news","12":"tag-featurednews","13":"tag-fi","14":"tag-finland","15":"tag-finnish","16":"tag-headlines","17":"tag-latest-news","18":"tag-latestnews","19":"tag-main-news","20":"tag-mainnews","21":"tag-news","22":"tag-otsikot","23":"tag-paauutiset","24":"tag-politiikka","25":"tag-puolueet","26":"tag-suomalaiset-poliitikot","27":"tag-suomen-poliittiset-puolueet","28":"tag-suomen-politiikka","29":"tag-suomi","30":"tag-top-stories","31":"tag-topstories","32":"tag-uutiset"},"share_on_mastodon":{"url":"https:\/\/pubeurope.com\/@fi\/115584978427879538","error":""},"_links":{"self":[{"href":"https:\/\/www.europesays.com\/fi\/wp-json\/wp\/v2\/posts\/95712","targetHints":{"allow":["GET"]}}],"collection":[{"href":"https:\/\/www.europesays.com\/fi\/wp-json\/wp\/v2\/posts"}],"about":[{"href":"https:\/\/www.europesays.com\/fi\/wp-json\/wp\/v2\/types\/post"}],"author":[{"embeddable":true,"href":"https:\/\/www.europesays.com\/fi\/wp-json\/wp\/v2\/users\/2"}],"replies":[{"embeddable":true,"href":"https:\/\/www.europesays.com\/fi\/wp-json\/wp\/v2\/comments?post=95712"}],"version-history":[{"count":0,"href":"https:\/\/www.europesays.com\/fi\/wp-json\/wp\/v2\/posts\/95712\/revisions"}],"wp:featuredmedia":[{"embeddable":true,"href":"https:\/\/www.europesays.com\/fi\/wp-json\/wp\/v2\/media\/95713"}],"wp:attachment":[{"href":"https:\/\/www.europesays.com\/fi\/wp-json\/wp\/v2\/media?parent=95712"}],"wp:term":[{"taxonomy":"category","embeddable":true,"href":"https:\/\/www.europesays.com\/fi\/wp-json\/wp\/v2\/categories?post=95712"},{"taxonomy":"post_tag","embeddable":true,"href":"https:\/\/www.europesays.com\/fi\/wp-json\/wp\/v2\/tags?post=95712"}],"curies":[{"name":"wp","href":"https:\/\/api.w.org\/{rel}","templated":true}]}}