{"id":95714,"date":"2025-11-21T01:10:11","date_gmt":"2025-11-21T01:10:11","guid":{"rendered":"https:\/\/www.europesays.com\/fi\/95714\/"},"modified":"2025-11-21T01:10:11","modified_gmt":"2025-11-21T01:10:11","slug":"elina-gustafssonilla-rankkoja-kokemuksia-avautuu-niista-nyt","status":"publish","type":"post","link":"https:\/\/www.europesays.com\/fi\/95714\/","title":{"rendered":"Elina Gustafssonilla rankkoja kokemuksia \u2013 avautuu niist\u00e4 nyt"},"content":{"rendered":"<p>Ex-nyrkkeilij\u00e4 <strong>Elina Gustafsson<\/strong> erosi vuoden alussa naisyst\u00e4v\u00e4st\u00e4\u00e4n <strong>Ansku Bergstr\u00f6mist\u00e4<\/strong>. Vuoteen on mahtunut Elinan mukaan paljon muitakin rankkoja kokemuksia. H\u00e4n kertoo niist\u00e4 nyt.<\/p>\n<p>\u2013 T\u00e4\u00e4 kiinalaisen astrologian k\u00e4\u00e4rmeen vuosi on todella ollut k\u00e4\u00e4rmeen vuosi meik\u00e4l\u00e4iselle nahan luomista uudelleen, syvien tunteiden ja ajatusten esiin nostamista, k\u00e4rsiv\u00e4llisyytt\u00e4 ja kaikkee v\u00e4h\u00e4n raskasta, kirjoittaa Elina.<\/p>\n<p>Lue my\u00f6s: <a href=\"https:\/\/www.como.fi\/uutiset\/elina-gustafsson-sekoili-tampereella-kertoo-syyn\/\" title=\"Elina Gustafsson \u201dsekoili\u201d Tampereella \u2013 kertoo syyn\" class=\"underline-custom !font-montserrat !font-bold !underline-offset-4 !decoration-4 !decoration-red-600 !text-md\" rel=\"nofollow noopener\" target=\"_blank\">Elina Gustafsson \u201dsekoili\u201d Tampereella \u2013 kertoo syyn<\/a><\/p>\n<p>Lue my\u00f6s: <a href=\"https:\/\/www.como.fi\/uutiset\/elina-gustafsson-muistelee-mennytta-oli-sopivasti-kiukkuinen\/\" title=\"Elina Gustafsson muistelee mennytt\u00e4 \u2013 oli sopivasti kiukkuinen\" class=\"underline-custom !font-montserrat !font-bold !underline-offset-4 !decoration-4 !decoration-red-600 !text-md\" rel=\"nofollow noopener\" target=\"_blank\">Elina Gustafsson muistelee mennytt\u00e4 \u2013 oli sopivasti kiukkuinen<\/a><\/p>\n<p>Elinan nyt kertomat rankat asiat eiv\u00e4t liity alkuvuoteen, vaan ovat tuoreempia tapauksia.<\/p>\n<p>\u2013 El\u00e4m\u00e4 on testannu mua monella osa-alueella t\u00e4n syksyn ja oon ollut siksi alakulonen ja k\u00e4\u00e4ntynyt sis\u00e4\u00e4np\u00e4in, oon itkenyt yksin ja yst\u00e4vien kanssa, reflektoinut, uudistanut omia uskomusj\u00e4rjestelmi\u00e4 ja vahvistanut sis\u00e4ist\u00e4 puhetta, paljastaa Elina.<\/p>\n<p>Vaikka Elinalla on ollut syksyll\u00e4 rankkaa, tuntuu h\u00e4n selvinneen siit\u00e4.<\/p>\n<p>\u2013 Oon leikkinyt mun varjojen kanssa ja vaik se on tosi raskasta, niin aina se kannattaa. Nyt oon taas auki ja pilke silm\u00e4kulmassa valmis uusiin seikkailuihin<\/p>\n<p>Elina kertoo saaneensa apua koiraltaan. Koira on opettanut h\u00e4nelle muun muassa, kuinka aina on hyv\u00e4 hetki leikki\u00e4 tai rentoutua. Elinan moni julkaisu liittyy koiraan, jonka kanssa h\u00e4n viett\u00e4\u00e4 paljon aikaa muun muassa m\u00f6kill\u00e4\u00e4n.<\/p>\n<p>Jos upotus ei n\u00e4y, avaa se auki <a href=\"https:\/\/www.instagram.com\/reel\/DRPpYfsjK5k\/?utm_source=ig_web_copy_link&amp;igsh=MzRlODBiNWFlZA==\" target=\"_blank\" rel=\"noreferrer noopener nofollow\">t\u00e4st\u00e4<\/a>.<\/p>\n<p>Lue my\u00f6s: <a href=\"https:\/\/www.como.fi\/tilaa-comon-uutiskirje\/\" title=\"Tilaa Comon uutiskirje ja tied\u00e4t mist\u00e4 kahvitauolla puhutaan! Nappaa kotimaan tv-vinkit ja puheenaiheet suoraan s\u00e4hk\u00f6postiin t\u00e4st\u00e4.\" class=\"underline-custom !font-montserrat !font-bold !underline-offset-4 !decoration-4 !decoration-red-600 !text-md\" rel=\"nofollow noopener\" target=\"_blank\">Tilaa Comon uutiskirje ja tied\u00e4t mist\u00e4 kahvitauolla puhutaan! Nappaa kotimaan tv-vinkit ja puheenaiheet suoraan s\u00e4hk\u00f6postiin t\u00e4st\u00e4.<\/a><\/p>\n<p>\t\t\t\t<script async src=\"\/\/www.instagram.com\/embed.js\"><\/script><\/p>\n","protected":false},"excerpt":{"rendered":"Ex-nyrkkeilij\u00e4 Elina Gustafsson erosi vuoden alussa naisyst\u00e4v\u00e4st\u00e4\u00e4n Ansku Bergstr\u00f6mist\u00e4. Vuoteen on mahtunut Elinan mukaan paljon muitakin rankkoja kokemuksia.&hellip;\n","protected":false},"author":2,"featured_media":39368,"comment_status":"","ping_status":"","sticky":false,"template":"","format":"standard","meta":{"footnotes":""},"categories":[136],"tags":[407,1874,137,33,31,30,408,32,109],"class_list":{"0":"post-95714","1":"post","2":"type-post","3":"status-publish","4":"format-standard","5":"has-post-thumbnail","7":"category-julkkikset","8":"tag-celebrities","9":"tag-elina-gustafsson","10":"tag-entertainment","11":"tag-fi","12":"tag-finland","13":"tag-finnish","14":"tag-julkkikset","15":"tag-suomi","16":"tag-viihde"},"share_on_mastodon":{"url":"https:\/\/pubeurope.com\/@fi\/115585025490824543","error":""},"_links":{"self":[{"href":"https:\/\/www.europesays.com\/fi\/wp-json\/wp\/v2\/posts\/95714","targetHints":{"allow":["GET"]}}],"collection":[{"href":"https:\/\/www.europesays.com\/fi\/wp-json\/wp\/v2\/posts"}],"about":[{"href":"https:\/\/www.europesays.com\/fi\/wp-json\/wp\/v2\/types\/post"}],"author":[{"embeddable":true,"href":"https:\/\/www.europesays.com\/fi\/wp-json\/wp\/v2\/users\/2"}],"replies":[{"embeddable":true,"href":"https:\/\/www.europesays.com\/fi\/wp-json\/wp\/v2\/comments?post=95714"}],"version-history":[{"count":0,"href":"https:\/\/www.europesays.com\/fi\/wp-json\/wp\/v2\/posts\/95714\/revisions"}],"wp:featuredmedia":[{"embeddable":true,"href":"https:\/\/www.europesays.com\/fi\/wp-json\/wp\/v2\/media\/39368"}],"wp:attachment":[{"href":"https:\/\/www.europesays.com\/fi\/wp-json\/wp\/v2\/media?parent=95714"}],"wp:term":[{"taxonomy":"category","embeddable":true,"href":"https:\/\/www.europesays.com\/fi\/wp-json\/wp\/v2\/categories?post=95714"},{"taxonomy":"post_tag","embeddable":true,"href":"https:\/\/www.europesays.com\/fi\/wp-json\/wp\/v2\/tags?post=95714"}],"curies":[{"name":"wp","href":"https:\/\/api.w.org\/{rel}","templated":true}]}}