{"id":95715,"date":"2025-11-21T01:17:12","date_gmt":"2025-11-21T01:17:12","guid":{"rendered":"https:\/\/www.europesays.com\/fi\/95715\/"},"modified":"2025-11-21T01:17:12","modified_gmt":"2025-11-21T01:17:12","slug":"marjatta-kajosmaan-kilpasisko-on-kuollut","status":"publish","type":"post","link":"https:\/\/www.europesays.com\/fi\/95715\/","title":{"rendered":"Marjatta Kajosmaan kilpasisko on kuollut"},"content":{"rendered":"<p>Alevtina Oljunina-Panarina voitti kaksi MM-kultaa ja kaksi olympiamitalia.<\/p>\n<p><img decoding=\"async\" class=\"image image-show image-preview\" src=\"https:\/\/www.europesays.com\/fi\/wp-content\/uploads\/2025\/11\/1ec945d57b557378ea4947d8504a9d724c7463aefc54d57d387b06a01878ce42.jpg\" alt=\"\"\/><img decoding=\"async\" class=\"image image-show\" src=\"https:\/\/www.europesays.com\/fi\/wp-content\/uploads\/2025\/11\/1763687830_636_1ec945d57b557378ea4947d8504a9d724c7463aefc54d57d387b06a01878ce42.jpg\" alt=\"\"\/><\/p>\n<p>Alevtina Oljunina-Panarina on kuollut. AOP<\/p>\n<p class=\"paragraph\">Neuvostoliiton hiihtot\u00e4hti <strong>Alevtina Oljunina-Panarina<\/strong> on kuollut. Ven\u00e4j\u00e4n hiihtoliitto tiedotti asiasta keskiviikkona.<\/p>\n<p class=\"paragraph\">Oljunina-Panarina nukkui pois 83-vuotiaana. Neuvostoliiton huippuhiiht\u00e4j\u00e4 voitti kaksi mitalia Sapporon olympialaisista 1972.<\/p>\n<p class=\"paragraph\">Olympiahopea tuli henkil\u00f6kohtaisella matkalla. Oljunina-Panarina sijoittui toiseksi naisten 10 kilometrill\u00e4. Oljunina kova kilpasisko <strong>Marjatta Kajosmaa<\/strong> j\u00e4i pronssille noin kahden sekunnin erolla.<\/p>\n<p class=\"paragraph\">Naisten viestiss\u00e4 Oljunina-Panarina p\u00e4\u00e4si juhlimaan kultaa. Suomen joukkueessa hiiht\u00e4neet Kajosmaa, <strong>Helena Takalo<\/strong> ja <strong>Hilkka Riihivuori<\/strong> voittivat samassa kisassa hopeaa.<\/p>\n<p class=\"paragraph\">Oljunina-Panarina ja Kajosmaa mitteliv\u00e4t paremmuudesta jo kaksi vuotta aiemmin MM-kisoissa, T\u0161ekin Vysoke Tatryssa. Oljunina-Panarina oli 10 kilometrin kisassa ykk\u00f6nen, ja Kajosmaa sijoittui toiseksi.<\/p>\n<p class=\"paragraph\">Samoissa MM-hiihdoissa Neuvostoliito naisten viestijoukkue voitti kultaa.<\/p>\n<p class=\"paragraph\">Oljunina-Panarina voitti urallaan yhdeks\u00e4n Neuvostoliiton mestaruutta.<\/p>\n<p><a href=\"https:\/\/www.iltalehti.fi\/telkku\/?utm_source=iltalehti.fi&amp;utm_medium=almainternal&amp;utm_campaign=urheilu_artikkelibanneri&amp;utm_content=banner_612_a\" rel=\"nofollow noopener\" target=\"_blank\"><img decoding=\"async\" src=\"https:\/\/www.europesays.com\/fi\/wp-content\/uploads\/2025\/08\/7ef604e47d46ca174b7df4149bd3557dbde56a86d520f8e1b2125548b0a2e03a.png\" alt=\"TV-ohjelmat t\u00e4n\u00e4\u00e4n, TV-opas\"\/><\/a><\/p>\n","protected":false},"excerpt":{"rendered":"Alevtina Oljunina-Panarina voitti kaksi MM-kultaa ja kaksi olympiamitalia. Alevtina Oljunina-Panarina on kuollut. AOP Neuvostoliiton hiihtot\u00e4hti Alevtina Oljunina-Panarina on&hellip;\n","protected":false},"author":2,"featured_media":95716,"comment_status":"","ping_status":"","sticky":false,"template":"","format":"standard","meta":{"footnotes":""},"categories":[158],"tags":[35,33,31,30,2096,41,2668,159,32,1145,160,161],"class_list":{"0":"post-95715","1":"post","2":"type-post","3":"status-publish","4":"format-standard","5":"has-post-thumbnail","7":"category-urheilu","8":"tag-24h","9":"tag-fi","10":"tag-finland","11":"tag-finnish","12":"tag-hiihtolajit","13":"tag-liikunta-ja-urheilu","14":"tag-pohjoismaiset-hiihtolajit","15":"tag-sports","16":"tag-suomi","17":"tag-talviurheilu","18":"tag-urheilu","19":"tag-urheilutapahtumat"},"share_on_mastodon":{"url":"https:\/\/pubeurope.com\/@fi\/115585053230999485","error":""},"_links":{"self":[{"href":"https:\/\/www.europesays.com\/fi\/wp-json\/wp\/v2\/posts\/95715","targetHints":{"allow":["GET"]}}],"collection":[{"href":"https:\/\/www.europesays.com\/fi\/wp-json\/wp\/v2\/posts"}],"about":[{"href":"https:\/\/www.europesays.com\/fi\/wp-json\/wp\/v2\/types\/post"}],"author":[{"embeddable":true,"href":"https:\/\/www.europesays.com\/fi\/wp-json\/wp\/v2\/users\/2"}],"replies":[{"embeddable":true,"href":"https:\/\/www.europesays.com\/fi\/wp-json\/wp\/v2\/comments?post=95715"}],"version-history":[{"count":0,"href":"https:\/\/www.europesays.com\/fi\/wp-json\/wp\/v2\/posts\/95715\/revisions"}],"wp:featuredmedia":[{"embeddable":true,"href":"https:\/\/www.europesays.com\/fi\/wp-json\/wp\/v2\/media\/95716"}],"wp:attachment":[{"href":"https:\/\/www.europesays.com\/fi\/wp-json\/wp\/v2\/media?parent=95715"}],"wp:term":[{"taxonomy":"category","embeddable":true,"href":"https:\/\/www.europesays.com\/fi\/wp-json\/wp\/v2\/categories?post=95715"},{"taxonomy":"post_tag","embeddable":true,"href":"https:\/\/www.europesays.com\/fi\/wp-json\/wp\/v2\/tags?post=95715"}],"curies":[{"name":"wp","href":"https:\/\/api.w.org\/{rel}","templated":true}]}}