{"id":95717,"date":"2025-11-21T01:18:08","date_gmt":"2025-11-21T01:18:08","guid":{"rendered":"https:\/\/www.europesays.com\/fi\/95717\/"},"modified":"2025-11-21T01:18:08","modified_gmt":"2025-11-21T01:18:08","slug":"meksikolaistaiteilija-frida-kahlon-omakuva-huutokaupattiin-ennatyshintaan-uutisia-lyhyesti","status":"publish","type":"post","link":"https:\/\/www.europesays.com\/fi\/95717\/","title":{"rendered":"Meksikolaistaiteilija Frida Kahlon omakuva huutokaupattiin enn\u00e4tyshintaan | Uutisia lyhyesti"},"content":{"rendered":"<p class=\"aw-1gybjub aw-5vja16 kEtdKx kmuxyA yle__article__paragraph\">Huutokauppasumma on historian korkein naistaitelijan ty\u00f6st\u00e4 maksettu summa.<\/p>\n<p><img decoding=\"async\" alt=\"Frida Kahlon omakuva mustalla taustalla.\" src=\"https:\/\/www.europesays.com\/fi\/wp-content\/uploads\/2025\/11\/39-1557339691fb72873ec4.jpeg\" class=\"aw-1l9m598 hKVVvP\"\/><\/p>\n<p>Avaa kuvien katselu<\/p>\n<p>Frida Kahlon omakuva El sue\u00f1o (La cama). Kuva: Kobe Li \/ AOP<\/p>\n<p class=\"aw-1gybjub aw-1p7kakr kEtdKx cEmitX yle__article__paragraph\">Tunnetun meksikolaisen taidemaalarin <strong class=\"aw-ak79eh KyCXm yle__article__strong\">Frida Kahlon<\/strong> omakuva huutokaupattiin torstaina enn\u00e4tykselliseen 54,7 miljoonan dollarin hintaan New Yorkissa. Asiasta kertoo huutokaupan j\u00e4rjest\u00e4nyt Sotheby&#8217;s.<\/p>\n<p class=\"aw-1gybjub aw-1p7kakr kEtdKx cEmitX yle__article__paragraph\">Huutokauppasumma on historian korkein naistaitelijan ty\u00f6st\u00e4 maksettu summa. Edellist\u00e4 enn\u00e4tyst\u00e4\u00e4n piti nimiss\u00e4\u00e4n yhdysvaltalaistaiteilija <strong class=\"aw-ak79eh KyCXm yle__article__strong\">Georgia O&#8217;Keeffe<\/strong>, jonka teos huutokaupattiin 44,4 miljoonalla dollarilla vuonna 2014.<\/p>\n<p class=\"aw-1gybjub aw-1p7kakr kEtdKx cEmitX yle__article__paragraph\">Huutajan henkil\u00f6llisyytt\u00e4 ei kerrottu.<\/p>\n<p class=\"aw-1gybjub aw-1p7kakr kEtdKx cEmitX yle__article__paragraph\">Vuosina 1907\u20131954 el\u00e4neen Kahlon omakuva kuuluu h\u00e4nen harvoihin teoksiinsa, jotka ovat s\u00e4ilyneet yksityisomistuksessa Meksikon ulkopuolella. Meksikossa h\u00e4nen tuotantonsa on julistettu taiteelliseksi monumentiksi.<\/p>\n<p class=\"aw-1gybjub aw-1p7kakr kEtdKx cEmitX yle__article__paragraph\">Omakuva on per\u00e4isin yksityiskokoelmasta, ja se on kelvollinen kansainv\u00e4liseen myyntiin. Maalaus oli viimeksi julkisesti esill\u00e4 1990-luvun lopulla. Sit\u00e4 on jo pyydetty tuleviin n\u00e4yttelyihin muun muassa New Yorkiin, Lontooseen ja Brysseliin.<\/p>\n<p class=\"aw-1gybjub aw-1p7kakr kEtdKx cEmitX yle__article__paragraph\">L\u00e4hteet: AFP, AP<\/p>\n","protected":false},"excerpt":{"rendered":"Huutokauppasumma on historian korkein naistaitelijan ty\u00f6st\u00e4 maksettu summa. Avaa kuvien katselu Frida Kahlon omakuva El sue\u00f1o (La cama).&hellip;\n","protected":false},"author":2,"featured_media":95718,"comment_status":"","ping_status":"","sticky":false,"template":"","format":"standard","meta":{"footnotes":""},"categories":[130],"tags":[137,33,31,30,3009,108,1013,1808,32,397,56,109],"class_list":{"0":"post-95717","1":"post","2":"type-post","3":"status-publish","4":"format-standard","5":"has-post-thumbnail","7":"category-viihde","8":"tag-entertainment","9":"tag-fi","10":"tag-finland","11":"tag-finnish","12":"tag-huutokauppa","13":"tag-kulttuuri","14":"tag-kuvataide","15":"tag-maalaustaide","16":"tag-suomi","17":"tag-taide","18":"tag-ulkomaat","19":"tag-viihde"},"share_on_mastodon":{"url":"https:\/\/pubeurope.com\/@fi\/115585057020127894","error":""},"_links":{"self":[{"href":"https:\/\/www.europesays.com\/fi\/wp-json\/wp\/v2\/posts\/95717","targetHints":{"allow":["GET"]}}],"collection":[{"href":"https:\/\/www.europesays.com\/fi\/wp-json\/wp\/v2\/posts"}],"about":[{"href":"https:\/\/www.europesays.com\/fi\/wp-json\/wp\/v2\/types\/post"}],"author":[{"embeddable":true,"href":"https:\/\/www.europesays.com\/fi\/wp-json\/wp\/v2\/users\/2"}],"replies":[{"embeddable":true,"href":"https:\/\/www.europesays.com\/fi\/wp-json\/wp\/v2\/comments?post=95717"}],"version-history":[{"count":0,"href":"https:\/\/www.europesays.com\/fi\/wp-json\/wp\/v2\/posts\/95717\/revisions"}],"wp:featuredmedia":[{"embeddable":true,"href":"https:\/\/www.europesays.com\/fi\/wp-json\/wp\/v2\/media\/95718"}],"wp:attachment":[{"href":"https:\/\/www.europesays.com\/fi\/wp-json\/wp\/v2\/media?parent=95717"}],"wp:term":[{"taxonomy":"category","embeddable":true,"href":"https:\/\/www.europesays.com\/fi\/wp-json\/wp\/v2\/categories?post=95717"},{"taxonomy":"post_tag","embeddable":true,"href":"https:\/\/www.europesays.com\/fi\/wp-json\/wp\/v2\/tags?post=95717"}],"curies":[{"name":"wp","href":"https:\/\/api.w.org\/{rel}","templated":true}]}}