{"id":9572,"date":"2025-08-18T20:04:08","date_gmt":"2025-08-18T20:04:08","guid":{"rendered":"https:\/\/www.europesays.com\/fi\/9572\/"},"modified":"2025-08-18T20:04:08","modified_gmt":"2025-08-18T20:04:08","slug":"juomavetta-ei-tarvitse-enaa-keittaa-taavetin-keskustaajaman-alueella-paikalliset","status":"publish","type":"post","link":"https:\/\/www.europesays.com\/fi\/9572\/","title":{"rendered":"Juomavett\u00e4 ei tarvitse en\u00e4\u00e4 keitt\u00e4\u00e4 Taavetin keskustaajaman alueella | Paikalliset"},"content":{"rendered":"<p>Juomavett\u00e4 ja ruuanlaittoon k\u00e4ytett\u00e4v\u00e4\u00e4 vett\u00e4 ei tarvitse en\u00e4\u00e4 keitt\u00e4\u00e4 Taavetin keskustaajaman alueella, tiedottaa Luum\u00e4en kunta.<\/p>\n<p>Kunta antoi varotoimenpiteeksi tarkoitetun juomaveden keittokehotuksen viime torstaina, kun normaaliin valvontaan kuuluvista vesin\u00e4ytteist\u00e4 l\u00f6ytyi yksitt\u00e4isi\u00e4 bakteereita. Tulosten perusteella vesi ei t\u00e4ytt\u00e4nyt juotavaksi tarkoitetun veden laatuvaatimuksia.<\/p>\n<p>Lappeenrannan seudun ymp\u00e4rist\u00f6toimen terveystarkastaja <strong>Taina Rajala<\/strong> kertoo, ett\u00e4 vedest\u00e4 l\u00f6ytyi pieni\u00e4 m\u00e4\u00e4ri\u00e4 enterokokkibakteereita, jotka eiv\u00e4t itsess\u00e4\u00e4n ole taudinaiheuttajia.<\/p>\n<p>\u2013 Mutta ne kertovat siit\u00e4, ett\u00e4 vedess\u00e4 on ollut n\u00e4ytteenottohetkell\u00e4 ep\u00e4puhtautta, Rajala sanoo.<\/p>\n<p><strong class=\"diks-storyline__impact\">Taavetin<\/strong> vesijohtoverkoston alueelta otettiin viime perjantaina uudet vesin\u00e4ytteet, joiden tulokset valmistuivat maanantaina. N\u00e4ytteiss\u00e4 ei todettu en\u00e4\u00e4 bakteereita, mink\u00e4 johdosta juomaveden keittokehotus puretaan.<\/p>\n<p>Mik\u00e4li vett\u00e4 ei ole k\u00e4ytetty kiinteist\u00f6ss\u00e4 viime aikoina, kiinteist\u00f6n putkistoja tulee huuhdella juoksuttamalla vett\u00e4 runsaasti kaikkien vesipisteiden kautta ennen veden k\u00e4ytt\u00f6\u00e4 ruoka- ja juomaveten\u00e4, kunnan tiedotteessa kehotetaan.<\/p>\n<p>Juomaveden laatu t\u00e4ytt\u00e4\u00e4 vaatimukset my\u00f6s muilla Luum\u00e4en jakeluverkon alueilla.<\/p>\n","protected":false},"excerpt":{"rendered":"Juomavett\u00e4 ja ruuanlaittoon k\u00e4ytett\u00e4v\u00e4\u00e4 vett\u00e4 ei tarvitse en\u00e4\u00e4 keitt\u00e4\u00e4 Taavetin keskustaajaman alueella, tiedottaa Luum\u00e4en kunta. Kunta antoi varotoimenpiteeksi&hellip;\n","protected":false},"author":2,"featured_media":9573,"comment_status":"","ping_status":"","sticky":false,"template":"","format":"standard","meta":{"footnotes":""},"categories":[112],"tags":[1628,33,31,30,3667,1446,2525,402,118,32,3510,119,534],"class_list":{"0":"post-9572","1":"post","2":"type-post","3":"status-publish","4":"format-standard","5":"has-post-thumbnail","7":"category-tiede","8":"tag-energia-ja-energiavarat","9":"tag-fi","10":"tag-finland","11":"tag-finnish","12":"tag-lappee","13":"tag-lappeenranta","14":"tag-luumaki","15":"tag-rakentaminen-kiinteistot","16":"tag-science","17":"tag-suomi","18":"tag-taavetti","19":"tag-tiede","20":"tag-ymparisto-ja-luonto"},"share_on_mastodon":{"url":"","error":""},"_links":{"self":[{"href":"https:\/\/www.europesays.com\/fi\/wp-json\/wp\/v2\/posts\/9572","targetHints":{"allow":["GET"]}}],"collection":[{"href":"https:\/\/www.europesays.com\/fi\/wp-json\/wp\/v2\/posts"}],"about":[{"href":"https:\/\/www.europesays.com\/fi\/wp-json\/wp\/v2\/types\/post"}],"author":[{"embeddable":true,"href":"https:\/\/www.europesays.com\/fi\/wp-json\/wp\/v2\/users\/2"}],"replies":[{"embeddable":true,"href":"https:\/\/www.europesays.com\/fi\/wp-json\/wp\/v2\/comments?post=9572"}],"version-history":[{"count":0,"href":"https:\/\/www.europesays.com\/fi\/wp-json\/wp\/v2\/posts\/9572\/revisions"}],"wp:featuredmedia":[{"embeddable":true,"href":"https:\/\/www.europesays.com\/fi\/wp-json\/wp\/v2\/media\/9573"}],"wp:attachment":[{"href":"https:\/\/www.europesays.com\/fi\/wp-json\/wp\/v2\/media?parent=9572"}],"wp:term":[{"taxonomy":"category","embeddable":true,"href":"https:\/\/www.europesays.com\/fi\/wp-json\/wp\/v2\/categories?post=9572"},{"taxonomy":"post_tag","embeddable":true,"href":"https:\/\/www.europesays.com\/fi\/wp-json\/wp\/v2\/tags?post=9572"}],"curies":[{"name":"wp","href":"https:\/\/api.w.org\/{rel}","templated":true}]}}