{"id":95721,"date":"2025-11-21T01:23:09","date_gmt":"2025-11-21T01:23:09","guid":{"rendered":"https:\/\/www.europesays.com\/fi\/95721\/"},"modified":"2025-11-21T01:23:09","modified_gmt":"2025-11-21T01:23:09","slug":"hallitukselta-40-miljoonaa-euroa-omalaakareihin-puolet-kaytettava-yrittajamalleihin-uutissuomalainen","status":"publish","type":"post","link":"https:\/\/www.europesays.com\/fi\/95721\/","title":{"rendered":"Hallitukselta 40 miljoonaa euroa omal\u00e4\u00e4k\u00e4reihin \u2013 puolet k\u00e4ytett\u00e4v\u00e4 yritt\u00e4j\u00e4malleihin | Uutissuomalainen"},"content":{"rendered":"<p>Hallitus esitt\u00e4\u00e4 40 miljoonan euron rahoitusta omal\u00e4\u00e4k\u00e4ri- ja omatiimimallien kehitt\u00e4mishankkeisiin hyvinvointialueilla.<\/p>\n<p>Esitys sis\u00e4ltyy hallituksen ensi vuoden budjettia t\u00e4ydent\u00e4v\u00e4\u00e4n esitykseen, joka annettiin eduskuntaan torstaina. Rahoitus jaettaisiin hyvinvointialueille valtionavustuksina.<\/p>\n<p>40 miljoonasta eurosta v\u00e4hint\u00e4\u00e4n puolet k\u00e4ytet\u00e4\u00e4n uusiin ammatinharjoittajamallin hankkeisiin, joissa omal\u00e4\u00e4k\u00e4rit siis ovat yritt\u00e4ji\u00e4.<\/p>\n<p>\u2013\u2009Kokemus L\u00e4nsi-Uudeltamaalta on osoittanut, ett\u00e4 se toimii hyvin. L\u00e4\u00e4k\u00e4rit ovat tyytyv\u00e4isi\u00e4, potilaat ovat tyytyv\u00e4isi\u00e4, se on kustannustehokasta ja palkitsevaa, perusteli sosiaali- ja terveysministeri Kaisa Juuso (ps.) tiedotustilaisuudessa torstaina.<\/p>\n<p>Juuson mukaan ammatinharjoittajamalli mahdollistaa l\u00e4\u00e4k\u00e4rille my\u00f6s sen, ett\u00e4 t\u00e4m\u00e4 voi valita, kuinka suuren v\u00e4kim\u00e4\u00e4r\u00e4n ottaa ja kuinka paljon ansaitsee. Juuson mukaan kannustavuuselementti on olennainen.<\/p>\n<p>\u2013\u2009Mutta on totta, ett\u00e4 meill\u00e4 on omal\u00e4\u00e4k\u00e4reit\u00e4, jotka toimivat virkasuhteessa, ja siell\u00e4kin se toimii oikein hyvin ja on tyytyv\u00e4isi\u00e4 asiakkaita. En panisi kumpaakaan nyt toisen edelle, vaan rinnakkain.<\/p>\n<p>\t\t\t\tLis\u00e4\u00e4 omal\u00e4\u00e4k\u00e4reit\u00e4 alueille<\/p>\n<p>Hallituksen mukaan omal\u00e4\u00e4k\u00e4rimallien kehitt\u00e4mist\u00e4 hidastaa muun muassa l\u00e4\u00e4k\u00e4reiden heikko saatavuus. Tarkoituksena on, ett\u00e4 lis\u00e4rahalla voidaan palkata alueilla lis\u00e4\u00e4 henkil\u00f6kuntaa.<\/p>\n<p>Hallituksella ei kuitenkaan ole arviota, kuinka monta l\u00e4\u00e4k\u00e4ri\u00e4 tai hoitajaa t\u00e4ll\u00e4 40 miljoonan euron lis\u00e4rahalla tullaan saamaan.<\/p>\n<p>\u2013\u2009Viel\u00e4 emme ole p\u00e4\u00e4sseet siihen pisteeseen, ett\u00e4 olisimme voineet laskea. Odotamme hankehakemuksia alueilta ja toivon mukaan mahdollisimman monta.<\/p>\n<p>Juuson mukaan t\u00e4ll\u00e4 hetkell\u00e4 kaikilla hyvinvointialueilla on k\u00e4yt\u00f6ss\u00e4 jonkinlainen omal\u00e4\u00e4k\u00e4ri- tai omahoitajamalli. Juuson mukaan erityisen pitk\u00e4ll\u00e4 ollaan esimerkiksi L\u00e4nsi-Uudellamaalla, Pohjois-Pohjanmaalla, Kainuussa ja Lapissa.<\/p>\n<p>Avustuksien my\u00f6nt\u00e4misess\u00e4 aiotaan hallituksen mukaan huomioida alueiden erilaiset tilanteet omal\u00e4\u00e4k\u00e4rimallien kehitt\u00e4misess\u00e4.<\/p>\n<p>\t\t\t\tSairastavuus ja kuolleisuus v\u00e4henev\u00e4t<\/p>\n<p>Omal\u00e4\u00e4k\u00e4rimalli voi tarkoittaa yksinkertaistettuna esimerkiksi sit\u00e4, ett\u00e4 tietyn alueen v\u00e4est\u00f6 jaetaan osiin, joista jokaiselle nimet\u00e4\u00e4n oma l\u00e4\u00e4k\u00e4ri. Asukkaille voidaan my\u00f6s nimet\u00e4 omia hoitajia tai laajempia tiimej\u00e4. Joillakin alueilla omal\u00e4\u00e4k\u00e4reit\u00e4 on nimetty niille, jotka tarvitsevat terveyspalveluita eniten.<\/p>\n<p>Hallitus on perustellut omal\u00e4\u00e4k\u00e4rimallin edist\u00e4mist\u00e4 sill\u00e4, ett\u00e4 se parantaa potilastyytyv\u00e4isyytt\u00e4, tukee terveydenhuollon resurssien tehokasta k\u00e4ytt\u00f6\u00e4 ja alentaa kustannuksia pitk\u00e4ll\u00e4 aikav\u00e4lill\u00e4.<\/p>\n<p>\u2013\u2009Vahva n\u00e4ytt\u00f6 osoittaa, ett\u00e4 saman yleisl\u00e4\u00e4k\u00e4rin hoitaessa potilasta hoidon laatu paranee, sairastavuus ja kuolleisuus v\u00e4henev\u00e4t merkitt\u00e4v\u00e4sti, terveydenhuollon palveluiden kokonaistarve ja kustannukset pienenev\u00e4t ja lis\u00e4ksi \u2013 ehk\u00e4 kaikkein t\u00e4rkein \u2013 potilastyytyv\u00e4isyys my\u00f6s paranee, Juuso sanoi tilaisuudessa.<\/p>\n","protected":false},"excerpt":{"rendered":"Hallitus esitt\u00e4\u00e4 40 miljoonan euron rahoitusta omal\u00e4\u00e4k\u00e4ri- ja omatiimimallien kehitt\u00e4mishankkeisiin hyvinvointialueilla. Esitys sis\u00e4ltyy hallituksen ensi vuoden budjettia t\u00e4ydent\u00e4v\u00e4\u00e4n&hellip;\n","protected":false},"author":2,"featured_media":95722,"comment_status":"","ping_status":"","sticky":false,"template":"","format":"standard","meta":{"footnotes":""},"categories":[12],"tags":[22,23,26,27,33,31,30,17,24,25,28,29,15,18,21,126,637,885,887,32,502,4855,167,19,20,16],"class_list":{"0":"post-95721","1":"post","2":"type-post","3":"status-publish","4":"format-standard","5":"has-post-thumbnail","7":"category-suomi","8":"tag-breaking-news","9":"tag-breakingnews","10":"tag-featured-news","11":"tag-featurednews","12":"tag-fi","13":"tag-finland","14":"tag-finnish","15":"tag-headlines","16":"tag-latest-news","17":"tag-latestnews","18":"tag-main-news","19":"tag-mainnews","20":"tag-news","21":"tag-otsikot","22":"tag-paauutiset","23":"tag-pohjois-pohjanmaan-maakunta","24":"tag-politiikka","25":"tag-suomen-poliittiset-puolueet","26":"tag-suomen-politiikka","27":"tag-suomi","28":"tag-terveydenhoito","29":"tag-terveydenhuolto-ja-sosiaalipalvelut","30":"tag-terveys","31":"tag-top-stories","32":"tag-topstories","33":"tag-uutiset"},"share_on_mastodon":{"url":"https:\/\/pubeurope.com\/@fi\/115585076709538524","error":""},"_links":{"self":[{"href":"https:\/\/www.europesays.com\/fi\/wp-json\/wp\/v2\/posts\/95721","targetHints":{"allow":["GET"]}}],"collection":[{"href":"https:\/\/www.europesays.com\/fi\/wp-json\/wp\/v2\/posts"}],"about":[{"href":"https:\/\/www.europesays.com\/fi\/wp-json\/wp\/v2\/types\/post"}],"author":[{"embeddable":true,"href":"https:\/\/www.europesays.com\/fi\/wp-json\/wp\/v2\/users\/2"}],"replies":[{"embeddable":true,"href":"https:\/\/www.europesays.com\/fi\/wp-json\/wp\/v2\/comments?post=95721"}],"version-history":[{"count":0,"href":"https:\/\/www.europesays.com\/fi\/wp-json\/wp\/v2\/posts\/95721\/revisions"}],"wp:featuredmedia":[{"embeddable":true,"href":"https:\/\/www.europesays.com\/fi\/wp-json\/wp\/v2\/media\/95722"}],"wp:attachment":[{"href":"https:\/\/www.europesays.com\/fi\/wp-json\/wp\/v2\/media?parent=95721"}],"wp:term":[{"taxonomy":"category","embeddable":true,"href":"https:\/\/www.europesays.com\/fi\/wp-json\/wp\/v2\/categories?post=95721"},{"taxonomy":"post_tag","embeddable":true,"href":"https:\/\/www.europesays.com\/fi\/wp-json\/wp\/v2\/tags?post=95721"}],"curies":[{"name":"wp","href":"https:\/\/api.w.org\/{rel}","templated":true}]}}