{"id":95725,"date":"2025-11-21T01:36:12","date_gmt":"2025-11-21T01:36:12","guid":{"rendered":"https:\/\/www.europesays.com\/fi\/95725\/"},"modified":"2025-11-21T01:36:12","modified_gmt":"2025-11-21T01:36:12","slug":"matti-nykasen-eveliina-tytar-unelma-toteutuu","status":"publish","type":"post","link":"https:\/\/www.europesays.com\/fi\/95725\/","title":{"rendered":"Matti Nyk\u00e4sen Eveliina-tyt\u00e4r: unelma toteutuu"},"content":{"rendered":"<p>            Pasi Murto \/ 7 P\u00e4iv\u00e4\u00e4\n        <\/p>\n<p class=\"subtitle \">Eveliina avioitui viime vuoden elokuussa.<\/p>\n<p class=\"article-content article-content-width !bg-background\">Edesmenneen m\u00e4kikotka\u00a0\u00a0tyt\u00e4r\u00a0\u00a0(o.s. ) avioitui viime vuoden elokuussa pitk\u00e4aikaisen kumppaninsa, , kanssa.<\/p>\n<p class=\"font-weight-bold m-font-weight-bold article-content article-content-width !bg-background\">Katso video \u2013 T\u00e4lt\u00e4 n\u00e4ytt\u00e4\u00e4 Matti Nyk\u00e4sen haudalla:<\/p>\n<p>&#8221;Yksi unelma toteutuu&#8221;<\/p>\n<p class=\"article-content article-content-width !bg-background\">Eveliinalla ja Vilill\u00e4 on nelivuotias tyt\u00e4r. Matti menehtyi vuonna 2019, eik\u00e4 m\u00e4kikotka siis koskaan ehtinyt tavata lapsenlastaan.<\/p>\n<p class=\"article-content article-content-width !bg-background\">Sairaanhoitajaksi opiskeleva Eveliina kertoi perheens\u00e4 mullistavasta uutisesta sosiaalisessa mediassa.<\/p>\n<p class=\"article-content article-content-width !bg-background\">Eveliina astelee videolla tyhj\u00e4ll\u00e4 tontilla ja taputtaa k\u00e4si\u00e4\u00e4n yhteen innostuneen n\u00e4k\u00f6isen\u00e4.<\/p>\n<p class=\"article-content article-content-width !bg-background\">\u2013 Viel\u00e4 n\u00e4ytt\u00e4\u00e4 v\u00e4h\u00e4n tyhj\u00e4lle&#8230; Mutta kes\u00e4ll\u00e4 2026 meid\u00e4n yksi unelma toteutuu&#8230; Ja t\u00e4ss\u00e4 paikallaa tulee olemaan meid\u00e4n uusi koti. Tuu mukaan seuraamaan talonrakennusprojektia! Eveliina kirjoittaa videolla.<\/p>\n<p class=\"article-content article-content-width !bg-background\">Eveliina kertoo, ett\u00e4 jos kaikki menee suunnitelmien mukaan, heid\u00e4n talonrakennusprojektinsa alkaa jo t\u00e4m\u00e4n vuoden puolella.<\/p>\n<p class=\"article-content article-content-width !bg-background\">\u2013 Tuun kertomaan eri vaiheista t\u00e4nne, mut voin nyt jo sanaoa, ett\u00e4 t\u00e4t\u00e4 Suomen byrokratiaa, lakeja ja s\u00e4\u00e4d\u00f6ksi\u00e4. Ei oo t\u00e4ss\u00e4k\u00e4\u00e4n kohtaa tehty t\u00e4t\u00e4 puuhailua heikkohermoisille, Eveliina toteaa.<\/p>\n<p>        <a itemprop=\"url\" href=\"https:\/\/www.seiska.fi\/urheilu\/matti-nykasen-eveliina-tytar-taytti-35-vuotta-talta-han-nayttaa-nyt\/1831567\" rel=\"nofollow noopener\" target=\"_blank\"><\/p>\n<p>\nMatin Eveliina-tyt\u00e4r t\u00e4ytti 35 vuotta\n<\/p>\n<p class=\"section-date\">\n        <strong class=\"article-section\" data-section=\"urheilu\"><br \/>\n            urheilu<br \/>\n        <\/strong><br \/>\n        12.6. 20:00\n    <\/p>\n<p>Matti Nyk\u00e4sen Eveliina-tyt\u00e4r t\u00e4ytti 35 vuotta \u2013 t\u00e4lt\u00e4 h\u00e4n n\u00e4ytt\u00e4\u00e4 nyt!\n    <\/p>\n<p itemprop=\"description\" class=\"subtitle \">\n    Eveliina meni naimisiin viime elokuussa ja vaihtoi samalla sukunimens\u00e4 M\u00e4ntykankaasta Ojalaksi.\n<\/p>\n<p>        <\/a><\/p>\n<p>Koti j\u00e4rvin\u00e4kym\u00e4ll\u00e4<\/p>\n<p class=\"article-content article-content-width !bg-background\">Perheen uusi koti rakentuu Muurameen Keski-Suomeen, jossa perhe my\u00f6s parhaillaan asuu.<\/p>\n<p class=\"article-content article-content-width !bg-background\">Eveliina laittoi Instagram-tarinoihinsa kysymysboksin, jossa seuraajat saivat esitt\u00e4\u00e4 h\u00e4nelle rakentamiseen liittyvi\u00e4 kysymyksi\u00e4.\u00a0H\u00e4nelt\u00e4 tiedustellaan, rakennetaanko tuleva koti rantatontille.<\/p>\n<p class=\"article-content article-content-width !bg-background\">\u2013 Ei oo rantatontti, mutta j\u00e4rvin\u00e4kym\u00e4 kyll\u00e4, Eveliina paljastaa.<\/p>\n<p class=\"article-content article-content-width !bg-background\">Eveliinalta tiedustellaan talonrakennusbudjettia, mutta h\u00e4n vastaa, ettei viel\u00e4 avaa sit\u00e4 sen enemp\u00e4\u00e4, mutta toteaa sen olevan &#8221;monta kultakolikkoa&#8221;.<\/p>\n<p>        <a itemprop=\"url\" href=\"https:\/\/www.seiska.fi\/katso\/vieno-aidilta-poikkeuksellisen-suorat-sanat-matti-nykasesta\/1620324\" rel=\"nofollow noopener\" target=\"_blank\"><\/p>\n<p>\nMatti Nyk\u00e4nen\n<\/p>\n<p class=\"section-date\">\n        <strong class=\"article-section\" data-section=\"katso\"><br \/>\n            katso<br \/>\n        <\/strong><br \/>\n        23.2. 06:15\n    <\/p>\n<p>Vieno-\u00e4idilt\u00e4 poikkeuksellisen suorat sanat Matti Nyk\u00e4sest\u00e4\n    <\/p>\n<p itemprop=\"description\" class=\"subtitle \">\n    Matti Nyk\u00e4nen -dokumentissa k\u00e4yd\u00e4\u00e4 l\u00e4pi m\u00e4kilegendan humalaista luonnetta ja vainoharhoja.\n<\/p>\n<p>        <\/a><\/p>\n<p class=\"article-content article-content-width !bg-background\">T\u00e4rkeimm\u00e4t muutokset nykyiseen kotiin verrattuna ovat Eveliinan mukaan lis\u00e4neli\u00f6iden lis\u00e4ksi muun muassa suurempi eteinen, p\u00e4\u00e4makuuhuoneen yhteydess\u00e4 oleva vaatehuone, tilava olokeitti\u00f6 sek\u00e4 erillinen autotalli varastotiloineen. Taloon tulee my\u00f6s suuret ikkunat, jotka tuovat valoa kotiin.<\/p>\n<p class=\"article-content article-content-width !bg-background\">Sairaanhoitajaksi opiskelevan Eveliinan Instagram-tarinoista k\u00e4y my\u00f6s ilmi, ett\u00e4 Eveliina aloitti keskiviikkona (19.11.) ty\u00f6harjoittelun kotihoidossa.<\/p>\n<p>        <a itemprop=\"url\" href=\"https:\/\/www.seiska.fi\/kotimaa\/matti-nykasen-lapsenlapsen-sydantasarkevat-sanat-enko-koskaan-tapaa-matti-pappaa\/1972656\" rel=\"nofollow noopener\" target=\"_blank\"><\/p>\n<p>\nLapsenlapsen syd\u00e4nt\u00e4s\u00e4rkev\u00e4t sanat\n<\/p>\n<p class=\"section-date\">\n        <strong class=\"article-section\" data-section=\"kotimaa\"><br \/>\n            kotimaa<br \/>\n        <\/strong><br \/>\n        25.10. 10:30\n    <\/p>\n<p>Matti Nyk\u00e4sen lapsenlapsen syd\u00e4nt\u00e4s\u00e4rkev\u00e4t sanat: &#8221;Enk\u00f6 koskaan tapaa Matti-pappaa?&#8221;\n    <\/p>\n<p itemprop=\"description\" class=\"subtitle \">\n    Matin taaperoik\u00e4inen lapsenlapsi ei koskaan p\u00e4\u00e4ssyt tapaamaan isois\u00e4\u00e4ns\u00e4.\n<\/p>\n<p>        <\/a><\/p>\n","protected":false},"excerpt":{"rendered":"Pasi Murto \/ 7 P\u00e4iv\u00e4\u00e4 Eveliina avioitui viime vuoden elokuussa. Edesmenneen m\u00e4kikotka\u00a0\u00a0tyt\u00e4r\u00a0\u00a0(o.s. ) avioitui viime vuoden elokuussa pitk\u00e4aikaisen&hellip;\n","protected":false},"author":2,"featured_media":95726,"comment_status":"","ping_status":"","sticky":false,"template":"","format":"standard","meta":{"footnotes":""},"categories":[136],"tags":[407,137,15721,33,31,30,408,18729,5126,2748,98,18728,32,18730,109],"class_list":{"0":"post-95725","1":"post","2":"type-post","3":"status-publish","4":"format-standard","5":"has-post-thumbnail","7":"category-julkkikset","8":"tag-celebrities","9":"tag-entertainment","10":"tag-eveliina-ojala","11":"tag-fi","12":"tag-finland","13":"tag-finnish","14":"tag-julkkikset","15":"tag-makikotka","16":"tag-matti-nykanen","17":"tag-muurame","18":"tag-perhe","19":"tag-sairaanhoitaja","20":"tag-suomi","21":"tag-talonrakennus","22":"tag-viihde"},"share_on_mastodon":{"url":"https:\/\/pubeurope.com\/@fi\/115585127737801018","error":""},"_links":{"self":[{"href":"https:\/\/www.europesays.com\/fi\/wp-json\/wp\/v2\/posts\/95725","targetHints":{"allow":["GET"]}}],"collection":[{"href":"https:\/\/www.europesays.com\/fi\/wp-json\/wp\/v2\/posts"}],"about":[{"href":"https:\/\/www.europesays.com\/fi\/wp-json\/wp\/v2\/types\/post"}],"author":[{"embeddable":true,"href":"https:\/\/www.europesays.com\/fi\/wp-json\/wp\/v2\/users\/2"}],"replies":[{"embeddable":true,"href":"https:\/\/www.europesays.com\/fi\/wp-json\/wp\/v2\/comments?post=95725"}],"version-history":[{"count":0,"href":"https:\/\/www.europesays.com\/fi\/wp-json\/wp\/v2\/posts\/95725\/revisions"}],"wp:featuredmedia":[{"embeddable":true,"href":"https:\/\/www.europesays.com\/fi\/wp-json\/wp\/v2\/media\/95726"}],"wp:attachment":[{"href":"https:\/\/www.europesays.com\/fi\/wp-json\/wp\/v2\/media?parent=95725"}],"wp:term":[{"taxonomy":"category","embeddable":true,"href":"https:\/\/www.europesays.com\/fi\/wp-json\/wp\/v2\/categories?post=95725"},{"taxonomy":"post_tag","embeddable":true,"href":"https:\/\/www.europesays.com\/fi\/wp-json\/wp\/v2\/tags?post=95725"}],"curies":[{"name":"wp","href":"https:\/\/api.w.org\/{rel}","templated":true}]}}