{"id":95731,"date":"2025-11-21T01:48:08","date_gmt":"2025-11-21T01:48:08","guid":{"rendered":"https:\/\/www.europesays.com\/fi\/95731\/"},"modified":"2025-11-21T01:48:08","modified_gmt":"2025-11-21T01:48:08","slug":"israel-jatkoi-gazan-pommittamista-ilta-sanomat","status":"publish","type":"post","link":"https:\/\/www.europesays.com\/fi\/95731\/","title":{"rendered":"Israel jatkoi Gazan pommittamista &#8211; Ilta-Sanomat"},"content":{"rendered":"<p>Osapuolet ovat syytelleet toisiaan aselevon rikkomisesta.<\/p>\n<p>20.11. 23:32<\/p>\n<p class=\"article-body mb-nof-24 px-nof-16\">Israelin torstaina jatkuneissa ilmaiskuissa Gazassa kuoli ainakin viisi ihmist\u00e4, kertoi gazalaissairaala.<\/p>\n<p class=\"article-body mb-nof-24 px-nof-16\">Israelin iskut ovat jatkuneet, vaikka Israelin ja Gazaa hallitsevan \u00e4\u00e4rij\u00e4rjest\u00f6 Hamasin v\u00e4linen aselepo tuli voimaan lokakuussa. Osapuolet ovat syytelleet toisiaan aselevon rikkomisesta.<\/p>\n<p class=\"article-body mb-nof-24 px-nof-16\">Keskiviikkona Israelin iskuissa Gazaan kuoli paikallisten viranomaisten mukaan l\u00e4hes 30 ihmist\u00e4. Keskiviikon iskut olivat aselevon alkamisen j\u00e4lkeisist\u00e4 iskuista tuhoisimpien joukossa.<\/p>\n<p class=\"article-body mb-nof-24 px-nof-16\">Israelin asevoimien mukaan Hamas oli avannut keskiviikkona tulen kohti israelilaisjoukkoja Gazan etel\u00e4osassa ja rikkonut n\u00e4in aseleposopimusta. Hamas on kiist\u00e4nyt Israelin syyt\u00f6kset ja tuominnut iskut vaarallisena tekona, joka voi vaarantaa aselevon.<\/p>\n","protected":false},"excerpt":{"rendered":"Osapuolet ovat syytelleet toisiaan aselevon rikkomisesta. 20.11. 23:32 Israelin torstaina jatkuneissa ilmaiskuissa Gazassa kuoli ainakin viisi ihmist\u00e4, kertoi&hellip;\n","protected":false},"author":2,"featured_media":1024,"comment_status":"","ping_status":"","sticky":false,"template":"","format":"standard","meta":{"footnotes":""},"categories":[14],"tags":[22,23,26,27,33,31,30,17,34,24,25,28,29,15,18,21,32,19,20,56,16,59,60,61],"class_list":{"0":"post-95731","1":"post","2":"type-post","3":"status-publish","4":"format-standard","5":"has-post-thumbnail","7":"category-ulkomaat","8":"tag-breaking-news","9":"tag-breakingnews","10":"tag-featured-news","11":"tag-featurednews","12":"tag-fi","13":"tag-finland","14":"tag-finnish","15":"tag-headlines","16":"tag-ilta-sanomat","17":"tag-latest-news","18":"tag-latestnews","19":"tag-main-news","20":"tag-mainnews","21":"tag-news","22":"tag-otsikot","23":"tag-paauutiset","24":"tag-suomi","25":"tag-top-stories","26":"tag-topstories","27":"tag-ulkomaat","28":"tag-uutiset","29":"tag-world","30":"tag-world-news","31":"tag-worldnews"},"share_on_mastodon":{"url":"https:\/\/pubeurope.com\/@fi\/115585174967560746","error":""},"_links":{"self":[{"href":"https:\/\/www.europesays.com\/fi\/wp-json\/wp\/v2\/posts\/95731","targetHints":{"allow":["GET"]}}],"collection":[{"href":"https:\/\/www.europesays.com\/fi\/wp-json\/wp\/v2\/posts"}],"about":[{"href":"https:\/\/www.europesays.com\/fi\/wp-json\/wp\/v2\/types\/post"}],"author":[{"embeddable":true,"href":"https:\/\/www.europesays.com\/fi\/wp-json\/wp\/v2\/users\/2"}],"replies":[{"embeddable":true,"href":"https:\/\/www.europesays.com\/fi\/wp-json\/wp\/v2\/comments?post=95731"}],"version-history":[{"count":0,"href":"https:\/\/www.europesays.com\/fi\/wp-json\/wp\/v2\/posts\/95731\/revisions"}],"wp:featuredmedia":[{"embeddable":true,"href":"https:\/\/www.europesays.com\/fi\/wp-json\/wp\/v2\/media\/1024"}],"wp:attachment":[{"href":"https:\/\/www.europesays.com\/fi\/wp-json\/wp\/v2\/media?parent=95731"}],"wp:term":[{"taxonomy":"category","embeddable":true,"href":"https:\/\/www.europesays.com\/fi\/wp-json\/wp\/v2\/categories?post=95731"},{"taxonomy":"post_tag","embeddable":true,"href":"https:\/\/www.europesays.com\/fi\/wp-json\/wp\/v2\/tags?post=95731"}],"curies":[{"name":"wp","href":"https:\/\/api.w.org\/{rel}","templated":true}]}}