{"id":95738,"date":"2025-11-21T02:02:18","date_gmt":"2025-11-21T02:02:18","guid":{"rendered":"https:\/\/www.europesays.com\/fi\/95738\/"},"modified":"2025-11-21T02:02:18","modified_gmt":"2025-11-21T02:02:18","slug":"susanna-laine-julkaisee-someen-meikkausvideoita-somekansa-jakautui-hirvea-myotahapea","status":"publish","type":"post","link":"https:\/\/www.europesays.com\/fi\/95738\/","title":{"rendered":"Susanna Laine julkaisee someen meikkausvideoita \u2013 somekansa jakautui: \u201dHirve\u00e4 my\u00f6t\u00e4h\u00e4pe\u00e4\u201d"},"content":{"rendered":"<p>Susanna Laine kommentoi nyt mielipiteit\u00e4 her\u00e4tt\u00e4neit\u00e4 somevideoitaan.<\/p>\n<p>19.11. 14:44<\/p>\n<p class=\"article-body mb-nof-24 px-nof-16\">Juontaja <a class=\"article-personlink\" href=\"https:\/\/www.is.fi\/haku\/?query=Susanna%20Laine\" rel=\"nofollow noopener\" target=\"_blank\">Susanna Laine <\/a>julkaisee sosiaaliseen mediaan humoristisia videoita, joissa h\u00e4n meikkaa ja kokkailee. Sarkastisille videoille on ominaista se, ett\u00e4 Laine puhuu v\u00e4lill\u00e4 suomea ja v\u00e4lill\u00e4 englantia.<\/p>\n<p class=\"article-body mb-nof-24 px-nof-16\">Laineen videot ovat puhuttaneet jo pitk\u00e4\u00e4n somekansaa Jodel-sovelluksessa, jossa mielipiteet ovat jakautuneet. Osa on h\u00e4mm\u00e4stellyt videoita ja kertonut katsoneensa niit\u00e4 kiusaantuneena, osa taas pit\u00e4\u00e4 videoita hauskoina.<\/p>\n<p class=\"article-body mb-nof-24 px-nof-16\">\u2013 Hirve\u00e4 my\u00f6t\u00e4h\u00e4pe\u00e4 niist\u00e4, Jodelissa kommentoidaan.<\/p>\n<p class=\"article-body mb-nof-24 px-nof-16\">\u2013 Miks jaksatte jotain my\u00f6t\u00e4h\u00e4pe\u00e4\u00e4? Se selkeesti tekee niit\u00e4 pilke silm\u00e4kulmasssa, toinen vastaa.<\/p>\n<p class=\"article-body mb-nof-24 px-nof-16\">IS kysyi Laineelta videoistaan sunnuntaina Tanssii t\u00e4htien kanssa -ohjelman studiolla. H\u00e4n kertoi, ett\u00e4 alkoi tekem\u00e4\u00e4n huumorivideoita someen noin vuosi sitten. Videot syntyv\u00e4t spontaanisti.<\/p>\n<p class=\"article-body mb-nof-24 px-nof-16\">Ensimm\u00e4isten julkaisemiensa videoiden j\u00e4lkeen h\u00e4n alkoi saada viestej\u00e4, joissa videoita kehuttiin hauskoiksi.<\/p>\n<p class=\"article-body mb-nof-24 px-nof-16\">\u2013 Olin, ett\u00e4 aijaa sep\u00e4 kiva. Olen niit\u00e4 tehnyt nyt t\u00e4ss\u00e4. En niit\u00e4 mitenk\u00e4\u00e4n mieti, Laine tuumaa.<\/p>\n<p><img decoding=\"async\" src=\"https:\/\/www.europesays.com\/fi\/wp-content\/uploads\/2025\/11\/1763355249_844_468.jpg\" alt=\"Susanna Laine poseerasi TTK-studiolla yhdess\u00e4 yst\u00e4v\u00e4ns\u00e4 Vappu Pimi\u00e4n puolison Teemu Huuhtasen kanssa.\" class=\"_Img_1rerz_1\" style=\"aspect-ratio:1.5\" loading=\"eager\"\/><\/p>\n<p class=\"article-picture-caption\">Susanna Laine poseerasi TTK-studiolla yhdess\u00e4 yst\u00e4v\u00e4ns\u00e4 Vappu Pimi\u00e4n puolison Teemu Huuhtasen kanssa. Kuva:\u00a0Paula Kaskimaa \/ IS<\/p>\n<p class=\"article-body mb-nof-24 px-nof-16\">H\u00e4n ei ole seurannut Jodel-keskustelua.<\/p>\n<p class=\"article-body mb-nof-24 px-nof-16\">\u2013 Totta kai saa olla mielipiteit\u00e4, Laine vastaa hyv\u00e4ntuulisesti.<\/p>\n<p class=\"article-body mb-nof-24 px-nof-16\">Laine lis\u00e4\u00e4, ett\u00e4 huumori on ollut h\u00e4nelle aina t\u00e4rke\u00e4\u00e4 jo lapsuudesta saakka.<\/p>\n<p class=\"article-body mb-nof-24 px-nof-16\">\u2013 Kyll\u00e4 yrit\u00e4n l\u00f6yt\u00e4\u00e4 huumoria kaikista asioista, h\u00e4n miettii.<\/p>\n<p class=\"article-body mb-nof-24 px-nof-16\">Kun Laineelta kysyy, naurattavatko videot h\u00e4nt\u00e4 itse\u00e4\u00e4n, h\u00e4n naurahtaa ja sanoo ensin, ett\u00e4 ne h\u00e4vett\u00e4v\u00e4t joskus.<\/p>\n<p class=\"article-body mb-nof-24 px-nof-16\">\u2013 Tai no ei mua h\u00e4vet\u00e4. Kyll\u00e4 m\u00e4 kannan niit\u00e4, Laine totesi ja mietti oppineensa jo ty\u00f6n puolesta siet\u00e4m\u00e4\u00e4n h\u00e4pe\u00e4\u00e4.<\/p>\n","protected":false},"excerpt":{"rendered":"Susanna Laine kommentoi nyt mielipiteit\u00e4 her\u00e4tt\u00e4neit\u00e4 somevideoitaan. 19.11. 14:44 Juontaja Susanna Laine julkaisee sosiaaliseen mediaan humoristisia videoita, joissa&hellip;\n","protected":false},"author":2,"featured_media":95739,"comment_status":"","ping_status":"","sticky":false,"template":"","format":"standard","meta":{"footnotes":""},"categories":[136],"tags":[407,137,33,31,30,34,408,32,109],"class_list":{"0":"post-95738","1":"post","2":"type-post","3":"status-publish","4":"format-standard","5":"has-post-thumbnail","7":"category-julkkikset","8":"tag-celebrities","9":"tag-entertainment","10":"tag-fi","11":"tag-finland","12":"tag-finnish","13":"tag-ilta-sanomat","14":"tag-julkkikset","15":"tag-suomi","16":"tag-viihde"},"share_on_mastodon":{"url":"https:\/\/pubeurope.com\/@fi\/115585230173863098","error":""},"_links":{"self":[{"href":"https:\/\/www.europesays.com\/fi\/wp-json\/wp\/v2\/posts\/95738","targetHints":{"allow":["GET"]}}],"collection":[{"href":"https:\/\/www.europesays.com\/fi\/wp-json\/wp\/v2\/posts"}],"about":[{"href":"https:\/\/www.europesays.com\/fi\/wp-json\/wp\/v2\/types\/post"}],"author":[{"embeddable":true,"href":"https:\/\/www.europesays.com\/fi\/wp-json\/wp\/v2\/users\/2"}],"replies":[{"embeddable":true,"href":"https:\/\/www.europesays.com\/fi\/wp-json\/wp\/v2\/comments?post=95738"}],"version-history":[{"count":0,"href":"https:\/\/www.europesays.com\/fi\/wp-json\/wp\/v2\/posts\/95738\/revisions"}],"wp:featuredmedia":[{"embeddable":true,"href":"https:\/\/www.europesays.com\/fi\/wp-json\/wp\/v2\/media\/95739"}],"wp:attachment":[{"href":"https:\/\/www.europesays.com\/fi\/wp-json\/wp\/v2\/media?parent=95738"}],"wp:term":[{"taxonomy":"category","embeddable":true,"href":"https:\/\/www.europesays.com\/fi\/wp-json\/wp\/v2\/categories?post=95738"},{"taxonomy":"post_tag","embeddable":true,"href":"https:\/\/www.europesays.com\/fi\/wp-json\/wp\/v2\/tags?post=95738"}],"curies":[{"name":"wp","href":"https:\/\/api.w.org\/{rel}","templated":true}]}}