{"id":95742,"date":"2025-11-21T02:10:11","date_gmt":"2025-11-21T02:10:11","guid":{"rendered":"https:\/\/www.europesays.com\/fi\/95742\/"},"modified":"2025-11-21T02:10:11","modified_gmt":"2025-11-21T02:10:11","slug":"miss-universum-kisa-alkoi-tama-on-suomen-tilanne","status":"publish","type":"post","link":"https:\/\/www.europesays.com\/fi\/95742\/","title":{"rendered":"Miss Universum -kisa alkoi \u2013 T\u00e4m\u00e4 on Suomen tilanne"},"content":{"rendered":"<p>Finaaliin valittiin 30 maan edustajat.<\/p>\n<p><img decoding=\"async\" class=\"image image-show image-preview\" src=\"https:\/\/www.europesays.com\/fi\/wp-content\/uploads\/2025\/11\/42aaf4ce2901f89da23af90fb56da52da301956e15700d209252df143b141e96.jpg\" alt=\"\"\/><img decoding=\"async\" class=\"image image-show\" src=\"https:\/\/www.europesays.com\/fi\/wp-content\/uploads\/2025\/11\/1761998109_539_42aaf4ce2901f89da23af90fb56da52da301956e15700d209252df143b141e96.jpg\" alt=\"\"\/><\/p>\n<p>Sarah Dzafce valittiin Miss Suomeksi syyskuussa. Timur Yilmaz<\/p>\n<p class=\"paragraph\">T\u00e4n\u00e4\u00e4n valitaan Miss Universum.<\/p>\n<p class=\"paragraph\">Suomi l\u00e4hetti kilpailuun <strong>Sarah Dzafcen<\/strong>, joka kertoi sairastuneensa alkuviikosta.<\/p>\n<p class=\"paragraph\">Esitelless\u00e4\u00e4n itsens\u00e4 ja edustamansa maan lavalla Dzafce n\u00e4ytti kuitenkin energiselt\u00e4 ja iloiselta. Suora l\u00e4hetys alkoi kolmelta y\u00f6ll\u00e4.<\/p>\n<p class=\"paragraph\">Esittelyjen j\u00e4lkeen kilpailijoita karsittiin rankalla k\u00e4dell\u00e4, sill\u00e4 lavalla ilmoitettiin 30 kisassa jatkavaa kilpailijaa.<\/p>\n<p class=\"paragraph\">Suomi ei edennyt t\u00e4ll\u00e4 kertaa top 30 -kisaajien joukkon.<\/p>\n<p class=\"paragraph\">Jatkoon edenneiden edustamat maat tai alueet ovat Intia, Guadeloupe, Kiina, Thaimaa, Dominikaaninen tasavalta, Brasilia, Ruanda, Norsunluurannikko, Kolumbia, Alankomaat, Kuuba, Bangladesh, Japani, Puerto Rico, Yhdysvallat, Meksiko, Filippiinit, Zimbabwe, Costa Rica, Malta, Chile, Kanada, Kroatia, Venezuela, Guatemala, Palestiina, Nicaragua, Ranska ja Paraguay. Lis\u00e4ksi jatkoon eteni Miss Universum Latina.<\/p>\n<p class=\"paragraph\">Kilpailun ymp\u00e4rill\u00e4 on t\u00e4n\u00e4 vuonna ollut kuohuntaa. Yksi tuomareista esimerkiksi <a href=\"https:\/\/www.iltalehti.fi\/viihdeuutiset\/41e17b2a-00ff-4bb4-9553-154427046a62\" rel=\"nofollow noopener\" target=\"_blank\">v\u00e4itti<\/a>, ett\u00e4 kisan 30 finalistia valittiin jo ennen tuomareiden \u00e4\u00e4nestyst\u00e4.<\/p>\n<p class=\"paragraph\">Miss Universum -organisaatio kiist\u00e4\u00e4 v\u00e4itteen tiukasti. Tuomari p\u00e4\u00e4tti kuitenkin j\u00e4tt\u00e4\u00e4 kisan.<\/p>\n<p class=\"paragraph\">Toinen tuomari vet\u00e4ytyi kisasta henkil\u00f6kohtaisiin syihin vedoten.<\/p>\n<p class=\"paragraph\">My\u00f6s kilpailijoita on j\u00e4tt\u00e4ytynyt kisasta pois. Islantia edustanut <strong>Helena O\u2019Connor<\/strong> ja Saksaa edustanut <strong>Diana Fast<\/strong> vet\u00e4ytyiv\u00e4t henkil\u00f6kohtaisiin syihin vedoten.<\/p>\n","protected":false},"excerpt":{"rendered":"Finaaliin valittiin 30 maan edustajat. Sarah Dzafce valittiin Miss Suomeksi syyskuussa. Timur Yilmaz T\u00e4n\u00e4\u00e4n valitaan Miss Universum. Suomi&hellip;\n","protected":false},"author":2,"featured_media":78110,"comment_status":"","ping_status":"","sticky":false,"template":"","format":"standard","meta":{"footnotes":""},"categories":[130],"tags":[35,722,3743,2110,137,33,31,30,41,923,32,109],"class_list":{"0":"post-95742","1":"post","2":"type-post","3":"status-publish","4":"format-standard","5":"has-post-thumbnail","7":"category-viihde","8":"tag-24h","9":"tag-amerikka","10":"tag-australasia","11":"tag-elamantapa-ja-vapaa-aika","12":"tag-entertainment","13":"tag-fi","14":"tag-finland","15":"tag-finnish","16":"tag-liikunta-ja-urheilu","17":"tag-matkustaminen","18":"tag-suomi","19":"tag-viihde"},"share_on_mastodon":{"url":"https:\/\/pubeurope.com\/@fi\/115585261617294146","error":""},"_links":{"self":[{"href":"https:\/\/www.europesays.com\/fi\/wp-json\/wp\/v2\/posts\/95742","targetHints":{"allow":["GET"]}}],"collection":[{"href":"https:\/\/www.europesays.com\/fi\/wp-json\/wp\/v2\/posts"}],"about":[{"href":"https:\/\/www.europesays.com\/fi\/wp-json\/wp\/v2\/types\/post"}],"author":[{"embeddable":true,"href":"https:\/\/www.europesays.com\/fi\/wp-json\/wp\/v2\/users\/2"}],"replies":[{"embeddable":true,"href":"https:\/\/www.europesays.com\/fi\/wp-json\/wp\/v2\/comments?post=95742"}],"version-history":[{"count":0,"href":"https:\/\/www.europesays.com\/fi\/wp-json\/wp\/v2\/posts\/95742\/revisions"}],"wp:featuredmedia":[{"embeddable":true,"href":"https:\/\/www.europesays.com\/fi\/wp-json\/wp\/v2\/media\/78110"}],"wp:attachment":[{"href":"https:\/\/www.europesays.com\/fi\/wp-json\/wp\/v2\/media?parent=95742"}],"wp:term":[{"taxonomy":"category","embeddable":true,"href":"https:\/\/www.europesays.com\/fi\/wp-json\/wp\/v2\/categories?post=95742"},{"taxonomy":"post_tag","embeddable":true,"href":"https:\/\/www.europesays.com\/fi\/wp-json\/wp\/v2\/tags?post=95742"}],"curies":[{"name":"wp","href":"https:\/\/api.w.org\/{rel}","templated":true}]}}