{"id":95743,"date":"2025-11-21T02:14:13","date_gmt":"2025-11-21T02:14:13","guid":{"rendered":"https:\/\/www.europesays.com\/fi\/95743\/"},"modified":"2025-11-21T02:14:13","modified_gmt":"2025-11-21T02:14:13","slug":"is-kahvi-saattaa-suojata-sydansairaudelta","status":"publish","type":"post","link":"https:\/\/www.europesays.com\/fi\/95743\/","title":{"rendered":"IS: Kahvi saattaa suojata syd\u00e4nsairaudelta"},"content":{"rendered":"<p>Yhdysvaltojen l\u00e4\u00e4k\u00e4riliiton JAMA-lehdess\u00e4 julkaistu tutkimus osoittaa, ett\u00e4 kahvia juovat eteisv\u00e4rin\u00e4potilaat saattavat s\u00e4\u00e4sty\u00e4 uusilta eteisv\u00e4rin\u00f6ilt\u00e4 muita potilaita todenn\u00e4k\u00f6isemmin, kertoo <a href=\"https:\/\/www.is.fi\/terveys\/art-2000011636665.html\" target=\"_blank\" rel=\"noreferrer noopener nofollow\">Ilta-Sanomat<\/a>.<\/p>\n<p>Jotkin tutkimukset ovat viitanneet kofeiinin olevan vaarallista osalle potilaista, mutta tuoreessa tutkimuksessa alle puolella tutkimukseen osallistuneista kahvinjuojista eteisv\u00e4rin\u00e4 tai eteislepatus uusiutui puolen vuoden seurannan aikana.<\/p>\n<p>Lue my\u00f6s: <a href=\"https:\/\/www.voice.fi\/hullu-maailma\/a-124518\" title=\"Supervahvasta kahvista tuli hitti: &quot;Juominen omalla vastuulla&quot;\" class=\"underline-custom !font-montserrat !font-bold !underline-offset-4 !decoration-4 !decoration-tilt-light !text-md\" rel=\"nofollow noopener\" target=\"_blank\">Supervahvasta kahvista tuli hitti: &#8221;Juominen omalla vastuulla&#8221;<\/a><\/p>\n<p>Lue my\u00f6s: <a href=\"https:\/\/www.voice.fi\/hullu-maailma\/a-122189\" title=\"Nerokas kahvila yhdisti suuseksin ja kahvituokion \u2013 tarjoaa palveluita vain miehille\" class=\"underline-custom !font-montserrat !font-bold !underline-offset-4 !decoration-4 !decoration-tilt-light !text-md\" rel=\"nofollow noopener\" target=\"_blank\">Nerokas kahvila yhdisti suuseksin ja kahvituokion \u2013 tarjoaa palveluita vain miehille<\/a><\/p>\n<p>Tutkimukseen osallistui 200 eteisv\u00e4rin\u00e4- tai eteislepatuspotilasta, joille oli tehty rytminsiirto. Potilaat satunnaistettiin ryhm\u00e4\u00e4n, joka lopetti kahvin ja muiden kofeiinijuomien nauttimisen, ja toinen puoli ryhm\u00e4st\u00e4 jatkoi kahvin juomista puolen vuoden ajan.<\/p>\n<p>Ennen tutkimusta kaikki osallistujat olivat nauttineet kahvia keskim\u00e4\u00e4rin seitsem\u00e4n kuppia viikossa.<\/p>\n<p>Lue my\u00f6s: <a href=\"https:\/\/www.voice.fi\/hullu-maailma\/a-81400\" title=\"Kaipaatko ekstrapotkua p\u00e4iv\u00e4\u00e4si? H\u00e4mment\u00e4v\u00e4 juomasekoitus takaa kofeiinipommin\" class=\"underline-custom !font-montserrat !font-bold !underline-offset-4 !decoration-4 !decoration-tilt-light !text-md\" rel=\"nofollow noopener\" target=\"_blank\">Kaipaatko ekstrapotkua p\u00e4iv\u00e4\u00e4si? H\u00e4mment\u00e4v\u00e4 juomasekoitus takaa kofeiinipommin<\/a><\/p>\n<p>Lue my\u00f6s: <a href=\"https:\/\/www.voice.fi\/hyvinvointi\/a-235077\" title=\"Milloin juot kahvisi? Ajankohdalla saattaa olla merkitt\u00e4v\u00e4 terveyshy\u00f6ty\" class=\"underline-custom !font-montserrat !font-bold !underline-offset-4 !decoration-4 !decoration-tilt-light !text-md\" rel=\"nofollow noopener\" target=\"_blank\">Milloin juot kahvisi? Ajankohdalla saattaa olla merkitt\u00e4v\u00e4 terveyshy\u00f6ty<\/a><\/p>\n<p>Seurantajakson aikana eteisv\u00e4rin\u00e4 tai -lepatus uusiutui 64 prosentilla kahvinjuonnin lopettaneista, kun taas kahvinjuontia jatkaneesta ryhm\u00e4st\u00e4 vaiva uusi 47 prosentilla.<\/p>\n<p>Tutkijoiden mukaan ero on merkitt\u00e4v\u00e4.<\/p>\n","protected":false},"excerpt":{"rendered":"Yhdysvaltojen l\u00e4\u00e4k\u00e4riliiton JAMA-lehdess\u00e4 julkaistu tutkimus osoittaa, ett\u00e4 kahvia juovat eteisv\u00e4rin\u00e4potilaat saattavat s\u00e4\u00e4sty\u00e4 uusilta eteisv\u00e4rin\u00f6ilt\u00e4 muita potilaita todenn\u00e4k\u00f6isemmin, kertoo&hellip;\n","protected":false},"author":2,"featured_media":95744,"comment_status":"","ping_status":"","sticky":false,"template":"","format":"standard","meta":{"footnotes":""},"categories":[14],"tags":[22,23,26,27,33,31,30,17,15399,24,25,28,29,15,18,21,32,18732,19,20,56,16,59,60,61],"class_list":{"0":"post-95743","1":"post","2":"type-post","3":"status-publish","4":"format-standard","5":"has-post-thumbnail","7":"category-ulkomaat","8":"tag-breaking-news","9":"tag-breakingnews","10":"tag-featured-news","11":"tag-featurednews","12":"tag-fi","13":"tag-finland","14":"tag-finnish","15":"tag-headlines","16":"tag-kahvi","17":"tag-latest-news","18":"tag-latestnews","19":"tag-main-news","20":"tag-mainnews","21":"tag-news","22":"tag-otsikot","23":"tag-paauutiset","24":"tag-suomi","25":"tag-sydu00e4nterveys","26":"tag-top-stories","27":"tag-topstories","28":"tag-ulkomaat","29":"tag-uutiset","30":"tag-world","31":"tag-world-news","32":"tag-worldnews"},"share_on_mastodon":{"url":"https:\/\/pubeurope.com\/@fi\/115585277293849499","error":""},"_links":{"self":[{"href":"https:\/\/www.europesays.com\/fi\/wp-json\/wp\/v2\/posts\/95743","targetHints":{"allow":["GET"]}}],"collection":[{"href":"https:\/\/www.europesays.com\/fi\/wp-json\/wp\/v2\/posts"}],"about":[{"href":"https:\/\/www.europesays.com\/fi\/wp-json\/wp\/v2\/types\/post"}],"author":[{"embeddable":true,"href":"https:\/\/www.europesays.com\/fi\/wp-json\/wp\/v2\/users\/2"}],"replies":[{"embeddable":true,"href":"https:\/\/www.europesays.com\/fi\/wp-json\/wp\/v2\/comments?post=95743"}],"version-history":[{"count":0,"href":"https:\/\/www.europesays.com\/fi\/wp-json\/wp\/v2\/posts\/95743\/revisions"}],"wp:featuredmedia":[{"embeddable":true,"href":"https:\/\/www.europesays.com\/fi\/wp-json\/wp\/v2\/media\/95744"}],"wp:attachment":[{"href":"https:\/\/www.europesays.com\/fi\/wp-json\/wp\/v2\/media?parent=95743"}],"wp:term":[{"taxonomy":"category","embeddable":true,"href":"https:\/\/www.europesays.com\/fi\/wp-json\/wp\/v2\/categories?post=95743"},{"taxonomy":"post_tag","embeddable":true,"href":"https:\/\/www.europesays.com\/fi\/wp-json\/wp\/v2\/tags?post=95743"}],"curies":[{"name":"wp","href":"https:\/\/api.w.org\/{rel}","templated":true}]}}