{"id":95761,"date":"2025-11-21T02:59:08","date_gmt":"2025-11-21T02:59:08","guid":{"rendered":"https:\/\/www.europesays.com\/fi\/95761\/"},"modified":"2025-11-21T02:59:08","modified_gmt":"2025-11-21T02:59:08","slug":"a24n-the-moment-elokuvan-traileri-julkaistu-ja-se-on-hammentavaa-nahtavaa","status":"publish","type":"post","link":"https:\/\/www.europesays.com\/fi\/95761\/","title":{"rendered":"A24:n The Moment -elokuvan traileri julkaistu &#8211; Ja se on h\u00e4mment\u00e4v\u00e4\u00e4 n\u00e4ht\u00e4v\u00e4\u00e4"},"content":{"rendered":"<p>A24-studion tuottamasta The Moment -elokuvasta julkaistiin noin puolentoista minuutin pituinen traileri.<\/p>\n<p>Elokuvan genre ei ole yksiselitteinen. Kyseess\u00e4 on \u201dmockumentti\u201d-tyyliin toteutettu \u2013 osin fiktiivinen, osin dokumentaarisia elementtej\u00e4 \u2013 sis\u00e4lt\u00e4v\u00e4 teos.<\/p>\n<p>Tarinassa seurataan nousevaa popt\u00e4hte\u00e4, joka valmistautuu uransa ensimm\u00e4iseen areenakiertueeseen.<\/p>\n<p>Lue my\u00f6s: <a href=\"https:\/\/www.episodi.fi\/uutiset\/supertahti-charli-xcx-nayttelee-ja-toimii-tuottajana-japanilaisen-kulttiohjaajan-uudessa-elokuvassa\/\" title=\"Supert\u00e4hti Charli XCX n\u00e4yttelee ja toimii tuottajana japanilaisen kulttiohjaajan uudessa elokuvassa\" class=\"underline-custom !font-montserrat !font-bold !underline-offset-4 !decoration-4 !decoration-episodi-blue !text-md\" rel=\"nofollow noopener\" target=\"_blank\">Supert\u00e4hti Charli XCX n\u00e4yttelee ja toimii tuottajana japanilaisen kulttiohjaajan uudessa elokuvassa<\/a><\/p>\n<p>Lue my\u00f6s: <a href=\"https:\/\/www.episodi.fi\/uutiset\/nyt-on-sakeaa-fantasiaa-mukana-uusi-he-man-marvel-pahis-muusikko-kauhuprinsessa-ja-star-wars-stara\/\" title=\"Nyt on sakeaa fantasiaa! \u2013 Mukana uusi He-Man, Marvel-pahis, muusikko, kauhuprinsessa ja Star Wars -stara\" class=\"underline-custom !font-montserrat !font-bold !underline-offset-4 !decoration-4 !decoration-episodi-blue !text-md\" rel=\"nofollow noopener\" target=\"_blank\">Nyt on sakeaa fantasiaa! \u2013 Mukana uusi He-Man, Marvel-pahis, muusikko, kauhuprinsessa ja Star Wars -stara<\/a><\/p>\n<p>P\u00e4\u00e4osassa n\u00e4hd\u00e4\u00e4n <strong>Charli XCX <\/strong>(Barbie, Angry Birds -elokuva). Ohjaajana toimii <strong>Aidan Zamiri<\/strong>, joka on tehnyt aiemmin mm. Charli XCX:n musiikkivideoita.<\/p>\n<p>Charli XCX:n lis\u00e4ksi leffassa n\u00e4hd\u00e4\u00e4n meritoituneita n\u00e4yttelij\u00f6it\u00e4, kuten <strong>Alexander Skarsg\u00e5rd<\/strong> ja <strong>Rosanna Arquette<\/strong>.<\/p>\n<p>The Momentin julkaisuajankohdaksi on ilmoitettu vuosi 2026.<\/p>\n<p><img loading=\"lazy\" decoding=\"async\" alt=\"YouTube video\" width=\"480\" height=\"360\" data-pin-nopin=\"true\" nopin=\"nopin\" class=\"perfmatters-lazy\" src=\"https:\/\/www.europesays.com\/fi\/wp-content\/uploads\/2025\/11\/1763693948_649_hqdefault.jpg\"\/><\/p>\n<p>Lue my\u00f6s: <a href=\"https:\/\/www.episodi.fi\/uutiskirje\/?uutiskirjemainos=tekstilinkkimainos\" title=\"Tilaa Episodin uutiskirje ja voit voittaa leffalippuja! Nappaa tv-vinkit suoraan s\u00e4hk\u00f6postiin t\u00e4st\u00e4.\" class=\"underline-custom !font-montserrat !font-bold !underline-offset-4 !decoration-4 !decoration-episodi-blue !text-md\" rel=\"nofollow noopener\" target=\"_blank\">Tilaa Episodin uutiskirje ja voit voittaa leffalippuja! Nappaa katseluvinkit suoraan s\u00e4hk\u00f6postiin t\u00e4st\u00e4.<\/a><\/p>\n<p>\t\t\t<a href=\"https:\/\/www.facebook.com\/sharer\/sharer.php?u=https:\/\/www.episodi.fi\/uutiset\/a24n-the-moment-elokuvan-traileri-julkaistu-ja-se-on-hammentavaa-nahtavaa\/\" target=\"_blank\" class=\"block px-4 py-2 text-sm text-gray-800 border-b hover:bg-gray-200\" rel=\"nofollow noopener\"><\/p>\n<p>\t\t\t\tFacebook<br \/>\n\t\t\t<\/a><br \/>\n\t\t\t<a href=\"https:\/\/twitter.com\/intent\/tweet?text=https:\/\/www.episodi.fi\/uutiset\/a24n-the-moment-elokuvan-traileri-julkaistu-ja-se-on-hammentavaa-nahtavaa\/\" target=\"_blank\" class=\"block px-4 py-2 text-sm text-gray-800 border-b hover:bg-gray-200\" rel=\"nofollow noopener\"><\/p>\n<p>\t\t\t\tTwitter<br \/>\n\t\t\t<\/a><br \/>\n\t\t\t<a href=\"mailto:?subject=A24:n The Moment -elokuvan traileri julkaistu \u2013 Ja se on h\u00e4mment\u00e4v\u00e4\u00e4 n\u00e4ht\u00e4v\u00e4\u00e4&amp;body=https:\/\/www.episodi.fi\/uutiset\/a24n-the-moment-elokuvan-traileri-julkaistu-ja-se-on-hammentavaa-nahtavaa\/\" target=\"_blank\" class=\"block px-4 py-2 text-sm text-gray-800 border-b hover:bg-gray-200\"><\/p>\n<p>\t\t\t\tS\u00e4hk\u00f6posti<\/a><\/p>\n<p>\t\t\t\t<script async src=\"https:\/\/platform.twitter.com\/widgets.js\" charset=\"utf-8\"><\/script><\/p>\n","protected":false},"excerpt":{"rendered":"A24-studion tuottamasta The Moment -elokuvasta julkaistiin noin puolentoista minuutin pituinen traileri. Elokuvan genre ei ole yksiselitteinen. Kyseess\u00e4 on&hellip;\n","protected":false},"author":2,"featured_media":95762,"comment_status":"","ping_status":"","sticky":false,"template":"","format":"standard","meta":{"footnotes":""},"categories":[131],"tags":[2890,155,137,33,173,31,30,172,32,18733,109],"class_list":{"0":"post-95761","1":"post","2":"type-post","3":"status-publish","4":"format-standard","5":"has-post-thumbnail","7":"category-elokuvat","8":"tag-a24","9":"tag-elokuvat","10":"tag-entertainment","11":"tag-fi","12":"tag-film","13":"tag-finland","14":"tag-finnish","15":"tag-movies","16":"tag-suomi","17":"tag-the-moment","18":"tag-viihde"},"share_on_mastodon":{"url":"https:\/\/pubeurope.com\/@fi\/115585454232929014","error":""},"_links":{"self":[{"href":"https:\/\/www.europesays.com\/fi\/wp-json\/wp\/v2\/posts\/95761","targetHints":{"allow":["GET"]}}],"collection":[{"href":"https:\/\/www.europesays.com\/fi\/wp-json\/wp\/v2\/posts"}],"about":[{"href":"https:\/\/www.europesays.com\/fi\/wp-json\/wp\/v2\/types\/post"}],"author":[{"embeddable":true,"href":"https:\/\/www.europesays.com\/fi\/wp-json\/wp\/v2\/users\/2"}],"replies":[{"embeddable":true,"href":"https:\/\/www.europesays.com\/fi\/wp-json\/wp\/v2\/comments?post=95761"}],"version-history":[{"count":0,"href":"https:\/\/www.europesays.com\/fi\/wp-json\/wp\/v2\/posts\/95761\/revisions"}],"wp:featuredmedia":[{"embeddable":true,"href":"https:\/\/www.europesays.com\/fi\/wp-json\/wp\/v2\/media\/95762"}],"wp:attachment":[{"href":"https:\/\/www.europesays.com\/fi\/wp-json\/wp\/v2\/media?parent=95761"}],"wp:term":[{"taxonomy":"category","embeddable":true,"href":"https:\/\/www.europesays.com\/fi\/wp-json\/wp\/v2\/categories?post=95761"},{"taxonomy":"post_tag","embeddable":true,"href":"https:\/\/www.europesays.com\/fi\/wp-json\/wp\/v2\/tags?post=95761"}],"curies":[{"name":"wp","href":"https:\/\/api.w.org\/{rel}","templated":true}]}}