{"id":95769,"date":"2025-11-21T03:07:09","date_gmt":"2025-11-21T03:07:09","guid":{"rendered":"https:\/\/www.europesays.com\/fi\/95769\/"},"modified":"2025-11-21T03:07:09","modified_gmt":"2025-11-21T03:07:09","slug":"sulo-karjalaiselle-ehdollista-vankeutta-elainten-karsimyksesta","status":"publish","type":"post","link":"https:\/\/www.europesays.com\/fi\/95769\/","title":{"rendered":"Sulo Karjalaiselle ehdollista vankeutta el\u00e4inten k\u00e4rsimyksest\u00e4"},"content":{"rendered":"<p>El\u00e4insuojelurikos|Kuusamon suurpetokeskuksen entisen toimitusjohtajan lis\u00e4ksi tuomittiin kaksi muuta miest\u00e4.<\/p>\n<p>20.11. 19:03<\/p>\n<p class=\"article-body mb-nof-24 px-nof-16\">Oulun k\u00e4r\u00e4j\u00e4oikeus tuomitsi torstaina Kuusamon suurpetokeskuksen perustajan <a class=\"article-personlink\" href=\"https:\/\/www.hs.fi\/haku\/?query=Sulo%20Karjalaisen\" rel=\"nofollow noopener\" target=\"_blank\">Sulo Karjalaisen<\/a>, 84, ehdolliseen vankeuteen el\u00e4insuojelurikoksesta.<\/p>\n<p class=\"article-body mb-nof-24 px-nof-16\">Tuomion sai my\u00f6s <a class=\"article-personlink\" href=\"https:\/\/www.hs.fi\/haku\/?query=Pasi%20Robert%20J%C3%A4ntti\" rel=\"nofollow noopener\" target=\"_blank\">Pasi Robert J\u00e4ntti<\/a>, 65, joka nousi Karjalaisen tilalle suurpetokeskuksen toimitusjohtajaksi syksyll\u00e4 2022. Kolmas tuomittu on el\u00e4inl\u00e4\u00e4k\u00e4ri, jonka kanssa yhti\u00f6ll\u00e4 oli terveydenhuoltosopimus. Heid\u00e4t tuomittiin sakkorangaistukseen el\u00e4insuojelurikoksesta.<\/p>\n<p class=\"article-body mb-nof-24 px-nof-16\">Oikeuden mukaan Karjalainen kohteli useita el\u00e4imi\u00e4 niin, ett\u00e4 niille aiheutui tarpeetonta k\u00e4rsimyst\u00e4. Suurpetokeskuksen tarhoilla oli muun muassa koirasusi, jota muut lauman j\u00e4senet purivat toistuvasti.<\/p>\n<p class=\"article-body mb-nof-24 px-nof-16\">Oikeuden mukaan Karjalaisen olisi pit\u00e4nyt toimittaa el\u00e4in el\u00e4inl\u00e4\u00e4k\u00e4riin, jotta se saisi tarvitsemaansa hoitoa. Oikeus toteaa, ett\u00e4 el\u00e4imelle aiheutui tarpeetonta k\u00e4rsimyst\u00e4 ja kipua.<\/p>\n<p class=\"article-body mb-nof-24 px-nof-16\">Syytteess\u00e4 ollut el\u00e4inl\u00e4\u00e4k\u00e4ri lopetti koirasuden sen j\u00e4lkeen, kun aluehallintovirasto (avi) velvoitti helmikuussa 2020 suurpetokeskuksen huolehtimaan heti sairaiden el\u00e4inten hoidosta. Avi puuttui suurpetokeskuksen toimintaan useita kertoja.<\/p>\n<p class=\"article-body mb-nof-24 px-nof-16\">Oikeuden mukaan kev\u00e4\u00e4ll\u00e4 2022 yksivuotiasta Aina-karhua pidettiin Karjalaisen varastohuoneessa h\u00e4kiss\u00e4, jonka pituus oli reilut puolitoista metri\u00e4 ja korkeus 0,8 metri\u00e4.<\/p>\n<p class=\"article-body mb-nof-24 px-nof-16\">H\u00e4kki oli niin matala, ett\u00e4 s\u00e4k\u00e4korkeudeltaan noin 70-senttinen karhu ei mahtunut nostamaan p\u00e4\u00e4t\u00e4\u00e4n. Oikeuden mukaan kaikki kolme miest\u00e4 tiesiv\u00e4t karhun s\u00e4ilytyspaikasta.<\/p>\n<p class=\"article-body mb-nof-24 px-nof-16\">Koska kyseess\u00e4 oli alle kuukauden ajanjakso ja karhun terveydentila todettiin terveystarkastuksissa hyv\u00e4ksi, ei oikeus pit\u00e4nyt Aina-karhun kohtelua erityisen raakana tai julmana. T\u00e4st\u00e4 huolimatta oikeus katsoi, ett\u00e4 karhulle aiheutui tarpeetonta k\u00e4rsimyst\u00e4.<\/p>\n<p class=\"article-body mb-nof-24 px-nof-16\">Lis\u00e4ksi Karjalainen s\u00e4ilytti oikeuden mukaan tarhan ulkopuolella munuaissairaudesta k\u00e4rsinytt\u00e4 ilvest\u00e4 pieness\u00e4 minkki- tai n\u00e4\u00e4t\u00e4h\u00e4kiss\u00e4 useita kuukausia. T\u00e4ss\u00e4kin tapauksessa oikeus katsoi, ett\u00e4 ilvekselle aiheutui tarpeetonta k\u00e4rsimyst\u00e4.<\/p>\n<p class=\"article-body mb-nof-24 px-nof-16\">J\u00e4ntti ja el\u00e4inl\u00e4\u00e4k\u00e4ri kiistiv\u00e4t syytteet. He eiv\u00e4t kertomansa mukaan havainneet, ett\u00e4 lauma olisi kohdellut yht\u00e4 koirasutta kaltoin.<\/p>\n<p class=\"article-body mb-nof-24 px-nof-16\">Aina-karhun h\u00e4kki ei kaksikon mukaan ollut liian pieni. He katsoivat, ett\u00e4 el\u00e4intarha-asetuksen vaatimus v\u00e4hint\u00e4\u00e4n 800 neli\u00f6metrin tarhasta koskee vain aikuisia karhuja. Heid\u00e4n mukaansa karhun pes\u00e4 on luonnostaan pieni.<\/p>\n<p class=\"article-body mb-nof-24 px-nof-16\">My\u00f6s Karjalainen kiisti syytteens\u00e4. H\u00e4nen mukaansa Aina-karhua hoidettiin lains\u00e4\u00e4d\u00e4nn\u00f6n vaatimalla tavalla. H\u00e4kiss\u00e4 ollut ilves oli h\u00e4nen mukaansa kuntoutumassa, jotta se voitaisiin palauttaa luontoon.<\/p>\n<p class=\"article-body mb-nof-24 px-nof-16\">H\u00e4n kiisti my\u00f6s syytteet siit\u00e4, ett\u00e4 el\u00e4imi\u00e4 ei olisi ruokittu asianmukaisesti tai el\u00e4inten hampaita ei olisi hoidettu. N\u00e4ilt\u00e4 osin oikeus my\u00f6s hylk\u00e4si syytteet.<\/p>\n<p class=\"article-body mb-nof-24 px-nof-16\">Kolmikkoa syytettiin my\u00f6s siit\u00e4, ett\u00e4 l\u00e4hisukua kesken\u00e4\u00e4n olevia karhuja pidettiin samassa h\u00e4kiss\u00e4 ja el\u00e4intarhassa oli syntynyt sis\u00e4siittoisia karhunpentuja. Oikeus ei kuitenkaan pit\u00e4nyt t\u00e4t\u00e4 rikoksena.<\/p>\n<p class=\"article-body mb-nof-24 px-nof-16\">Karjalainen tuomittiin el\u00e4insuojelurikoksesta kolmen kuukauden ehdolliseen vankeuteen. Karjalaista ei m\u00e4\u00e4r\u00e4tty syytt\u00e4j\u00e4n vaatimaan el\u00e4intenpitokieltoon, koska oikeus katsoi, ett\u00e4 h\u00e4n ei ole en\u00e4\u00e4 vastuullisessa asemassa suurpetokeskuksen el\u00e4inten hoidossa.<\/p>\n<p class=\"article-body mb-nof-24 px-nof-16\">J\u00e4ntti ja el\u00e4inl\u00e4\u00e4k\u00e4ri tuomittiin molemmat maksamaan 45 p\u00e4iv\u00e4sakkoa el\u00e4insuojelurikoksesta.<\/p>\n","protected":false},"excerpt":{"rendered":"El\u00e4insuojelurikos|Kuusamon suurpetokeskuksen entisen toimitusjohtajan lis\u00e4ksi tuomittiin kaksi muuta miest\u00e4. 20.11. 19:03 Oulun k\u00e4r\u00e4j\u00e4oikeus tuomitsi torstaina Kuusamon suurpetokeskuksen perustajan&hellip;\n","protected":false},"author":2,"featured_media":95770,"comment_status":"","ping_status":"","sticky":false,"template":"","format":"standard","meta":{"footnotes":""},"categories":[12],"tags":[22,23,26,27,33,31,30,17,46,24,25,28,29,15,18,21,32,19,20,16],"class_list":{"0":"post-95769","1":"post","2":"type-post","3":"status-publish","4":"format-standard","5":"has-post-thumbnail","7":"category-suomi","8":"tag-breaking-news","9":"tag-breakingnews","10":"tag-featured-news","11":"tag-featurednews","12":"tag-fi","13":"tag-finland","14":"tag-finnish","15":"tag-headlines","16":"tag-helsingin-sanomat","17":"tag-latest-news","18":"tag-latestnews","19":"tag-main-news","20":"tag-mainnews","21":"tag-news","22":"tag-otsikot","23":"tag-paauutiset","24":"tag-suomi","25":"tag-top-stories","26":"tag-topstories","27":"tag-uutiset"},"share_on_mastodon":{"url":"https:\/\/pubeurope.com\/@fi\/115585485691420061","error":""},"_links":{"self":[{"href":"https:\/\/www.europesays.com\/fi\/wp-json\/wp\/v2\/posts\/95769","targetHints":{"allow":["GET"]}}],"collection":[{"href":"https:\/\/www.europesays.com\/fi\/wp-json\/wp\/v2\/posts"}],"about":[{"href":"https:\/\/www.europesays.com\/fi\/wp-json\/wp\/v2\/types\/post"}],"author":[{"embeddable":true,"href":"https:\/\/www.europesays.com\/fi\/wp-json\/wp\/v2\/users\/2"}],"replies":[{"embeddable":true,"href":"https:\/\/www.europesays.com\/fi\/wp-json\/wp\/v2\/comments?post=95769"}],"version-history":[{"count":0,"href":"https:\/\/www.europesays.com\/fi\/wp-json\/wp\/v2\/posts\/95769\/revisions"}],"wp:featuredmedia":[{"embeddable":true,"href":"https:\/\/www.europesays.com\/fi\/wp-json\/wp\/v2\/media\/95770"}],"wp:attachment":[{"href":"https:\/\/www.europesays.com\/fi\/wp-json\/wp\/v2\/media?parent=95769"}],"wp:term":[{"taxonomy":"category","embeddable":true,"href":"https:\/\/www.europesays.com\/fi\/wp-json\/wp\/v2\/categories?post=95769"},{"taxonomy":"post_tag","embeddable":true,"href":"https:\/\/www.europesays.com\/fi\/wp-json\/wp\/v2\/tags?post=95769"}],"curies":[{"name":"wp","href":"https:\/\/api.w.org\/{rel}","templated":true}]}}