{"id":95775,"date":"2025-11-21T03:27:08","date_gmt":"2025-11-21T03:27:08","guid":{"rendered":"https:\/\/www.europesays.com\/fi\/95775\/"},"modified":"2025-11-21T03:27:08","modified_gmt":"2025-11-21T03:27:08","slug":"sm-liigatahti-jakoi-toimittajan-nakemyksen-se-pitaa-ihan-paikkansa","status":"publish","type":"post","link":"https:\/\/www.europesays.com\/fi\/95775\/","title":{"rendered":"SM-liigat\u00e4hti jakoi toimittajan n\u00e4kemyksen: &#8221;Se pit\u00e4\u00e4 ihan paikkansa&#8221;"},"content":{"rendered":"<p>Lahden Pelicansilla on ollut vaikea kausi j\u00e4\u00e4kiekon SM-liigassa.<\/p>\n<p>Torstaina joukkue sai kuitenkin maistuvan onnistumisen Lappeenrannasta, kun Pelicans kaatoi SaiPan maalein 3-2 jatkoajalla.<\/p>\n<p>Pelicans tasoitti pelin loppuhetkill\u00e4 ja iski nopeasti ratkaisun jatkoajalla. Molemmista maaleista vastasi kauden ensimm\u00e4iset osumansa viimeistellyt <strong>Miro V\u00e4\u00e4n\u00e4nen<\/strong>.<\/p>\n<p>Lahtelaisten otteet ovat olleet ajoittain ihan kelvollisia, puolustuspelaaminen on ollut hyv\u00e4\u00e4, mutta maalinteko on t\u00f6kkinyt.<\/p>\n<p>\u2013 Se pit\u00e4\u00e4 kyll\u00e4 ihan paikkaansa, Pelicans-t\u00e4hti <strong>Elias Vil\u00e9n<\/strong> my\u00f6nsi <a href=\"http:\/\/atleetti.fi\" data-type=\"link\" data-id=\"atleetti.fi\" rel=\"noopener nofollow\" target=\"_blank\">Atleetin<\/a> <strong>Ilkka L\u00f6tj\u00f6sen<\/strong> haastattelussa.<\/p>\n<p>\u2013 Olemme mielest\u00e4ni luoneet maalipaikkoja ihan riitt\u00e4v\u00e4sti, mutta ei ole saatu vain maaleja. Sen kanssa on ollut aika haastavaa, mutta toivotaan nyt, ett\u00e4 se siit\u00e4 aukeaa. T\u00e4n\u00e4\u00e4n oli sill\u00e4kin saralla hyvi\u00e4 onnistumisia, Vil\u00e9n sanoi.<\/p>\n<p>Voitto oli Pelicansille todella t\u00e4rke\u00e4, sill\u00e4 se katkaisi joukkueen kolmen ottelun mittaisen tappioputken.<\/p>\n<blockquote class=\"instagram-media\" data-instgrm-captioned=\"\" data-instgrm-permalink=\"https:\/\/www.instagram.com\/reel\/DRSoj30COZx\/?utm_source=ig_embed&amp;utm_campaign=loading\" data-instgrm-version=\"14\" style=\" background:#FFF; border:0; border-radius:3px; box-shadow:0 0 1px 0 rgba(0,0,0,0.5),0 1px 10px 0 rgba(0,0,0,0.15); margin: 1px; max-width:540px; min-width:326px; padding:0; width:99.375%; width:-webkit-calc(100% - 2px); width:calc(100% - 2px);\"\/>\n<p><strong>LUE MY\u00d6S:\u00a0<a href=\"https:\/\/siniviiva.fi\/analyysit\/analyysi-suomalaiset-loistaa-chlssa-tasta-se-johtuu\/\" target=\"_blank\" rel=\"nofollow noopener\">Analyysi: Suomalaiset loistavat CHL:ss\u00e4 \u2013 t\u00e4st\u00e4 se johtuu (Siniviiva.fi) <\/a><\/strong><\/p>\n<p><script async src=\"\/\/www.instagram.com\/embed.js\"><\/script><\/p>\n","protected":false},"excerpt":{"rendered":"Lahden Pelicansilla on ollut vaikea kausi j\u00e4\u00e4kiekon SM-liigassa. Torstaina joukkue sai kuitenkin maistuvan onnistumisen Lappeenrannasta, kun Pelicans kaatoi&hellip;\n","protected":false},"author":2,"featured_media":95776,"comment_status":"","ping_status":"","sticky":false,"template":"","format":"standard","meta":{"footnotes":""},"categories":[158],"tags":[33,31,30,159,32,160],"class_list":{"0":"post-95775","1":"post","2":"type-post","3":"status-publish","4":"format-standard","5":"has-post-thumbnail","7":"category-urheilu","8":"tag-fi","9":"tag-finland","10":"tag-finnish","11":"tag-sports","12":"tag-suomi","13":"tag-urheilu"},"share_on_mastodon":{"url":"https:\/\/pubeurope.com\/@fi\/115585564293364853","error":""},"_links":{"self":[{"href":"https:\/\/www.europesays.com\/fi\/wp-json\/wp\/v2\/posts\/95775","targetHints":{"allow":["GET"]}}],"collection":[{"href":"https:\/\/www.europesays.com\/fi\/wp-json\/wp\/v2\/posts"}],"about":[{"href":"https:\/\/www.europesays.com\/fi\/wp-json\/wp\/v2\/types\/post"}],"author":[{"embeddable":true,"href":"https:\/\/www.europesays.com\/fi\/wp-json\/wp\/v2\/users\/2"}],"replies":[{"embeddable":true,"href":"https:\/\/www.europesays.com\/fi\/wp-json\/wp\/v2\/comments?post=95775"}],"version-history":[{"count":0,"href":"https:\/\/www.europesays.com\/fi\/wp-json\/wp\/v2\/posts\/95775\/revisions"}],"wp:featuredmedia":[{"embeddable":true,"href":"https:\/\/www.europesays.com\/fi\/wp-json\/wp\/v2\/media\/95776"}],"wp:attachment":[{"href":"https:\/\/www.europesays.com\/fi\/wp-json\/wp\/v2\/media?parent=95775"}],"wp:term":[{"taxonomy":"category","embeddable":true,"href":"https:\/\/www.europesays.com\/fi\/wp-json\/wp\/v2\/categories?post=95775"},{"taxonomy":"post_tag","embeddable":true,"href":"https:\/\/www.europesays.com\/fi\/wp-json\/wp\/v2\/tags?post=95775"}],"curies":[{"name":"wp","href":"https:\/\/api.w.org\/{rel}","templated":true}]}}