{"id":95781,"date":"2025-11-21T03:33:11","date_gmt":"2025-11-21T03:33:11","guid":{"rendered":"https:\/\/www.europesays.com\/fi\/95781\/"},"modified":"2025-11-21T03:33:11","modified_gmt":"2025-11-21T03:33:11","slug":"kuollut-jyrsija-paatyi-paivakotilasten-ruokaan-nyt-tuli-testitulos","status":"publish","type":"post","link":"https:\/\/www.europesays.com\/fi\/95781\/","title":{"rendered":"Kuollut jyrsij\u00e4 p\u00e4\u00e4tyi p\u00e4iv\u00e4kotilasten ruokaan \u2013 Nyt tuli testitulos"},"content":{"rendered":"<p>Peltomyyr\u00e4t voivat levitt\u00e4\u00e4 esimerkiksi j\u00e4nisruttoa ja yersinia-bakteereita. Oulun tapauksesta saatiin kuitenkin torstaina huojentava tieto.<\/p>\n<p><img decoding=\"async\" class=\"image image-show image-preview\" src=\"https:\/\/www.europesays.com\/fi\/wp-content\/uploads\/2025\/11\/6d48d71c844a8324c48f0281518fd5e118f511fc74dc7c6e5c6bbfe9a2136a53.jpg\" alt=\"\"\/><img decoding=\"async\" class=\"image image-show\" src=\"https:\/\/www.europesays.com\/fi\/wp-content\/uploads\/2025\/11\/1763695991_309_6d48d71c844a8324c48f0281518fd5e118f511fc74dc7c6e5c6bbfe9a2136a53.jpg\" alt=\"\"\/><\/p>\n<p>Jyrsij\u00e4 l\u00f6ytyi keitetyn pastan seasta. Kuvituskuva. Adobe Stock \/ AOP<\/p>\n<p class=\"paragraph\">Karkeasti arvioituna noin parikymment\u00e4 ihmist\u00e4 ehti sy\u00f6d\u00e4 myyr\u00e4ll\u00e4 maustettua pastaruokaa Hoivatien erityisyksik\u00f6ss\u00e4 maanantaina.<\/p>\n<p class=\"paragraph\">Hoivatien palvelujohtaja <strong>Riitta R\u00e4m\u00f6<\/strong> kertoo, ett\u00e4 ruokailu oli jo ohi, kun tieto peltomyyr\u00e4st\u00e4 saavutti yksik\u00f6n.<\/p>\n<p class=\"paragraph\">Oulun kaupunki <a href=\"https:\/\/www.ouka.fi\/uutiset\/aseman-paivakodin-ruoasta-loytyi-hiiri\" target=\"_blank\" rel=\"noopener nofollow\">tiedotti<\/a> maanantaina, ett\u00e4 Aseman p\u00e4iv\u00e4kodissa tarjoillusta ruoasta l\u00f6ytyi <a href=\"https:\/\/www.iltalehti.fi\/kotimaa\/b72bd2ba-4db8-4af5-a49e-ef73a6bc3f95\" rel=\"nofollow noopener\" target=\"_blank\">kuollut hiiri<\/a>. My\u00f6hemmin k\u00e4vi ilmi, ett\u00e4 kyseess\u00e4 oli peltomyyr\u00e4. Ruoka poistettiin tarjoilusta heti sen l\u00f6ydytty\u00e4. Torstaina Oulun kaupunki <a href=\"https:\/\/www.ouka.fi\/uutiset\/paivakotiruoasta-valmistuneista-laboratoriotutkimuksista-ei-loytynyt-taudinaiheuttajia\" target=\"_blank\" rel=\"noopener nofollow\">tiedotti<\/a>, ett\u00e4 laboratoriokokeissa ruoasta ei ole l\u00f6ytynyt taudinaiheuttajia.<\/p>\n<p class=\"paragraph\">Kaupungin tiedotteen mukaan ruokaa ehdittiin tarjoilla yhteens\u00e4 59 henkil\u00f6lle.<\/p>\n<p class=\"paragraph\">Ruokaer\u00e4, josta el\u00e4in l\u00f6ytyi, kuljetettiin p\u00e4iv\u00e4kodin lis\u00e4ksi Toimintakeskus Tsemppiin sek\u00e4 Hoivatien erityisyksikk\u00f6\u00f6n. ISS palvelujen tuottama ruoka valmistettiin Haukiputaan yhten\u00e4iskoululla.<\/p>\n<p class=\"paragraph\">Oulun kaupungin mukaan ruoasta toimitettiin n\u00e4ytteet ymp\u00e4rist\u00f6terveydenhuollon tutkittavaksi.<\/p>\n<p class=\"paragraph\">\u2013 Mielest\u00e4ni Oulun kaupunki on hyvin tiedottanut asiasta. Me olemme olleet tyytyv\u00e4isi\u00e4 heid\u00e4n toimintaansa ja uskon, ett\u00e4 he katsovat prosessinsa kuntoon, sanoi Hoivatien palvelujohtaja <strong>Riitta R\u00e4m\u00f6<\/strong> Iltalehdelle tiistaina.<\/p>\n<p class=\"paragraph\">R\u00e4m\u00f6n mukaan kenellek\u00e4\u00e4n ei ollut Hoivatien erityisyksik\u00f6ss\u00e4 tullut ruuasta oireita tiistaihin menness\u00e4. H\u00e4nen mukaansa kaikkia ruokailijoita oli pyydetty ilmoittamaan heti, jos he huomaisivat sellaisia.<\/p>\n<p>Ruokaviraston mukaan tuhoel\u00e4inten ehk\u00e4isyss\u00e4 on t\u00e4rke\u00e4\u00e4 pit\u00e4\u00e4 huolta muun muassa tilojen siisteydest\u00e4, tuotteiden suojaamisesta suljetuin pakkauksin sek\u00e4 saapuvan tavaran tarkastamisesta. Kuvituskuva. Adobe Stock \/ AOP<\/p>\n<p>Mahdolliset terveyshaitat<\/p>\n<p class=\"paragraph\">Myyr\u00e4 oli Oulun kaupungin mukaan p\u00e4\u00e4tynyt suurkeitti\u00f6lle kypsent\u00e4m\u00e4tt\u00f6m\u00e4n pastan mukana ja ilmeisesti keitetty sen mukana, sill\u00e4 myyr\u00e4 l\u00f6ytyi ruoan tarjoilun yhteydess\u00e4. Oulun kaupungin <a href=\"https:\/\/www.ouka.fi\/uutiset\/aseman-paivakodin-ruoasta-loytyi-hiiri\" target=\"_blank\" rel=\"noopener nofollow\">tiedotteessa<\/a> kerrottiin maanantaina, ett\u00e4 pasta keitettiin sata-asteisessa vedess\u00e4.<\/p>\n<p class=\"paragraph\">Helsingin yliopiston l\u00e4\u00e4ketieteellisen tiedekunnan virologian osaston professori <strong>Olli Vapalahti<\/strong> kertoo, ett\u00e4 peltomyyr\u00e4 ei levit\u00e4 myyr\u00e4kuumetta, toisin kuin mets\u00e4myyr\u00e4.<\/p>\n<p class=\"paragraph\">Peltomyyr\u00e4 voi kuitenkin tartuttaa ihmiseen j\u00e4nisruttoa, joka saattaa oireilla ihmiseen tarttuessaan korkeana kuumeena ja turvonneina imusolmukkeina. J\u00e4nisruttoa hoidetaan antibiooteilla. Mahdollinen on periaatteessa my\u00f6s yersinia-bakteeri, joka aiheuttaa ihmiselle ripulia.<\/p>\n<p class=\"paragraph\">\u2013 Paljon on kiinni kuitenkin ruoan valmistuksesta. Jos ruoka, jossa myyr\u00e4 on ollut, on reilusti kuumennettu tai keitetty, mikrobihaitat ovat onneksi ep\u00e4todenn\u00e4k\u00f6isi\u00e4, Vapalahti sanoo.<\/p>\n","protected":false},"excerpt":{"rendered":"Peltomyyr\u00e4t voivat levitt\u00e4\u00e4 esimerkiksi j\u00e4nisruttoa ja yersinia-bakteereita. Oulun tapauksesta saatiin kuitenkin torstaina huojentava tieto. Jyrsij\u00e4 l\u00f6ytyi keitetyn pastan&hellip;\n","protected":false},"author":2,"featured_media":95782,"comment_status":"","ping_status":"","sticky":false,"template":"","format":"standard","meta":{"footnotes":""},"categories":[12],"tags":[35,22,23,404,26,27,33,31,30,17,24,25,72,28,29,15,18,21,900,591,32,19,20,16,534],"class_list":{"0":"post-95781","1":"post","2":"type-post","3":"status-publish","4":"format-standard","5":"has-post-thumbnail","7":"category-suomi","8":"tag-24h","9":"tag-breaking-news","10":"tag-breakingnews","11":"tag-elaimet","12":"tag-featured-news","13":"tag-featurednews","14":"tag-fi","15":"tag-finland","16":"tag-finnish","17":"tag-headlines","18":"tag-latest-news","19":"tag-latestnews","20":"tag-luonto","21":"tag-main-news","22":"tag-mainnews","23":"tag-news","24":"tag-otsikot","25":"tag-paauutiset","26":"tag-ruoka","27":"tag-selkarankaiset","28":"tag-suomi","29":"tag-top-stories","30":"tag-topstories","31":"tag-uutiset","32":"tag-ymparisto-ja-luonto"},"share_on_mastodon":{"url":"https:\/\/pubeurope.com\/@fi\/115585588092454745","error":""},"_links":{"self":[{"href":"https:\/\/www.europesays.com\/fi\/wp-json\/wp\/v2\/posts\/95781","targetHints":{"allow":["GET"]}}],"collection":[{"href":"https:\/\/www.europesays.com\/fi\/wp-json\/wp\/v2\/posts"}],"about":[{"href":"https:\/\/www.europesays.com\/fi\/wp-json\/wp\/v2\/types\/post"}],"author":[{"embeddable":true,"href":"https:\/\/www.europesays.com\/fi\/wp-json\/wp\/v2\/users\/2"}],"replies":[{"embeddable":true,"href":"https:\/\/www.europesays.com\/fi\/wp-json\/wp\/v2\/comments?post=95781"}],"version-history":[{"count":0,"href":"https:\/\/www.europesays.com\/fi\/wp-json\/wp\/v2\/posts\/95781\/revisions"}],"wp:featuredmedia":[{"embeddable":true,"href":"https:\/\/www.europesays.com\/fi\/wp-json\/wp\/v2\/media\/95782"}],"wp:attachment":[{"href":"https:\/\/www.europesays.com\/fi\/wp-json\/wp\/v2\/media?parent=95781"}],"wp:term":[{"taxonomy":"category","embeddable":true,"href":"https:\/\/www.europesays.com\/fi\/wp-json\/wp\/v2\/categories?post=95781"},{"taxonomy":"post_tag","embeddable":true,"href":"https:\/\/www.europesays.com\/fi\/wp-json\/wp\/v2\/tags?post=95781"}],"curies":[{"name":"wp","href":"https:\/\/api.w.org\/{rel}","templated":true}]}}