{"id":95795,"date":"2025-11-21T04:00:14","date_gmt":"2025-11-21T04:00:14","guid":{"rendered":"https:\/\/www.europesays.com\/fi\/95795\/"},"modified":"2025-11-21T04:00:14","modified_gmt":"2025-11-21T04:00:14","slug":"poliitikot-tyrmaavat-s-ryhman-paatoksen-luopua-israelilaistuotteista-aikanaan-ss-market-oli-vitsi-mutta-ei-nakojaan-enaa-kotimaa","status":"publish","type":"post","link":"https:\/\/www.europesays.com\/fi\/95795\/","title":{"rendered":"Poliitikot tyrm\u00e4\u00e4v\u00e4t S-ryhm\u00e4n p\u00e4\u00e4t\u00f6ksen luopua israelilaistuotteista: \u201dAikanaan SS-market oli vitsi, mutta ei n\u00e4k\u00f6j\u00e4\u00e4n en\u00e4\u00e4\u201d | Kotimaa"},"content":{"rendered":"<p class=\"aw-1gybjub aw-5vja16 kEtdKx kmuxyA yle__article__paragraph\">Lidl ei t\u00e4ll\u00e4 hetkell\u00e4 myy israelilaisia tuotteita. K-kaupoissa tuotteita myyd\u00e4\u00e4n yh\u00e4. <\/p>\n<p><img decoding=\"async\" alt=\"Etel\u00e4-Pohjanmaan osuuskauppa Eepeen S-market Alavudella.\" src=\"https:\/\/www.europesays.com\/fi\/wp-content\/uploads\/2025\/11\/39-1408565678df0d1dd4ef.jpeg\" class=\"aw-1l9m598 hKVVvP\"\/><\/p>\n<p>Avaa kuvien katselu<\/p>\n<p>S-ryhm\u00e4n valikoimasta poistuu muun muassa israelilaista alkuper\u00e4\u00e4 olevia hedelmi\u00e4. Kuva: Hanne Leiwo \/ Yle<\/p>\n<p class=\"aw-1gybjub aw-1p7kakr kEtdKx cEmitX yle__article__paragraph\">S-ryhm\u00e4n p\u00e4\u00e4t\u00f6s poistaa israelilaiset tuotteet kaupoista on her\u00e4tt\u00e4nyt keskustelua.<\/p>\n<p class=\"aw-1gybjub aw-1p7kakr kEtdKx cEmitX yle__article__paragraph\">P\u00e4\u00e4t\u00f6st\u00e4 ovat kritisoineet muun muassa perussuomalaisten <strong class=\"aw-ak79eh KyCXm yle__article__strong\">Sebastian Tynkkynen<\/strong> ja <strong class=\"aw-ak79eh KyCXm yle__article__strong\">Wille Rydman<\/strong> sek\u00e4 kristillisdemokraattien <strong class=\"aw-ak79eh KyCXm yle__article__strong\">P\u00e4ivi R\u00e4s\u00e4nen<\/strong>.<\/p>\n<p class=\"aw-1gybjub aw-1p7kakr kEtdKx cEmitX yle__article__paragraph\">Tynkkynen kirjoittaa viestipalvelu X:ss\u00e4, ett\u00e4 S-ryhm\u00e4n p\u00e4\u00e4t\u00f6s on verrattavissa vasemmistolaiseen aktivismiin.<\/p>\n<p class=\"aw-1gybjub aw-1p7kakr kEtdKx cEmitX yle__article__paragraph\">\u2013 Kaupan teht\u00e4v\u00e4 on palvella asiakkaitansa, ei s\u00e4nn\u00e4t\u00e4 yksitt\u00e4isten p\u00e4\u00e4tt\u00e4vien tahojen poliittisten intohimojen tahtiin, Tynkkynen kirjoittaa.<\/p>\n<p class=\"aw-1gybjub aw-1p7kakr kEtdKx cEmitX yle__article__paragraph\">Tynkkynen viittaa my\u00f6s toisessa julkaisussaan natsi-Saksan SS-joukkoihin.<\/p>\n<p class=\"aw-1gybjub aw-1p7kakr kEtdKx cEmitX yle__article__paragraph\">My\u00f6s Rydman ja R\u00e4s\u00e4nen viittaavat julkaisuissaan natsi-Saksaan.<\/p>\n<p class=\"aw-1gybjub aw-1p7kakr kEtdKx cEmitX yle__article__paragraph\">\u2013 Aikanaan SS-market oli vitsi, mutta ei n\u00e4k\u00f6j\u00e4\u00e4n en\u00e4\u00e4. Nyt Alepat ja Prismat ovat sitten israelilaistuoteboikotillaan taatusti judenfrei, kirjoittaa Rydman.<\/p>\n<p class=\"aw-1gybjub aw-1p7kakr kEtdKx cEmitX yle__article__paragraph\">\u2013 Kev\u00e4\u00e4ll\u00e4 1933 Saksassa NSDAP julkaisi vaatimuksen toteuttaa \u201dj\u00e4rjestelm\u00e4llisesti juutalaisten kauppojen, juutalaisten tavaroiden, juutalaisten l\u00e4\u00e4k\u00e4reiden ja juutalaisten lakimiesten boikotti.\u201d, R\u00e4s\u00e4nen puolestaan kirjoittaa.<\/p>\n<p class=\"aw-1gybjub aw-1p7kakr kEtdKx cEmitX yle__article__paragraph\">SOK.n viestinn\u00e4st\u00e4 kerrotaan Ylelle, ett\u00e4 kannanotot eiv\u00e4t yll\u00e4tt\u00e4neet.<\/p>\n<p class=\"aw-1gybjub aw-1p7kakr kEtdKx cEmitX yle__article__paragraph\">\u2013 Oli odotettavaa, ett\u00e4 t\u00e4m\u00e4nkaltaisesta aiheesta tulee palautetta eri n\u00e4k\u00f6kulmista. Otamme kaikenlaista palautetta vastaan erilaisista aiheista, eik\u00e4 t\u00e4m\u00e4 tehnyt poikkeusta.<\/p>\n<p>K-ryhm\u00e4: Israelilaisten tuotteiden osuus marginaalinen<\/p>\n<p class=\"aw-1gybjub aw-1p7kakr kEtdKx cEmitX yle__article__paragraph\">Yle kysyi Lidlin ja K-ryhm\u00e4n mahdollisia toimia israelilaisten tuotteiden myynnin osalta.<\/p>\n<p class=\"aw-1gybjub aw-1p7kakr kEtdKx cEmitX yle__article__paragraph\">Lidlin viestinn\u00e4st\u00e4 vastataan Ylelle s\u00e4hk\u00f6postitse, ettei israelilaisia tuotteita ole ketjun valikoimassa.<\/p>\n<p class=\"aw-1gybjub aw-1p7kakr kEtdKx cEmitX yle__article__paragraph\">K-ryhm\u00e4 puolestaan myy yh\u00e4 israelilaisia tuotteita.<\/p>\n<p class=\"aw-1gybjub aw-1p7kakr kEtdKx cEmitX yle__article__paragraph\">\u2013 Israelilaista alkuper\u00e4\u00e4 olevista tuotteista myynnillisesti suurin on Sodastream-tuoteperhe, jossa valtaosassa tuotteista alkuper\u00e4maa on siirtym\u00e4ss\u00e4 muihin maihin ja loppujen tuotteiden osalta selvitys on k\u00e4ynniss\u00e4, kirjoittaa K-ryhm\u00e4n tavarakaupasta vastaava johtaja <strong class=\"aw-ak79eh KyCXm yle__article__strong\">Harri Hovi<\/strong> s\u00e4hk\u00f6postivastauksessa.<\/p>\n<p class=\"aw-1gybjub aw-1p7kakr kEtdKx cEmitX yle__article__paragraph\">Hovin mukaan israelilaisten tuotteiden osuus K-ryhm\u00e4n valikoimasta on \u201dmarginaalinen\u201d.<\/p>\n<p class=\"aw-1gybjub aw-1p7kakr kEtdKx cEmitX yle__article__paragraph\">Sodastream-tuotteiden lis\u00e4ksi valikoimasta l\u00f6ytyy yksitt\u00e4isi\u00e4 tuotteita, kuten pitaleip\u00e4, valkosipulipuriste ja suolarinkelit.<\/p>\n<p class=\"aw-1gybjub aw-1p7kakr kEtdKx cEmitX yle__article__paragraph\">\u2013 Omien merkkituotteidemme ja maahantuomiemme tuotteiden hankintaan liittyen olemme linjanneet, ettemme hyv\u00e4ksy Israelin siirtokunnista tulevia tuotteita valikoimiin.<\/p>\n<p class=\"aw-1gybjub aw-1p7kakr kEtdKx cEmitX yle__article__paragraph\">K-ryhm\u00e4n viestinn\u00e4st\u00e4 kerrotaan, ett\u00e4 uusia linjauksia israelilaisten tuotteiden myyntiin ei ole tiedossa.<\/p>\n","protected":false},"excerpt":{"rendered":"Lidl ei t\u00e4ll\u00e4 hetkell\u00e4 myy israelilaisia tuotteita. K-kaupoissa tuotteita myyd\u00e4\u00e4n yh\u00e4. Avaa kuvien katselu S-ryhm\u00e4n valikoimasta poistuu muun&hellip;\n","protected":false},"author":2,"featured_media":95796,"comment_status":"","ping_status":"","sticky":false,"template":"","format":"standard","meta":{"footnotes":""},"categories":[5],"tags":[22,23,26,27,33,31,30,17,71,24,25,28,29,15,18,21,13391,637,6304,9773,32,78,19,20,16,3778,2227],"class_list":{"0":"post-95795","1":"post","2":"type-post","3":"status-publish","4":"format-standard","5":"has-post-thumbnail","7":"category-otsikot","8":"tag-breaking-news","9":"tag-breakingnews","10":"tag-featured-news","11":"tag-featurednews","12":"tag-fi","13":"tag-finland","14":"tag-finnish","15":"tag-headlines","16":"tag-kotimaa","17":"tag-latest-news","18":"tag-latestnews","19":"tag-main-news","20":"tag-mainnews","21":"tag-news","22":"tag-otsikot","23":"tag-paauutiset","24":"tag-paivi-rasanen","25":"tag-politiikka","26":"tag-s-ryhma","27":"tag-sebastian-tynkkynen","28":"tag-suomi","29":"tag-talous","30":"tag-top-stories","31":"tag-topstories","32":"tag-uutiset","33":"tag-vahittaiskauppa","34":"tag-wille-rydman"},"share_on_mastodon":{"url":"https:\/\/pubeurope.com\/@fi\/115585694183979595","error":""},"_links":{"self":[{"href":"https:\/\/www.europesays.com\/fi\/wp-json\/wp\/v2\/posts\/95795","targetHints":{"allow":["GET"]}}],"collection":[{"href":"https:\/\/www.europesays.com\/fi\/wp-json\/wp\/v2\/posts"}],"about":[{"href":"https:\/\/www.europesays.com\/fi\/wp-json\/wp\/v2\/types\/post"}],"author":[{"embeddable":true,"href":"https:\/\/www.europesays.com\/fi\/wp-json\/wp\/v2\/users\/2"}],"replies":[{"embeddable":true,"href":"https:\/\/www.europesays.com\/fi\/wp-json\/wp\/v2\/comments?post=95795"}],"version-history":[{"count":0,"href":"https:\/\/www.europesays.com\/fi\/wp-json\/wp\/v2\/posts\/95795\/revisions"}],"wp:featuredmedia":[{"embeddable":true,"href":"https:\/\/www.europesays.com\/fi\/wp-json\/wp\/v2\/media\/95796"}],"wp:attachment":[{"href":"https:\/\/www.europesays.com\/fi\/wp-json\/wp\/v2\/media?parent=95795"}],"wp:term":[{"taxonomy":"category","embeddable":true,"href":"https:\/\/www.europesays.com\/fi\/wp-json\/wp\/v2\/categories?post=95795"},{"taxonomy":"post_tag","embeddable":true,"href":"https:\/\/www.europesays.com\/fi\/wp-json\/wp\/v2\/tags?post=95795"}],"curies":[{"name":"wp","href":"https:\/\/api.w.org\/{rel}","templated":true}]}}