{"id":95816,"date":"2025-11-21T04:51:13","date_gmt":"2025-11-21T04:51:13","guid":{"rendered":"https:\/\/www.europesays.com\/fi\/95816\/"},"modified":"2025-11-21T04:51:13","modified_gmt":"2025-11-21T04:51:13","slug":"kokenut-poliisi-tekisi-mieli-kiroilla-yksi-seikka-mahdollisti-sen-etta-porvoolainen-rikollispomo-katosi-kotimaa","status":"publish","type":"post","link":"https:\/\/www.europesays.com\/fi\/95816\/","title":{"rendered":"Kokenut poliisi: \u201dTekisi mieli kiroilla\u201d \u2013 yksi seikka mahdollisti sen, ett\u00e4 porvoolainen rikollispomo katosi | Kotimaa"},"content":{"rendered":"<p class=\"aw-1gybjub aw-1p7kakr kEtdKx cEmitX yle__article__paragraph\">Helsingin poliisilaitoksen rikostarkastaja <strong class=\"aw-ak79eh KyCXm yle__article__strong\">Kimmo Sainiota<\/strong> turhauttaa, ett\u00e4 23-vuotias rikollispomo on p\u00e4\u00e4ssyt viranomaisilta teille tietym\u00e4tt\u00f6mille.<\/p>\n<p class=\"aw-1gybjub aw-1p7kakr kEtdKx cEmitX yle__article__paragraph\">\u2013 Tekisi mieli kiroilla. T\u00e4m\u00e4 nollaa kaiken ty\u00f6n, mit\u00e4 olemme tehneet.<\/p>\n<p class=\"aw-1gybjub aw-1p7kakr kEtdKx cEmitX yle__article__paragraph\">Yle kertoi <a class=\"aw-iao6s4 iHOxEa yle__article__link\" href=\"https:\/\/yle.fi\/a\/74-20195198\" role=\"link\" rel=\"nofollow noopener\" target=\"_blank\">aiemmin t\u00e4n\u00e4\u00e4n<\/a>, ett\u00e4 murhan yrityksest\u00e4 ja useista t\u00f6rkeist\u00e4 huumausainerikoksista tuomittu <strong class=\"aw-ak79eh KyCXm yle__article__strong\">Carl Boris Benjamin Bj\u00f6rkendahl<\/strong> on ollut kateissa sen j\u00e4lkeen, kun k\u00e4r\u00e4j\u00e4oikeus p\u00e4\u00e4sti h\u00e4net toukokuussa odottamaan tuomiota vapaalle jalalle.<\/p>\n<p class=\"aw-1gybjub aw-1p7kakr kEtdKx cEmitX yle__article__paragraph\">Bj\u00f6rkendahl on etsint\u00e4kuulutettu. Sainion mukaan poliisi etsii miest\u00e4, mutta se on ty\u00f6l\u00e4st\u00e4.<\/p>\n<p class=\"aw-1gybjub aw-1p7kakr kEtdKx cEmitX yle__article__paragraph\">Mik\u00e4li h\u00e4n on ulkomailla, h\u00e4net t\u00e4ytyy saada kansainv\u00e4lisen oikeusavun avulla takaisin kotimaahan. K\u00e4yt\u00e4nn\u00f6ss\u00e4 Suomen poliisin on itse haettava mies toisesta maasta Suomeen.<\/p>\n<p class=\"aw-1gybjub aw-1p7kakr kEtdKx cEmitX yle__article__paragraph\">\u2013 Se on suomeksi sanottuna aivan \u00e4lyt\u00f6nt\u00e4 rahanhukkaa ja resurssien haaskaamista meille poliiseille ja muillekin viranomaisille.<\/p>\n<p class=\"aw-1gybjub aw-1p7kakr kEtdKx cEmitX yle__article__paragraph\">Sainio ei ymm\u00e4rr\u00e4, miksi <a class=\"aw-iao6s4 iHOxEa yle__article__link\" href=\"https:\/\/yle.fi\/a\/74-20156312\" role=\"link\" rel=\"nofollow noopener\" target=\"_blank\">osana kansainv\u00e4list\u00e4 j\u00e4rjest\u00e4ytynytt\u00e4 rikollisuutta<\/a> toiminut mies on p\u00e4\u00e4stetty vapaalle jalalle tuomiota odottamaan.<\/p>\n<p class=\"aw-1gybjub aw-1p7kakr kEtdKx cEmitX yle__article__paragraph\">\u2013 J\u00e4rjest\u00e4ytyneess\u00e4 rikollisuudessa ja t\u00f6rkeiss\u00e4 huumausainerikoksissa on enemm\u00e4n s\u00e4\u00e4nt\u00f6 kuin poikkeus, ett\u00e4 ep\u00e4illyt l\u00e4htev\u00e4t hatkaan. Eih\u00e4n kukaan halua l\u00e4hte\u00e4 vankilaan istumaan kymment\u00e4 vuotta.<\/p>\n<p class=\"aw-1gybjub aw-1p7kakr kEtdKx cEmitX yle__article__paragraph\">H\u00e4n uskoo, ett\u00e4 Bj\u00f6rkendahl kyll\u00e4 saadaan ennen pitk\u00e4\u00e4 Suomeen, mutta siihen voi kulua aikaa ja rahaa.<\/p>\n<p>Taustalla KKO:n linjaus<\/p>\n<p class=\"aw-1gybjub aw-1p7kakr kEtdKx cEmitX yle__article__paragraph\">It\u00e4-Uudenmaan k\u00e4r\u00e4j\u00e4oikeus teki 14. toukokuuta p\u00e4\u00e4t\u00f6ksen Carl Bj\u00f6rkendahlin vapauttamisesta.<\/p>\n<p class=\"aw-1gybjub aw-1p7kakr kEtdKx cEmitX yle__article__paragraph\">Reilut kaksi viikkoa vapauttamisen j\u00e4lkeen Helsingin k\u00e4r\u00e4j\u00e4oikeus <a class=\"aw-iao6s4 iHOxEa yle__article__link\" href=\"https:\/\/yle.fi\/a\/74-20164347\" role=\"link\" rel=\"nofollow noopener\" target=\"_blank\">tuomitsi<\/a> Bj\u00f6rkendahlin kymmenen vuoden vankeusrangaistukseen murhan yrityksest\u00e4. Kyse oli Helsingin Lassilassa viime vuonna tapahtuneesta ampumisesta, jonka j\u00e4rjestelemiseen Bj\u00f6rkendahlin katsottiin syyllistyneen.<\/p>\n<p class=\"aw-1gybjub aw-1p7kakr kEtdKx cEmitX yle__article__paragraph\">My\u00f6hemmin <a class=\"aw-iao6s4 iHOxEa yle__article__link\" href=\"https:\/\/yle.fi\/a\/74-20169970\" role=\"link\" rel=\"nofollow noopener\" target=\"_blank\">hein\u00e4kuussa<\/a> It\u00e4-Uudenmaan k\u00e4r\u00e4j\u00e4oikeus tuomitsi Bj\u00f6rkendahlille viiden vuoden vankeusrangaistuksen t\u00f6rkeist\u00e4 huumausainerikoksista ja tuhoty\u00f6h\u00f6n yllytt\u00e4misist\u00e4.<\/p>\n<p class=\"aw-1gybjub aw-1p7kakr kEtdKx cEmitX yle__article__paragraph\">Bj\u00f6rkendahl m\u00e4\u00e4r\u00e4ttiin hein\u00e4kuussa passitettavaksi Jokelan vankilaan, mutta h\u00e4nt\u00e4 ei en\u00e4\u00e4 tavoitettu.<\/p>\n<p class=\"aw-1gybjub aw-1p7kakr kEtdKx cEmitX yle__article__paragraph\"><strong class=\"aw-ak79eh KyCXm yle__article__strong\">Carl Bj\u00f6rkendahlin kuvaama video oli osa poliisin esitutkintamateriaalia:<\/strong><\/p>\n<p>Poliisin esitutkintamateriaalia.<\/p>\n<p class=\"aw-1gybjub aw-1p7kakr kEtdKx cEmitX yle__article__paragraph\">Miten sitten on mahdollista, ett\u00e4 mies oli vapaana ennen tuomioita?<\/p>\n<p class=\"aw-1gybjub aw-1p7kakr kEtdKx cEmitX yle__article__paragraph\">Taustalla on todenn\u00e4k\u00f6isesti korkeimman oikeuden (KKO) <a class=\"aw-iao6s4 iHOxEa yle__article__link\" href=\"https:\/\/korkeinoikeus.fi\/fi\/index\/ennakkopaatokset\/kko202419_1.html\" role=\"link\" rel=\"nofollow noopener\" target=\"_blank\">linjaus<\/a>.<\/p>\n<p class=\"aw-1gybjub aw-1p7kakr kEtdKx cEmitX yle__article__paragraph\">Sen mukaan niin sanotuissa ylit\u00f6rkeiss\u00e4 rikoksissa, kuten henkirikoksissa, pelkk\u00e4 rikoksen vakavuus ei riit\u00e4 vangitsemiseen k\u00e4r\u00e4j\u00e4oikeudessa, vaan vangitsemiselle on oltava muitakin perusteita.<\/p>\n<p class=\"aw-1gybjub aw-1p7kakr kEtdKx cEmitX yle__article__paragraph\">T\u00e4llaisia ovat muun muassa ep\u00e4illyn pakenemisesta, rikollisen toiminnan jatkamisesta, todisteiden h\u00e4vitt\u00e4misest\u00e4 tai muusta tutkinnan sotkemisesta.<\/p>\n<p class=\"aw-1gybjub aw-1p7kakr kEtdKx cEmitX yle__article__paragraph\">K\u00e4r\u00e4j\u00e4oikeuden mukaan n\u00e4m\u00e4 perusteet eiv\u00e4t Bj\u00f6rkendahlin tapauksessa t\u00e4yttyneet.<\/p>\n<p class=\"aw-1gybjub aw-1p7kakr kEtdKx cEmitX yle__article__paragraph\">\u2013 H\u00e4nen aikaisemman toimintansa perusteella ei ole n\u00e4ytt\u00f6\u00e4 siit\u00e4, ett\u00e4 h\u00e4n olisi pyrkinyt pakoilemaan tutkintaa tai oikeudenk\u00e4ynti\u00e4. Ottaen huomioon, ettei h\u00e4nell\u00e4 ole merkitt\u00e4v\u00e4mpi\u00e4 aikaisempia rikosrekisterimerkint\u00f6j\u00e4, my\u00f6sk\u00e4\u00e4n rikollisen toiminnan jatkamisvaaraa ei voida olettaa pelk\u00e4st\u00e4\u00e4n nyt k\u00e4siteltyjen syytteiden perusteella, k\u00e4r\u00e4j\u00e4oikeus katsoi.<\/p>\n<p>\u201dK\u00e4r\u00e4j\u00e4oikeudet ovat olleet pulassa\u201d<\/p>\n<p class=\"aw-1gybjub aw-1p7kakr kEtdKx cEmitX yle__article__paragraph\">Turun yliopiston rikosoikeuden apulaisprofessorin <strong class=\"aw-ak79eh KyCXm yle__article__strong\">Tatu Hyttisen<\/strong> mukaan KKO:n viimevuotinen ennakkop\u00e4\u00e4t\u00f6s on aiheuttanut k\u00e4r\u00e4j\u00e4oikeuksissa paljon pohdintaa.<\/p>\n<p class=\"aw-1gybjub aw-1p7kakr kEtdKx cEmitX yle__article__paragraph\">\u2013 Sen j\u00e4lkeen k\u00e4r\u00e4j\u00e4oikeudet ovat olleet pulassa.<\/p>\n<p class=\"aw-1gybjub aw-1p7kakr kEtdKx cEmitX yle__article__paragraph\">Hyttisen mukaan KKO katsoi, ett\u00e4 Suomen pakkokeinolakia sovellettiin aiemmin vastoin Euroopan ihmisoikeustuomioistuimen ratkaisuk\u00e4yt\u00e4nt\u00f6\u00e4.<\/p>\n<p class=\"aw-1gybjub aw-1p7kakr kEtdKx cEmitX yle__article__paragraph\">H\u00e4n sanoo, ett\u00e4 k\u00e4r\u00e4j\u00e4oikeudet arvioivat rikoksesta syytetyn tai ep\u00e4illyn henkil\u00f6n jatkamis- tai karttamisvaaraa aina tapauskohtaisesti.<\/p>\n<p><img decoding=\"async\" alt=\"Miehen takaraivo. Mies peittelee kasvojaan paperilla. \" src=\"https:\/\/www.europesays.com\/fi\/wp-content\/uploads\/2025\/11\/39-145083567fca95502812.jpeg\" loading=\"lazy\" class=\"aw-1l9m598 hKVVvP\"\/><\/p>\n<p>Avaa kuvien katselu<\/p>\n<p>Kansainv\u00e4lisen rikollisverkoston johtajaksi katsottu Carl Bj\u00f6rkendahl vastasi huumerikossyytteisiin It\u00e4-Uudenmaan k\u00e4r\u00e4j\u00e4oikeudessa 14.4.2025.  Kuva: Jesse M\u00e4ntysalo<\/p>\n<p class=\"aw-1gybjub aw-1p7kakr kEtdKx cEmitX yle__article__paragraph\">Hyttinen on havainnut, ett\u00e4 ennakkop\u00e4\u00e4t\u00f6ksen j\u00e4lkeen k\u00e4r\u00e4j\u00e4oikeuksilla on ainakin joissain tapauksissa ollut korkea kynnys pit\u00e4\u00e4 henkil\u00f6\u00e4 vangittuna, mik\u00e4li karttamis- tai jatkamisvaaraa ei ole arvioitu t\u00e4ysin ilmeiseksi.<\/p>\n<p class=\"aw-1gybjub aw-1p7kakr kEtdKx cEmitX yle__article__paragraph\">\u2013 Ei korkeimman oikeuden ratkaisua pit\u00e4isi tulkita sill\u00e4 tavalla, ett\u00e4 karttamis- ja jatkamisvaaran kriteerit olisivat aivan taivaissa. Henkil\u00f6it\u00e4 pit\u00e4isi uskaltaa tarvittaessa my\u00f6s vangita.<\/p>\n<p class=\"aw-1gybjub aw-1p7kakr kEtdKx cEmitX yle__article__paragraph\">H\u00e4n toteaa yleisell\u00e4 tasolla, ett\u00e4 j\u00e4rjest\u00e4ytyneeseen rikollisuuteen liittyviss\u00e4 rikoksissa jos miss\u00e4 jatkamisvaaran ja usein my\u00f6s karttamisvaaran voisi olettaa olevan k\u00e4sill\u00e4.<\/p>\n<p class=\"aw-1gybjub aw-1p7kakr kEtdKx cEmitX yle__article__paragraph\">\u2013 K\u00e4r\u00e4j\u00e4oikeudella on kyll\u00e4 aina vaihtoehto pit\u00e4\u00e4 henkil\u00f6 vangittuna.<\/p>\n<p class=\"aw-1gybjub aw-1p7kakr kEtdKx cEmitX yle__article__paragraph\">Carl Bj\u00f6rkendahlin katoamisesta uutisoi ensimm\u00e4isen\u00e4 <a class=\"aw-iao6s4 iHOxEa yle__article__link\" href=\"https:\/\/www.bbl.fi\/2025-11-20\/borgabon-domdes-till-15-ars-fangelse-nu-ar-han-sparlost-forsvunnen\/\" role=\"link\" rel=\"nofollow noopener\" target=\"_blank\">Borg\u00e5bladet<\/a>.<\/p>\n","protected":false},"excerpt":{"rendered":"Helsingin poliisilaitoksen rikostarkastaja Kimmo Sainiota turhauttaa, ett\u00e4 23-vuotias rikollispomo on p\u00e4\u00e4ssyt viranomaisilta teille tietym\u00e4tt\u00f6mille. \u2013 Tekisi mieli kiroilla.&hellip;\n","protected":false},"author":2,"featured_media":95817,"comment_status":"","ping_status":"","sticky":false,"template":"","format":"standard","meta":{"footnotes":""},"categories":[12],"tags":[22,23,26,27,33,31,30,17,5990,2236,71,24,25,28,29,15,2098,1915,18,21,52,581,32,19,20,6497,1168,16],"class_list":{"0":"post-95816","1":"post","2":"type-post","3":"status-publish","4":"format-standard","5":"has-post-thumbnail","7":"category-suomi","8":"tag-breaking-news","9":"tag-breakingnews","10":"tag-featured-news","11":"tag-featurednews","12":"tag-fi","13":"tag-finland","14":"tag-finnish","15":"tag-headlines","16":"tag-helsingin-karajaoikeus","17":"tag-jarjestaytynyt-rikollisuus","18":"tag-kotimaa","19":"tag-latest-news","20":"tag-latestnews","21":"tag-main-news","22":"tag-mainnews","23":"tag-news","24":"tag-oikeudenkaynnit","25":"tag-oikeus","26":"tag-otsikot","27":"tag-paauutiset","28":"tag-poliisi","29":"tag-rikokset","30":"tag-suomi","31":"tag-top-stories","32":"tag-topstories","33":"tag-tuomioistuimet","34":"tag-uusimaa","35":"tag-uutiset"},"share_on_mastodon":{"url":"https:\/\/pubeurope.com\/@fi\/115585894755913524","error":""},"_links":{"self":[{"href":"https:\/\/www.europesays.com\/fi\/wp-json\/wp\/v2\/posts\/95816","targetHints":{"allow":["GET"]}}],"collection":[{"href":"https:\/\/www.europesays.com\/fi\/wp-json\/wp\/v2\/posts"}],"about":[{"href":"https:\/\/www.europesays.com\/fi\/wp-json\/wp\/v2\/types\/post"}],"author":[{"embeddable":true,"href":"https:\/\/www.europesays.com\/fi\/wp-json\/wp\/v2\/users\/2"}],"replies":[{"embeddable":true,"href":"https:\/\/www.europesays.com\/fi\/wp-json\/wp\/v2\/comments?post=95816"}],"version-history":[{"count":0,"href":"https:\/\/www.europesays.com\/fi\/wp-json\/wp\/v2\/posts\/95816\/revisions"}],"wp:featuredmedia":[{"embeddable":true,"href":"https:\/\/www.europesays.com\/fi\/wp-json\/wp\/v2\/media\/95817"}],"wp:attachment":[{"href":"https:\/\/www.europesays.com\/fi\/wp-json\/wp\/v2\/media?parent=95816"}],"wp:term":[{"taxonomy":"category","embeddable":true,"href":"https:\/\/www.europesays.com\/fi\/wp-json\/wp\/v2\/categories?post=95816"},{"taxonomy":"post_tag","embeddable":true,"href":"https:\/\/www.europesays.com\/fi\/wp-json\/wp\/v2\/tags?post=95816"}],"curies":[{"name":"wp","href":"https:\/\/api.w.org\/{rel}","templated":true}]}}