{"id":95842,"date":"2025-11-21T05:37:11","date_gmt":"2025-11-21T05:37:11","guid":{"rendered":"https:\/\/www.europesays.com\/fi\/95842\/"},"modified":"2025-11-21T05:37:11","modified_gmt":"2025-11-21T05:37:11","slug":"kalervo-kummola-loi-sm-liigajarjestelman-joka-nyt-romutetaan-rautakansleri-kannattaa-rajua-muutosta-joukkuemaaraan-urheilu","status":"publish","type":"post","link":"https:\/\/www.europesays.com\/fi\/95842\/","title":{"rendered":"Kalervo Kummola loi SM-liigaj\u00e4rjestelm\u00e4n, joka nyt romutetaan \u2013 \u201drautakansleri\u201d kannattaa rajua muutosta joukkuem\u00e4\u00e4r\u00e4\u00e4n | Urheilu"},"content":{"rendered":"<p class=\"aw-1gybjub aw-1p7kakr kEtdKx cEmitX yle__article__paragraph\">\u2013 SM-liigaa piti aluksi johtaa kovalla k\u00e4dell\u00e4, jotta porukka uskoisi, ett\u00e4 t\u00e4\u00e4ll\u00e4 ei sooloilla. Paljon oli kaikenlaista, kun siirryttiin ammattilaismaailmaan.<\/p>\n<p class=\"aw-1gybjub aw-1p7kakr kEtdKx cEmitX yle__article__paragraph\">J\u00e4\u00e4kiekon SM-liigan ensimm\u00e4inen toimitusjohtaja <strong class=\"aw-ak79eh KyCXm yle__article__strong\">Kalervo Kummola<\/strong> johti suomalaista p\u00e4\u00e4sarjakiekkoa vahvalla otteella. Kun amat\u00f6\u00f6rimaailmasta hyp\u00e4ttiin vuonna 1975 ammattimaisempaan SM-liigaan, siirtym\u00e4vaihe ei ollut kivuton.<\/p>\n<p class=\"aw-1gybjub aw-1p7kakr kEtdKx cEmitX yle__article__paragraph\">Tuolloin Kalervo Kummola sai lempinimen rautakansleri.<\/p>\n<p class=\"aw-1gybjub aw-1p7kakr kEtdKx cEmitX yle__article__paragraph\">T\u00e4n\u00e4\u00e4n perjantaina 80 vuotta t\u00e4ytt\u00e4v\u00e4 Kummola jyr\u00e4ht\u00e4\u00e4 nyky\u00e4\u00e4n harvoin.<\/p>\n<p class=\"aw-1gybjub aw-1p7kakr kEtdKx cEmitX yle__article__paragraph\">Yle Urheilun syntym\u00e4p\u00e4iv\u00e4haastattelussa h\u00e4n kertoo mielipiteens\u00e4 muutoksesta, jota SM-liigan sarjaj\u00e4rjestelm\u00e4\u00e4n ollaan tekem\u00e4ss\u00e4.<\/p>\n<blockquote class=\"aw-5b7r8f cbYKVf\">\n<p class=\"aw-1gybjub aw-c9wyj2 kEtdKx bijWeu\">Jos suomalaisen j\u00e4\u00e4kiekon tasoa halutaan nostaa, SM-liigan pit\u00e4\u00e4 olla pienempi. Paljon pienempi kuin nyt.<\/p>\n<p class=\"aw-1gybjub aw-1pgj57y kEtdKx feofuq\">Kalervo Kummola<\/p>\n<\/blockquote>\n<p>Kummolan puhelin soi yh\u00e4<\/p>\n<p class=\"aw-1gybjub aw-1p7kakr kEtdKx cEmitX yle__article__paragraph\">Kummola saapuu hyv\u00e4ntuulisena ja rentona haastatteluun Tampere-talossa. Olemme pitk\u00e4n linjan j\u00e4\u00e4kiekkojohtajan ja yhteiskuntavaikuttajan kotikent\u00e4ll\u00e4.<\/p>\n<p class=\"aw-1gybjub aw-1p7kakr kEtdKx cEmitX yle__article__paragraph\">Paikka juttutuokiolle l\u00f6ytyy helpommin kuin aika kiireisen Kummolan kalenterista.<\/p>\n<p class=\"aw-1gybjub aw-1p7kakr kEtdKx cEmitX yle__article__paragraph\">\u2013 Maanantai menee kunnallispolitiikkaan, tiistai kokouksiin ja jokaiselle arkip\u00e4iv\u00e4lle on jotakin. Viikonloppuisin on puhetilaisuuksia ja edustusteht\u00e4vi\u00e4, Kummola vahvistaa.<\/p>\n<p class=\"aw-1gybjub aw-1p7kakr kEtdKx cEmitX yle__article__paragraph\">Kummola on ennen kaikkea j\u00e4\u00e4kiekkomies. Suomen J\u00e4\u00e4kiekkoliittoa pitk\u00e4\u00e4n johtanut Kummola v\u00e4h\u00e4ttelee nykyist\u00e4 rooliaan j\u00e4\u00e4kiekossa. H\u00e4n korostaa haluaan olla sekaantumatta asioihin, joita muut nyt johtavat.<\/p>\n<p><img decoding=\"async\" alt=\"Kalervo Kummola 80-vuotishaastattelussa Tampere-talolla.\" src=\"https:\/\/www.europesays.com\/fi\/wp-content\/uploads\/2025\/11\/39-15535406915f35fc7048.jpeg\" loading=\"lazy\" class=\"aw-1l9m598 hKVVvP\"\/><\/p>\n<p>Avaa kuvien katselu<\/p>\n<p>Kalervo Kummola on omien sanojensa mukaan vet\u00e4ytynyt taustalle suomalaisessa j\u00e4\u00e4kiekossa. Kuva: Jani Aarnio \/ Yle<\/p>\n<p class=\"aw-1gybjub aw-1p7kakr kEtdKx cEmitX yle__article__paragraph\">Sis\u00e4piirist\u00e4 voi kuitenkin saada toisenlaisiakin n\u00e4kemyksi\u00e4 Kummolan vaikutusvallasta.<\/p>\n<p class=\"aw-1gybjub aw-1p7kakr kEtdKx cEmitX yle__article__paragraph\">\u2013 Kyll\u00e4 minulle porukat soittelevat, \u201dKale\u201d my\u00f6nt\u00e4\u00e4.<\/p>\n<p class=\"aw-1gybjub aw-1p7kakr kEtdKx cEmitX yle__article__paragraph\">\u2013 Yhden ja toisen kanssa olen keskustellut, mutta se on aina kuulijan varassa, mit\u00e4 halutaan tai ei haluta kuulla. En min\u00e4 kauheasti ole kantaa ottanut, Kummola vakuuttaa.<\/p>\n<p class=\"aw-1gybjub aw-1p7kakr kEtdKx cEmitX yle__article__paragraph\">Kuten alla olevalta videolta n\u00e4kee, Kummola ei kuitenkaan allekirjoita, ett\u00e4 Suomi-kiekossa olisi johtajuusvajetta.<\/p>\n<p>Onko J\u00e4\u00e4kiekkoliitossa johtajuusvaje, Kalervo Kummola?Kummola haluaa joukkuem\u00e4\u00e4r\u00e4\u00e4 rajusti alas<\/p>\n<p class=\"aw-1gybjub aw-1p7kakr kEtdKx cEmitX yle__article__paragraph\">Kun puhe k\u00e4\u00e4ntyy SM-liigaan, Kummola pudottelee n\u00e4kemyksi\u00e4\u00e4n vanhemman valtiomiehen varmuudella. Kummola sanoo puhuneensa pitk\u00e4\u00e4n, ett\u00e4 kahden ylimm\u00e4n sarjatason pit\u00e4isi olla saman sateenvarjon alla. Nyt Mestis kuuluu J\u00e4\u00e4kiekkoliitolle.<\/p>\n<p class=\"aw-1gybjub aw-1p7kakr kEtdKx cEmitX yle__article__paragraph\">\u2013 Asiat n\u00e4ytt\u00e4v\u00e4t t\u00e4ll\u00e4 hetkell\u00e4 kiteytyv\u00e4n joukkuem\u00e4\u00e4r\u00e4\u00e4n sek\u00e4 suoraan putoamiseen ja nousemiseen, joita ehdottomasti kannatan. T\u00e4llainen antaa alemman liigan joukkueille paremman toivon, Kummola linjaa.<\/p>\n<p class=\"aw-1gybjub aw-1p7kakr kEtdKx cEmitX yle__article__paragraph\">Miesten p\u00e4\u00e4sarjan eli SM-liigan tulevaisuus on ollut suomalaisen j\u00e4\u00e4kiekon kuumin puheenaihe koko syksyn. Ensi viikolla SM-liigan yhti\u00f6kokouksessa on tarkoitus p\u00e4\u00e4tt\u00e4\u00e4 uusi sarjamalli.<\/p>\n<p>Vaihtoehdot SM-liigan uudeksi sarjamalliksi<\/p>\n<ul class=\"aw-1jjocuh iJTSwP yle__article__list yle__article__list--ul\">\n<li class=\"aw-1j7gwms gNYKfi\"><strong class=\"aw-ak79eh KyCXm yle__article__strong\">12+10-malli:<\/strong> Kaksitasoinen j\u00e4rjestelm\u00e4, jossa ylimm\u00e4ll\u00e4 sarjatasolla olisi 12 joukkuetta ja toisella tasolla 10 joukkuetta. T\u00e4m\u00e4 malli sai enemmist\u00f6n kannatuksen valmistavassa kokouksessa.<\/li>\n<li class=\"aw-1j7gwms gNYKfi\"><strong class=\"aw-ak79eh KyCXm yle__article__strong\">14+10-malli:<\/strong> Toisessa vaihtoehdossa ylimm\u00e4ll\u00e4 sarjatasolla olisi 14 joukkuetta ja alemmalla 10.<\/li>\n<li class=\"aw-1j7gwms gNYKfi\">Enemmist\u00f6 liigaseuroista kannattaa suoraa nousua ja putoamista sarjatasojen v\u00e4lill\u00e4. T\u00e4m\u00e4 tarkoittaisi, ett\u00e4 erillist\u00e4 karsintasarjaa ei pelattaisi.<\/li>\n<li class=\"aw-1j7gwms gNYKfi\">P\u00e4\u00e4t\u00f6s uudesta sarjamallista tehd\u00e4\u00e4n SM-liigan yhti\u00f6kokouksessa 27.11.<\/li>\n<\/ul>\n<p class=\"aw-1gybjub aw-1p7kakr kEtdKx cEmitX yle__article__paragraph\">Eri <a class=\"aw-iao6s4 iHOxEa yle__article__link\" href=\"https:\/\/yle.fi\/a\/74-20194157\" role=\"link\" rel=\"nofollow noopener\" target=\"_blank\">vaihtoehdoista SM-liigan uudeksi sarjamalliksi voi lukea lis\u00e4\u00e4 t\u00e4\u00e4lt\u00e4<\/a>.<\/p>\n<p class=\"aw-1gybjub aw-1p7kakr kEtdKx cEmitX yle__article__paragraph\">Joukkuem\u00e4\u00e4r\u00e4st\u00e4 Kummola jyr\u00e4ht\u00e4\u00e4 j\u00e4m\u00e4k\u00e4sti.<\/p>\n<p class=\"aw-1gybjub aw-1p7kakr kEtdKx cEmitX yle__article__paragraph\">\u2013 Jos suomalaisen j\u00e4\u00e4kiekon tasoa halutaan nostaa, SM-liigan pit\u00e4\u00e4 olla pienempi. Paljon pienempi kuin nyt.<\/p>\n<p class=\"aw-1gybjub aw-1p7kakr kEtdKx cEmitX yle__article__paragraph\">\u2013 Kymmenen olisi tason kannalta varmasti ihanteellinen, mutta se pudottaisi aika monta paikkakuntaa pois. Luulen, ett\u00e4 kaksitoista on paras. Elinvoimainen B-sarja on suomalaiselle kiekolle t\u00e4rke\u00e4 asia. Jos ylemm\u00e4ss\u00e4 liigassa on 14 joukkuetta, B-sarja j\u00e4\u00e4 kapealle.<\/p>\n<p class=\"aw-1gybjub aw-1p7kakr kEtdKx cEmitX yle__article__paragraph\">Vaikka osa seuroista on pit\u00e4nyt kulissien takana tiukasti kiinni linjauksistaan pudotuspelien tulonjaosta, Kummola ei usko, ett\u00e4 rahasta syntyy suurta riitaa.<\/p>\n<p class=\"aw-1gybjub aw-1p7kakr kEtdKx cEmitX yle__article__paragraph\">Aiemmin v\u00e4lierist\u00e4 ja loppuotteluista iso osa tuloista jaettiin kaikkien pudotuspeleihin p\u00e4\u00e4sseiden joukkueiden kesken. Nyt <a class=\"aw-iao6s4 iHOxEa yle__article__link\" href=\"https:\/\/yle.fi\/a\/74-20191494\" role=\"link\" rel=\"nofollow noopener\" target=\"_blank\">pudotuspelien tulonjako on muuttumassa<\/a>.<\/p>\n<p class=\"aw-1gybjub aw-1p7kakr kEtdKx cEmitX yle__article__paragraph\">\u2013 T\u00e4m\u00e4 nykyinen pudotuspelien tulonjako on minun tekem\u00e4ni, joten olen v\u00e4h\u00e4n j\u00e4\u00e4vi. Uudet areenat ovat tehneet sen, ett\u00e4 kustannukset ovat nousseet ja tulot my\u00f6s. Joukkueet haluavat pit\u00e4\u00e4 rahat itsell\u00e4\u00e4n.<\/p>\n<p><img decoding=\"async\" alt=\"Suomen j\u00e4\u00e4kiekkomaajoukkue voittoisana vuonna 1995.\" src=\"https:\/\/www.europesays.com\/fi\/wp-content\/uploads\/2025\/11\/17-21493550041b779c5b.jpeg\" loading=\"lazy\" class=\"aw-1l9m598 hKVVvP\"\/><\/p>\n<p>Avaa kuvien katselu<\/p>\n<p>Kummola nostaa Leijonien ensimm\u00e4isen MM-kullan 1995 uransa parhaaksi muistoksi. Kuva: Yle Kuvapalvelu<\/p>\n<p class=\"aw-1gybjub aw-1p7kakr kEtdKx cEmitX yle__article__paragraph\">Helsingin Jokerit saattaa olla kuumin peruna murroksessa. Moni seura haluaisi Mestiksess\u00e4 operoivan Jokerit SM-liigaan.<\/p>\n<p class=\"aw-1gybjub aw-1p7kakr kEtdKx cEmitX yle__article__paragraph\">Ongelma on, ett\u00e4 Jokerien nostaminen p\u00e4\u00e4sarjaan voisi aiheuttaa n\u00e4r\u00e4\u00e4, jos joukkuem\u00e4\u00e4r\u00e4\u00e4 muuten pienennet\u00e4\u00e4n.<\/p>\n<p class=\"aw-1gybjub aw-1p7kakr kEtdKx cEmitX yle__article__paragraph\">\u2013 Markkinointitutkimusten tulokset osoittavat, ett\u00e4 Jokerit sinne tarvittaisiin. Tv-yhti\u00f6t ovat varmasti samaa mielt\u00e4. Antaa nyt niiden p\u00e4\u00e4tt\u00e4\u00e4, jotka tekev\u00e4t p\u00e4\u00e4t\u00f6ksi\u00e4. On mukavampi nyky\u00e4\u00e4n katsoa sivusta, Kummola v\u00e4ist\u00e4\u00e4.<\/p>\n<p>Kummola on kokenut samanlaisen myrskyn aiemminkin<\/p>\n<p class=\"aw-1gybjub aw-1p7kakr kEtdKx cEmitX yle__article__paragraph\">SM-liigan alkuvaiheisiin palaaminen on ajankohtaisempaa kuin toviin. Kummola ymm\u00e4rt\u00e4\u00e4, millaisen turbulenssin keskell\u00e4 suomalainen sarjaj\u00e4\u00e4kiekkoilu on.<\/p>\n<p class=\"aw-1gybjub aw-1p7kakr kEtdKx cEmitX yle__article__paragraph\">V\u00e4\u00e4nt\u00f6 oli kovaa my\u00f6s 1970-luvun alussa, kun mestaruussarjajoukkueet halusivat perustaa oman liigansa. Kummola oli mukana ty\u00f6ryhm\u00e4ss\u00e4, jonka teht\u00e4v\u00e4 oli suunnitella uusi ammattilaissarja.<\/p>\n<p class=\"aw-1gybjub aw-1p7kakr kEtdKx cEmitX yle__article__paragraph\">Kymmenen joukkueen SM-liiga perustettiin 1975.<\/p>\n<p class=\"aw-1gybjub aw-1p7kakr kEtdKx cEmitX yle__article__paragraph\">\u2013 Turbulenssi taisi olla kovempaa, mit\u00e4 se nyt on. J\u00e4\u00e4kiekkoliitto hallitsi tuolloin kaikkea, joten systeemi oli erilainen.<\/p>\n<p class=\"aw-1gybjub aw-1p7kakr kEtdKx cEmitX yle__article__paragraph\">\u2013 Kyll\u00e4 me mestaruussarjaseurat joskus liittokokouksesta uloskin marssittiin. Kai siin\u00e4 oli periaatteellistakin kiukuttelua. Ei asiat niin huonosti olleet, mutta halusimme pudotuspelit ja itsen\u00e4isyytt\u00e4.<\/p>\n<p>\u201dOn t\u00e4ss\u00e4 kai jotakin saatu aikaiseksi\u201d<\/p>\n<p class=\"aw-1gybjub aw-1p7kakr kEtdKx cEmitX yle__article__paragraph\">Omaa 58-vuotista uraansa j\u00e4\u00e4kiekon parissa Kummola muistelee l\u00e4mm\u00f6ll\u00e4.<\/p>\n<p class=\"aw-1gybjub aw-1p7kakr kEtdKx cEmitX yle__article__paragraph\">\u2013 Jouduin 22-vuotissyntym\u00e4p\u00e4iv\u00e4n\u00e4ni j\u00e4\u00e4kiekkoseuran (Kiekko-67) puheenjohtajaksi. Sittemin olen ollut mukana areenahankkeissa ja muissa. On ollut ilo ja kunnia tuoda oma panos siihen. Kun katsoo, mist\u00e4 Suomi-kiekossa l\u00e4hdettiin ja mihin on tultu, niin on t\u00e4ss\u00e4 porukalla kai jotakin saatu aikaiseksi.<\/p>\n<p class=\"aw-1gybjub aw-1p7kakr kEtdKx cEmitX yle__article__paragraph\">N\u00e4it\u00e4 aikaansaannoksia muisteltiin hiljattain,kun rautakansleri yll\u00e4tettiin syntym\u00e4p\u00e4ivien kunniaksi.<\/p>\n<p class=\"aw-1gybjub aw-1p7kakr kEtdKx cEmitX yle__article__paragraph\">Kummolan Tuula-vaimo huijasi miehens\u00e4 tunnetun tamperelaisravintolan kabinettiin, jossa t\u00e4t\u00e4 odotti joukko kiekkovaikuttajia, pelaajia ja valmentajia <strong class=\"aw-ak79eh KyCXm yle__article__strong\">Erkka Westerlundista<\/strong> <strong class=\"aw-ak79eh KyCXm yle__article__strong\">Saku Koivuun.<\/strong><\/p>\n<p><img decoding=\"async\" alt=\"Ryhm\u00e4kuva Kalervo kummola somesta. Mukana iso joukko suomalaisia kiekko-ikoneja.\" src=\"https:\/\/www.europesays.com\/fi\/wp-content\/uploads\/2025\/11\/39-15535236915f357aaa00.jpeg\" loading=\"lazy\" class=\"aw-1l9m598 hKVVvP\"\/><\/p>\n<p>Avaa kuvien katselu<\/p>\n<p>Tunnetut j\u00e4\u00e4kiekkovaikuttajat yll\u00e4ttiv\u00e4t Kalervo Kummolan syntym\u00e4p\u00e4iv\u00e4n kunniaksi. Kuva: Jani Aarnio \/ Yle<img decoding=\"async\" alt=\"Kalervo Kummola 80-vuotishaastattelussa Tampere-talolla.\" src=\"https:\/\/www.europesays.com\/fi\/wp-content\/uploads\/2025\/11\/39-15535456915f3634fa75.jpeg\" loading=\"lazy\" class=\"aw-1l9m598 hKVVvP\"\/><\/p>\n<p>Avaa kuvien katselu<\/p>\n<p>Yll\u00e4tys sai Kalervo Kummolan hymyilem\u00e4\u00e4n. Kuva: Jani Aarnio \/ Yle<\/p>\n<p class=\"aw-1gybjub aw-1p7kakr kEtdKx cEmitX yle__article__paragraph\">Ne jotka eiv\u00e4t p\u00e4\u00e4sseet paikalle, soittivat.<\/p>\n<p class=\"aw-1gybjub aw-1p7kakr kEtdKx cEmitX yle__article__paragraph\">\u2013 Nauru kaikui, kun muisteltiin vanhoja. Kun yksi tarina sai p\u00e4\u00e4t\u00f6ksen, toinen jo odotti, ett\u00e4 p\u00e4\u00e4see kertomaan omaansa.<\/p>\n<p class=\"aw-1gybjub aw-1p7kakr kEtdKx cEmitX yle__article__paragraph\">Milt\u00e4 kunnioitettava 80 vuoden ik\u00e4 tuntuu?<\/p>\n<p class=\"aw-1gybjub aw-1p7kakr kEtdKx cEmitX yle__article__paragraph\">\u2013 Ei se oikein milt\u00e4\u00e4n tunnu, ehk\u00e4 se numeroina hieman kauhistuttaa. Kai se on uskottava kirkonkirjoja, Kummola heitt\u00e4\u00e4.<\/p>\n<p class=\"aw-1gybjub aw-1p7kakr kEtdKx cEmitX yle__article__paragraph\">\u2013 Ei t\u00e4ss\u00e4 en\u00e4\u00e4 ole niin innokas kaikkeen l\u00e4htem\u00e4\u00e4n. Fyysinen kulku hidastuu, mutta niin kauan, kun p\u00e4\u00e4 pysyy jossakin asennossa, niin h\u00e4t\u00e4\u00e4 ei ole. Kyll\u00e4 minulla koko ajan uusia ideoita edelleen syntyy.<\/p>\n<p class=\"aw-1gybjub aw-1p7kakr kEtdKx cEmitX yle__article__paragraph\">Kuinkas muutenkaan. Vieriv\u00e4 kivi ei sammaloidu.<\/p>\n","protected":false},"excerpt":{"rendered":"\u2013 SM-liigaa piti aluksi johtaa kovalla k\u00e4dell\u00e4, jotta porukka uskoisi, ett\u00e4 t\u00e4\u00e4ll\u00e4 ei sooloilla. Paljon oli kaikenlaista, kun&hellip;\n","protected":false},"author":2,"featured_media":95843,"comment_status":"","ping_status":"","sticky":false,"template":"","format":"standard","meta":{"footnotes":""},"categories":[158],"tags":[794,33,31,30,1143,18742,2780,553,2973,159,32,551,160],"class_list":{"0":"post-95842","1":"post","2":"type-post","3":"status-publish","4":"format-standard","5":"has-post-thumbnail","7":"category-urheilu","8":"tag-abitreenit","9":"tag-fi","10":"tag-finland","11":"tag-finnish","12":"tag-jaakiekko","13":"tag-kalervo-kummola","14":"tag-leijonat","15":"tag-pirkanmaa","16":"tag-sm-liiga","17":"tag-sports","18":"tag-suomi","19":"tag-tampere","20":"tag-urheilu"},"share_on_mastodon":{"url":"https:\/\/pubeurope.com\/@fi\/115586075778292156","error":""},"_links":{"self":[{"href":"https:\/\/www.europesays.com\/fi\/wp-json\/wp\/v2\/posts\/95842","targetHints":{"allow":["GET"]}}],"collection":[{"href":"https:\/\/www.europesays.com\/fi\/wp-json\/wp\/v2\/posts"}],"about":[{"href":"https:\/\/www.europesays.com\/fi\/wp-json\/wp\/v2\/types\/post"}],"author":[{"embeddable":true,"href":"https:\/\/www.europesays.com\/fi\/wp-json\/wp\/v2\/users\/2"}],"replies":[{"embeddable":true,"href":"https:\/\/www.europesays.com\/fi\/wp-json\/wp\/v2\/comments?post=95842"}],"version-history":[{"count":0,"href":"https:\/\/www.europesays.com\/fi\/wp-json\/wp\/v2\/posts\/95842\/revisions"}],"wp:featuredmedia":[{"embeddable":true,"href":"https:\/\/www.europesays.com\/fi\/wp-json\/wp\/v2\/media\/95843"}],"wp:attachment":[{"href":"https:\/\/www.europesays.com\/fi\/wp-json\/wp\/v2\/media?parent=95842"}],"wp:term":[{"taxonomy":"category","embeddable":true,"href":"https:\/\/www.europesays.com\/fi\/wp-json\/wp\/v2\/categories?post=95842"},{"taxonomy":"post_tag","embeddable":true,"href":"https:\/\/www.europesays.com\/fi\/wp-json\/wp\/v2\/tags?post=95842"}],"curies":[{"name":"wp","href":"https:\/\/api.w.org\/{rel}","templated":true}]}}