{"id":95848,"date":"2025-11-21T05:42:09","date_gmt":"2025-11-21T05:42:09","guid":{"rendered":"https:\/\/www.europesays.com\/fi\/95848\/"},"modified":"2025-11-21T05:42:09","modified_gmt":"2025-11-21T05:42:09","slug":"analyysi-trumpin-rauhansuunnitelma-ukrainalle-kummastuttaa-venajallakin-ulkomaat","status":"publish","type":"post","link":"https:\/\/www.europesays.com\/fi\/95848\/","title":{"rendered":"Analyysi: Trumpin rauhan\u00adsuunnitelma Ukrainalle kummastuttaa Ven\u00e4j\u00e4ll\u00e4kin | Ulkomaat"},"content":{"rendered":"<p class=\"aw-1gybjub aw-5vja16 kEtdKx kmuxyA yle__article__paragraph\">Kreml on pit\u00e4nyt kielen keskell\u00e4 suuta. Sille Trumpin rauhan\u00adsuunnitelma on kuin mittatilaus\u00adty\u00f6t\u00e4, Moskovan-kirjeenvaihtaja Mika Hentunen kirjoittaa.<\/p>\n<p><img decoding=\"async\" alt=\"Presidentti Putin tapasi erikoisl\u00e4hettil\u00e4s Steve Witkoffin Kremliss\u00e4 6. elokuuta.\" src=\"https:\/\/www.europesays.com\/fi\/wp-content\/uploads\/2025\/11\/39-1506519689c79f9e28bf.jpeg\" class=\"aw-1l9m598 hKVVvP\"\/><\/p>\n<p>Avaa kuvien katselu<\/p>\n<p>Presidentti Putin ja Yhdysvaltain rauhanv\u00e4lityksest\u00e4 vastaava erikoisl\u00e4hettil\u00e4s Steve Witkoff tapasivat Kremliss\u00e4 elokuussa. Kuva: Kremlin lehdist\u00f6toimisto \/ AOP<img decoding=\"async\" alt=\"Mika Hentunen.\" src=\"https:\/\/www.europesays.com\/fi\/wp-content\/uploads\/2025\/09\/39-11150806464924327302.jpeg\" class=\"aw-1l9m598 hKVVvP\"\/><\/p>\n<p>Juttu tiivistettyn\u00e4<\/p>\n<ul class=\"aw-1jjocuh iJTSwP yle__article__list yle__article__list--ul\">\n<li class=\"aw-1j7gwms gNYKfi\">Julkisuuteen on vuotanut Donald Trumpin hallinnon Ukrainan rauhansuunnitelma, joka sis\u00e4lt\u00e4\u00e4 presidentti Vladimir Putinin toiveita.<\/li>\n<li class=\"aw-1j7gwms gNYKfi\">Suunnitelman mukaan Ven\u00e4j\u00e4 saisi koko Donbasin alueen ja Ukrainan asevoimien iskuvoima puolitetaan.<\/li>\n<li class=\"aw-1j7gwms gNYKfi\">Ven\u00e4j\u00e4n johto on todenn\u00e4k\u00f6isesti mieliss\u00e4\u00e4n suunnitelmasta, mutta on toistaiseksi kommentoinut sit\u00e4 niukasti.<\/li>\n<li class=\"aw-1j7gwms gNYKfi\">Ven\u00e4l\u00e4ismediassa pidet\u00e4\u00e4n ep\u00e4todenn\u00e4k\u00f6isen\u00e4, ett\u00e4 Ukrainan johto hyv\u00e4ksyisi Ven\u00e4j\u00e4\u00e4 hy\u00f6dytt\u00e4v\u00e4n sopimuksen.<\/li>\n<\/ul>\n<p class=\"aw-1gybjub aw-1p7kakr kEtdKx cEmitX yle__article__paragraph\">T\u00e4m\u00e4 on teko\u00e4lyn avulla tuotettu, toimittajan tarkistama tiivistelm\u00e4.<\/p>\n<p class=\"aw-1gybjub aw-1p7kakr kEtdKx cEmitX yle__article__paragraph\"><strong class=\"aw-ak79eh KyCXm yle__article__strong\">MOSKOVA<\/strong> Koko Donbas Ven\u00e4j\u00e4lle \u2013 t\u00e4ll\u00e4 hetkell\u00e4 Ukrainalle kuuluvat alueet mukaan lukien.<\/p>\n<p class=\"aw-1gybjub aw-1p7kakr kEtdKx cEmitX yle__article__paragraph\">Ukrainan asevoimat olisivat pysyv\u00e4sti heikommat. Niiden iskuvoima olisi noin puolet nykyisest\u00e4, eik\u00e4 niill\u00e4 olisi keinoja iske\u00e4 Ven\u00e4j\u00e4n sis\u00e4osiin. Ukrainan alueelle ei tulisi l\u00e4nsiliittouman sotilaita.<\/p>\n<p class=\"aw-1gybjub aw-1p7kakr kEtdKx cEmitX yle__article__paragraph\">N\u00e4m\u00e4 presidentti <strong class=\"aw-ak79eh KyCXm yle__article__strong\">Vladimir Putinin<\/strong> toiveet on sis\u00e4llytetty <strong class=\"aw-ak79eh KyCXm yle__article__strong\">Donald Trumpin<\/strong> hallinnon Ukrainaa varten laatimaan rauhansuunnitelmaan, josta tietoja on vuotanut mediaan.<\/p>\n<p class=\"aw-1gybjub aw-1p7kakr kEtdKx cEmitX yle__article__paragraph\">Putin toivoisi saavansa enemm\u00e4n alueita Ukrainan Mustanmeren rannikolta, mutta jo koko Donbasin alue olisi Ven\u00e4j\u00e4lle merkitt\u00e4v\u00e4 voitto. Ven\u00e4j\u00e4 ei ole valloittanut siell\u00e4 juurikaan uusia alueita kolmeen vuoteen.<\/p>\n<p class=\"aw-1gybjub aw-1p7kakr kEtdKx cEmitX yle__article__paragraph\"><strong class=\"aw-ak79eh KyCXm yle__article__strong\">Kirsikkana kakun p\u00e4\u00e4ll\u00e4 Putinin toiveiden mukaan<\/strong> Ven\u00e4j\u00e4st\u00e4 teht\u00e4isiin Ukrainan toinen virallinen kieli ja Ven\u00e4j\u00e4n ortodoksikirkko saisi maassa virallisen aseman.<\/p>\n<p class=\"aw-1gybjub aw-1p7kakr kEtdKx cEmitX yle__article__paragraph\">Yhdysvaltalaiset sosiaalisen median kommentaattorit ep\u00e4ilev\u00e4t, ett\u00e4 tiedot 28-kohtaisesta rauhansuunnitelmasta vuotivat Axios-medialle ven\u00e4l\u00e4isilt\u00e4 neuvottelijoilta.<\/p>\n<p class=\"aw-1gybjub aw-1p7kakr kEtdKx cEmitX yle__article__paragraph\">Kreml on ep\u00e4ilem\u00e4tt\u00e4 hykerrellyt suunnitelman sis\u00e4ll\u00f6st\u00e4, mutta ulosp\u00e4in se on pit\u00e4nyt korostetun niukkaa ja asiallista linjaa.<\/p>\n<p class=\"aw-1gybjub aw-1p7kakr kEtdKx cEmitX yle__article__paragraph\">\u2013 Mit\u00e4\u00e4n uutta lis\u00e4tt\u00e4v\u00e4\u00e4 siihen, mit\u00e4 jo Anchoragessa [Putinin ja Trumpin huipputapaamisessa] puhuttiin, ei ole, tiedottaja <strong class=\"aw-ak79eh KyCXm yle__article__strong\">Dmitri Peskov<\/strong> sanoi.<\/p>\n<p class=\"aw-1gybjub aw-1p7kakr kEtdKx cEmitX yle__article__paragraph\"><strong class=\"aw-ak79eh KyCXm yle__article__strong\">Ven\u00e4j\u00e4n mediassa asiasta on kerrottu<\/strong> l\u00e4hinn\u00e4 l\u00e4nsil\u00e4hteiden pohjalta. Ven\u00e4l\u00e4iset puolustusalan asiantuntijat ovat ihmetelleet rauhansuunnitelmaa.<\/p>\n<p class=\"aw-1gybjub aw-1p7kakr kEtdKx cEmitX yle__article__paragraph\">Kommersant-lehti ihmettelee, mik\u00e4 t\u00e4m\u00e4n kaiken tarkoituksena on. Siihen, ett\u00e4 Ukrainan johto <strong class=\"aw-ak79eh KyCXm yle__article__strong\">Volodymyr Zelenskyin<\/strong> johdolla suostuisi t\u00e4llaiseen rauhaan, lehti ei jaksa uskoa.<\/p>\n<p class=\"aw-1gybjub aw-1p7kakr kEtdKx cEmitX yle__article__paragraph\">Izvestija-lehden politiikan toimittaja <strong class=\"aw-ak79eh KyCXm yle__article__strong\">Daniil Set\u0161kin<\/strong> arvelee, ett\u00e4 korkeintaan Ukrainan hallitusta ravisteleva korruptioskandaali voisi pakottaa Zelenskyin hyv\u00e4ksym\u00e4\u00e4n t\u00e4llaisen sopimuksen.<\/p>\n<p class=\"aw-1gybjub aw-1p7kakr kEtdKx cEmitX yle__article__paragraph\">Moskovassa arki jatkui torstaina samanlaisena kuin se on koko hy\u00f6kk\u00e4yssodan aikana ollut.<\/p>\n<p class=\"aw-1gybjub aw-1p7kakr kEtdKx cEmitX yle__article__paragraph\">Videolla kirjeenvaihtaja Mika Hentunen kertoo tunnelmista Moskovan keskustan Arbat-kadulta:<\/p>\n<p>Video: Denis Baranov \/ Yle, Jukka Koski \/ Yle<\/p>\n","protected":false},"excerpt":{"rendered":"Kreml on pit\u00e4nyt kielen keskell\u00e4 suuta. Sille Trumpin rauhan\u00adsuunnitelma on kuin mittatilaus\u00adty\u00f6t\u00e4, Moskovan-kirjeenvaihtaja Mika Hentunen kirjoittaa. Avaa kuvien&hellip;\n","protected":false},"author":2,"featured_media":95849,"comment_status":"","ping_status":"","sticky":false,"template":"","format":"standard","meta":{"footnotes":""},"categories":[14],"tags":[22,23,585,26,27,33,31,30,17,18744,24,25,28,29,15,18,21,4083,32,19,20,3106,1303,5914,18743,56,16,987,2257,3963,59,60,61],"class_list":{"0":"post-95848","1":"post","2":"type-post","3":"status-publish","4":"format-standard","5":"has-post-thumbnail","7":"category-ulkomaat","8":"tag-breaking-news","9":"tag-breakingnews","10":"tag-donald-trump","11":"tag-featured-news","12":"tag-featurednews","13":"tag-fi","14":"tag-finland","15":"tag-finnish","16":"tag-headlines","17":"tag-ita-ukraina","18":"tag-latest-news","19":"tag-latestnews","20":"tag-main-news","21":"tag-mainnews","22":"tag-news","23":"tag-otsikot","24":"tag-paauutiset","25":"tag-rauhanneuvottelut","26":"tag-suomi","27":"tag-top-stories","28":"tag-topstories","29":"tag-trumpin-ja-putinin-huippukokous","30":"tag-ukraina","31":"tag-ukrainan-asevoimat","32":"tag-ukrainan-presidentti","33":"tag-ulkomaat","34":"tag-uutiset","35":"tag-venajan-hyokkays","36":"tag-vladimir-putin","37":"tag-volodymyr-zelenskyi","38":"tag-world","39":"tag-world-news","40":"tag-worldnews"},"share_on_mastodon":{"url":"","error":"Validation failed: Text character limit of 500 exceeded"},"_links":{"self":[{"href":"https:\/\/www.europesays.com\/fi\/wp-json\/wp\/v2\/posts\/95848","targetHints":{"allow":["GET"]}}],"collection":[{"href":"https:\/\/www.europesays.com\/fi\/wp-json\/wp\/v2\/posts"}],"about":[{"href":"https:\/\/www.europesays.com\/fi\/wp-json\/wp\/v2\/types\/post"}],"author":[{"embeddable":true,"href":"https:\/\/www.europesays.com\/fi\/wp-json\/wp\/v2\/users\/2"}],"replies":[{"embeddable":true,"href":"https:\/\/www.europesays.com\/fi\/wp-json\/wp\/v2\/comments?post=95848"}],"version-history":[{"count":0,"href":"https:\/\/www.europesays.com\/fi\/wp-json\/wp\/v2\/posts\/95848\/revisions"}],"wp:featuredmedia":[{"embeddable":true,"href":"https:\/\/www.europesays.com\/fi\/wp-json\/wp\/v2\/media\/95849"}],"wp:attachment":[{"href":"https:\/\/www.europesays.com\/fi\/wp-json\/wp\/v2\/media?parent=95848"}],"wp:term":[{"taxonomy":"category","embeddable":true,"href":"https:\/\/www.europesays.com\/fi\/wp-json\/wp\/v2\/categories?post=95848"},{"taxonomy":"post_tag","embeddable":true,"href":"https:\/\/www.europesays.com\/fi\/wp-json\/wp\/v2\/tags?post=95848"}],"curies":[{"name":"wp","href":"https:\/\/api.w.org\/{rel}","templated":true}]}}