{"id":95850,"date":"2025-11-21T05:43:07","date_gmt":"2025-11-21T05:43:07","guid":{"rendered":"https:\/\/www.europesays.com\/fi\/95850\/"},"modified":"2025-11-21T05:43:07","modified_gmt":"2025-11-21T05:43:07","slug":"trump-syytti-demokraattipaattajia-vallankumouksellisesta-toiminnasta-ja-uhkaili-heita-kuolemantuomiolla-uutissuomalainen","status":"publish","type":"post","link":"https:\/\/www.europesays.com\/fi\/95850\/","title":{"rendered":"Trump syytti demokraattip\u00e4\u00e4tt\u00e4ji\u00e4 vallankumouksellisesta toiminnasta ja uhkaili heit\u00e4 kuolemantuomiolla | Uutissuomalainen"},"content":{"rendered":"<p>Yhdysvaltain presidentti Donald Trump uhkaili torstaina kuutta demokraattip\u00e4\u00e4tt\u00e4j\u00e4\u00e4 kuolemantuomiolla, koska n\u00e4m\u00e4 olivat kehottaneet asevoimien j\u00e4seni\u00e4 olemaan tottelematta laittomia k\u00e4skyj\u00e4.<\/p>\n<p><a href=\"https:\/\/truthsocial.com\/@realDonaldTrump\/115582417825161974\" rel=\"nofollow noopener\" target=\"_blank\">Truth Social -viestipalvelussaan<\/a> Trump syytti demokraatteja vallankumouksellista toiminnasta ja kuvaili heit\u00e4 pettureiksi. Trumpin mukaan kuusikko tulisi pid\u00e4tt\u00e4\u00e4 ja vied\u00e4 oikeuden eteen.<\/p>\n<p>T\u00e4m\u00e4n j\u00e4lkeen h\u00e4n v\u00e4l\u00e4ytteli erillisess\u00e4 <a href=\"https:\/\/truthsocial.com\/@realDonaldTrump\/115582451169685243\" rel=\"nofollow noopener\" target=\"_blank\">p\u00e4ivityksess\u00e4<\/a> kyseisten demokraattien vangitsemista. Kolmannessa aihetta k\u00e4sittelev\u00e4ss\u00e4 julkaisussaan h\u00e4n puolestaan <a href=\"https:\/\/truthsocial.com\/@realDonaldTrump\/posts\/115582703277798715\" rel=\"nofollow noopener\" target=\"_blank\">sanoi<\/a>, ett\u00e4 rangaistus vallankumouksellisesta toiminnasta on kuolema.<\/p>\n<p>Trump jakoi purkauksensa yhteydess\u00e4 my\u00f6s useita muiden k\u00e4ytt\u00e4jien viestej\u00e4. N\u00e4ist\u00e4 yhdess\u00e4 Trumpia kehotettiin hirtt\u00e4m\u00e4\u00e4n demokraattikuusikko. Viestiss\u00e4 v\u00e4itettiin, ett\u00e4 n\u00e4in olisi tehnyt my\u00f6s maan ensimm\u00e4inen presidentti George Washington.<\/p>\n<p>Demokraattiedustajat olivat esitt\u00e4neet alkuper\u00e4isen vetoomuksensa <a href=\"https:\/\/x.com\/SenatorSlotkin\/status\/1990774492356902948?s=20\" rel=\"nofollow\">viestipalvelu X:ss\u00e4<\/a> julkaistulla videolla. Videolla puhuvat senaattorit Elissa Slotkin ja Mark Kelly sek\u00e4 kongressiedustajat Jason Crow, Maggie Goodlander, Chris Deluzio ja Chrissy Houlahan.<\/p>\n<p>He kaikki ovat toimineet aiemmin Yhdysvaltain asevoimissa tai tiedustelupalveluissa. Kelly on esimerkiksi palvellut laivastossa, mink\u00e4 lis\u00e4ksi h\u00e4n on ollut avaruushallinto Nasan astronauttina. Slotkin puolestaan on ty\u00f6skennellyt CIA:n piikkiin Irakissa.<\/p>\n<p>\u2013\u2009Kenenk\u00e4\u00e4n ei tarvitse toteuttaa k\u00e4skyj\u00e4, jotka rikkovat lakia tai perustuslakiamme, he sanoivat.<\/p>\n<p>\t\t\t\tPerustuslakia uhataan kotimaasta k\u00e4sin<\/p>\n<p>Demokraatit eiv\u00e4t videoviestiss\u00e4\u00e4n tarkentaneet erikseen, mihin k\u00e4skyihin he viittasivat, mutta demokraatit ovat syytt\u00e4neet Trumpin k\u00e4ytt\u00e4v\u00e4n sotilaita yhdysvaltalaisia vastaan.<\/p>\n<p>Trumpin toisen kauden hallinto on muun muassa m\u00e4\u00e4r\u00e4nnyt kansalliskaartin sotilaita useisiin Yhdysvaltain kaupunkeihin, usein vasten paikallisten viranomaisten tahtoa.<\/p>\n<p>\u2013\u2009T\u00e4m\u00e4 hallinto asettaa univormuihin sonnustautuneet sotilas- ja tiedustelualan ammattilaisemme Yhdysvaltain kansalaisia vastaan, demokraattikuusikko sanoi videollaan.<\/p>\n<p>\u2013\u2009Kuten me, tekin vannoitte valan suojella ja puolustaa t\u00e4t\u00e4 perustuslakia. T\u00e4ll\u00e4 hetkell\u00e4 perustuslakiimme kohdistuvat uhat eiv\u00e4t tule vain ulkomailta, vaan my\u00f6s t\u00e4\u00e4lt\u00e4 kotoa, he jatkoivat.<\/p>\n<p>Trumpin johdossa Yhdysvaltain asevoimat on my\u00f6s tehnyt Karibianmerell\u00e4 ja Tyynell\u00e4merell\u00e4 lukuisia iskuja veneisiin, joita hallinto on v\u00e4itt\u00e4nyt k\u00e4ytetyn huumeiden salakuljetukseen. Asiantuntijat ovat katsoneet, ett\u00e4 Yhdysvaltain iskut rikkovat kansainv\u00e4list\u00e4 oikeutta.<\/p>\n<p>\t\t\t\tSlotkin: Aivan sopimatonta<\/p>\n<p>Senaattori Elissa Slotkin <a href=\"https:\/\/x.com\/SenatorSlotkin\/status\/1991571957494448420\" rel=\"nofollow\">korosti<\/a> Trumpin uhanneen h\u00e4nt\u00e4 ja viitt\u00e4 muuta demokraattia pid\u00e4tyksell\u00e4, oikeudenk\u00e4ynnill\u00e4 ja hirttokuolemalla, koska t\u00e4m\u00e4 ei ollut samaa mielt\u00e4 kuusikon julkaiseman videon kanssa.<\/p>\n<p>\u2013\u2009Toivoisin, ett\u00e4 kaikista taustoista tulevat ihmiset \u2013 demokraatit, republikaanit, sitoutumattomat \u2013 olisivat yht\u00e4 mielt\u00e4 siit\u00e4, ett\u00e4 kanssamme eri mielt\u00e4 olevien uhkaileminen kuolemalla on t\u00e4ysin sopimatonta meille amerikkalaisina, h\u00e4n jatkoi.<\/p>\n<p>Slotkin sanoi uskovansa, ett\u00e4 Yhdysvallat on parempi kuin sen nykyinen poliittinen ilmapirii antaa ymm\u00e4rt\u00e4\u00e4.<\/p>\n<p>Kongressiedustaja puolestaan Jason Crow <a href=\"https:\/\/x.com\/RepJasonCrow\/status\/1991569039131570572\" rel=\"nofollow\">julkaisi<\/a> kuusikolta yhteisen lausunnon, jossa he painottivat vannoneensa valan puolustaa Yhdysvaltain perustuslakia.<\/p>\n<p>\u2013\u2009Mik\u00e4\u00e4n uhkaus, pelottelu tai kehotus v\u00e4kivaltaan ei est\u00e4 meit\u00e4 t\u00e4st\u00e4 pyh\u00e4st\u00e4 velvollisuudesta, he sanoivat.<\/p>\n<p>\u2013\u2009Kaikkien amerikkalaisten on tultava yhteen ja tuomittava presidentin kehotukset murhiin ja poliittiseen v\u00e4kivaltaan.<\/p>\n<p>\t\t\t\tValkoinen talo koitti pakitella<\/p>\n<p>Trumpin puheet tyrm\u00e4ttiin my\u00f6s muualta demokraattien riveist\u00e4.<\/p>\n<p>\u2013\u2009Trump vaati juuri vaaleilla valittujen demokraattip\u00e4\u00e4tt\u00e4jien kuolemaa. T\u00e4ysin h\u00e4pe\u00e4llist\u00e4, puolue kirjoitti <a href=\"https:\/\/x.com\/TheDemocrats\/status\/1991545101919678734\" rel=\"nofollow\">X:ss\u00e4<\/a>.<\/p>\n<p>Senaatin v\u00e4hemmist\u00f6johtaja, demokraatti Chuck Schumer syytti Trumpia v\u00e4kivallan lietsomisesta kannattajiensa keskuudessa.<\/p>\n<p>Valkoinen talo koitti sen sijaan lievent\u00e4\u00e4 puheita j\u00e4lkik\u00e4teen Trumpin puolesta. Lehdist\u00f6sihteeri Karoline Leavittin mukaan presidentti ei halunnut, ett\u00e4 kongressin j\u00e4seni\u00e4 teloitetaan. Leavitt kuitenkin arvosteli p\u00e4\u00e4tt\u00e4ji\u00e4 ja vaati toimittajia puuttumaan heid\u00e4n puheisiinsa.<\/p>\n<p>\u2013\u2009Miksi ette puhu siit\u00e4, mit\u00e4 n\u00e4m\u00e4 kongressin j\u00e4senet tekev\u00e4t yllytt\u00e4\u00e4kseen v\u00e4kivaltaan, Leavitt tiedusteli.<\/p>\n","protected":false},"excerpt":{"rendered":"Yhdysvaltain presidentti Donald Trump uhkaili torstaina kuutta demokraattip\u00e4\u00e4tt\u00e4j\u00e4\u00e4 kuolemantuomiolla, koska n\u00e4m\u00e4 olivat kehottaneet asevoimien j\u00e4seni\u00e4 olemaan tottelematta laittomia&hellip;\n","protected":false},"author":2,"featured_media":95851,"comment_status":"","ping_status":"","sticky":false,"template":"","format":"standard","meta":{"footnotes":""},"categories":[12],"tags":[22,23,585,26,27,33,31,30,17,683,24,25,28,29,15,18,21,142,637,144,32,19,20,16,143,145],"class_list":{"0":"post-95850","1":"post","2":"type-post","3":"status-publish","4":"format-standard","5":"has-post-thumbnail","7":"category-suomi","8":"tag-breaking-news","9":"tag-breakingnews","10":"tag-donald-trump","11":"tag-featured-news","12":"tag-featurednews","13":"tag-fi","14":"tag-finland","15":"tag-finnish","16":"tag-headlines","17":"tag-kuolema","18":"tag-latest-news","19":"tag-latestnews","20":"tag-main-news","21":"tag-mainnews","22":"tag-news","23":"tag-otsikot","24":"tag-paauutiset","25":"tag-poliitikot","26":"tag-politiikka","27":"tag-presidentti","28":"tag-suomi","29":"tag-top-stories","30":"tag-topstories","31":"tag-uutiset","32":"tag-yhdysvaltain-politiikka","33":"tag-yhdysvaltalaiset-poliittiset-puolueet"},"share_on_mastodon":{"url":"https:\/\/pubeurope.com\/@fi\/115586099151078161","error":""},"_links":{"self":[{"href":"https:\/\/www.europesays.com\/fi\/wp-json\/wp\/v2\/posts\/95850","targetHints":{"allow":["GET"]}}],"collection":[{"href":"https:\/\/www.europesays.com\/fi\/wp-json\/wp\/v2\/posts"}],"about":[{"href":"https:\/\/www.europesays.com\/fi\/wp-json\/wp\/v2\/types\/post"}],"author":[{"embeddable":true,"href":"https:\/\/www.europesays.com\/fi\/wp-json\/wp\/v2\/users\/2"}],"replies":[{"embeddable":true,"href":"https:\/\/www.europesays.com\/fi\/wp-json\/wp\/v2\/comments?post=95850"}],"version-history":[{"count":0,"href":"https:\/\/www.europesays.com\/fi\/wp-json\/wp\/v2\/posts\/95850\/revisions"}],"wp:featuredmedia":[{"embeddable":true,"href":"https:\/\/www.europesays.com\/fi\/wp-json\/wp\/v2\/media\/95851"}],"wp:attachment":[{"href":"https:\/\/www.europesays.com\/fi\/wp-json\/wp\/v2\/media?parent=95850"}],"wp:term":[{"taxonomy":"category","embeddable":true,"href":"https:\/\/www.europesays.com\/fi\/wp-json\/wp\/v2\/categories?post=95850"},{"taxonomy":"post_tag","embeddable":true,"href":"https:\/\/www.europesays.com\/fi\/wp-json\/wp\/v2\/tags?post=95850"}],"curies":[{"name":"wp","href":"https:\/\/api.w.org\/{rel}","templated":true}]}}