{"id":95854,"date":"2025-11-21T05:56:07","date_gmt":"2025-11-21T05:56:07","guid":{"rendered":"https:\/\/www.europesays.com\/fi\/95854\/"},"modified":"2025-11-21T05:56:07","modified_gmt":"2025-11-21T05:56:07","slug":"suvi-terasniska-yllattyi-taysin-edelleen-ihan-huuli-ymmyrkaisena","status":"publish","type":"post","link":"https:\/\/www.europesays.com\/fi\/95854\/","title":{"rendered":"Suvi Ter\u00e4sniska yll\u00e4ttyi t\u00e4ysin: &#8221;Edelleen ihan huuli ymmyrk\u00e4isen\u00e4&#8221;"},"content":{"rendered":"<p><strong>Suvi Ter\u00e4sniskan a<\/strong>hkera keikkavuosi jatkuu joulukonserttien merkeiss\u00e4. <\/p>\n<p>Vaan ei el\u00e4m\u00e4 ole pelkk\u00e4\u00e4 ty\u00f6ntekoa eli keikkailua! Maanantaina Suvi ehti k\u00e4yd\u00e4 levy-yhti\u00f6ns\u00e4 Warnerin tiloissa aamupalalla laulamassa pari kappaletta uudelta Iltalauluja II -levylt\u00e4\u00e4n. Samalla Suvi yll\u00e4tettiin. Suvi kertoo seuraavaa:<\/p>\n<p>Lue my\u00f6s: <a href=\"https:\/\/www.como.fi\/uutiset\/elamani-biisi-tahti-suvi-terasniskan-faneille-upeita-uutisia-ensi-vuotta-koskien\/\" title=\"El\u00e4m\u00e4ni biisi -t\u00e4hti Suvi Ter\u00e4sniskan faneille upeita uutisia ensi vuotta koskien\" class=\"underline-custom !font-montserrat !font-bold !underline-offset-4 !decoration-4 !decoration-red-600 !text-md\" rel=\"nofollow noopener\" target=\"_blank\">El\u00e4m\u00e4ni biisi -t\u00e4hti Suvi Ter\u00e4sniskan faneille upeita uutisia ensi vuotta koskien<\/a><\/p>\n<p>Lue my\u00f6s: <a href=\"https:\/\/www.como.fi\/uutiset\/upeita-uutisia-suvi-terasniskan-faneille\/\" title=\"Upeita uutisia Suvi Ter\u00e4sniskan faneille!\" class=\"underline-custom !font-montserrat !font-bold !underline-offset-4 !decoration-4 !decoration-red-600 !text-md\" rel=\"nofollow noopener\" target=\"_blank\">Upeita uutisia Suvi Ter\u00e4sniskan faneille!<\/a><\/p>\n<p>\u201dK\u00e4vin Warnerin toimistolla maanantaina aamupalalla laulamassa pari biisi\u00e4 uudelta Iltalauluja II -albumilta. Samalla minut yll\u00e4tettiin edellisen Iltalauluja-albumin tuplaplatinalevyll\u00e4 ja kakulla \u2665\ufe0f<br \/>Iltalauluja julkaistiin viisi vuotta sitten ja se myi muutamassa kuukaudessa 10 000 kpl fyysisen\u00e4 ja sit\u00e4 on striimattu nyt yli 40 000 000 kertaa eri suoratoistopalveluissa. Edelleen ihan huuli ymmyrk\u00e4isen\u00e4 seurailen v\u00e4lill\u00e4 statistiikkaa kun albumin jokainen biisi soi tuhansia kertoja p\u00e4iv\u00e4ss\u00e4. Ei me sit\u00e4 ajateltu kun tammikuussa 2020 sit\u00e4 tehtiin Lerin pajalla.\u201d<\/p>\n<p>Lue my\u00f6s: <a href=\"https:\/\/www.como.fi\/uutiset\/elamani-biisi-sarjassa-ihastuttavalta-suvi-terasniskalta-jattiuutinen\/\" title=\"El\u00e4m\u00e4ni biisi -sarjassa ihastuttavalta Suvi Ter\u00e4sniskalta j\u00e4ttiuutinen\" class=\"underline-custom !font-montserrat !font-bold !underline-offset-4 !decoration-4 !decoration-red-600 !text-md\" rel=\"nofollow noopener\" target=\"_blank\">El\u00e4m\u00e4ni biisi -sarjassa ihastuttavalta Suvi Ter\u00e4sniskalta j\u00e4ttiuutinen<\/a><\/p>\n<p>Katso p\u00e4ivitys alta.<\/p>\n<p>Lue my\u00f6s: <a href=\"https:\/\/www.como.fi\/tilaa-comon-uutiskirje\/\" title=\"Tilaa Comon uutiskirje ja tied\u00e4t mist\u00e4 kahvitauolla puhutaan! Nappaa kotimaan tv-vinkit ja puheenaiheet suoraan s\u00e4hk\u00f6postiin t\u00e4st\u00e4.\" class=\"underline-custom !font-montserrat !font-bold !underline-offset-4 !decoration-4 !decoration-red-600 !text-md\" rel=\"nofollow noopener\" target=\"_blank\">Tilaa Comon uutiskirje ja tied\u00e4t mist\u00e4 kahvitauolla puhutaan! Nappaa kotimaan tv-vinkit ja puheenaiheet suoraan s\u00e4hk\u00f6postiin t\u00e4st\u00e4.<\/a><\/p>\n","protected":false},"excerpt":{"rendered":"Suvi Ter\u00e4sniskan ahkera keikkavuosi jatkuu joulukonserttien merkeiss\u00e4. Vaan ei el\u00e4m\u00e4 ole pelkk\u00e4\u00e4 ty\u00f6ntekoa eli keikkailua! Maanantaina Suvi ehti&hellip;\n","protected":false},"author":2,"featured_media":95855,"comment_status":"","ping_status":"","sticky":false,"template":"","format":"standard","meta":{"footnotes":""},"categories":[136],"tags":[407,137,33,31,30,408,32,6416,109],"class_list":{"0":"post-95854","1":"post","2":"type-post","3":"status-publish","4":"format-standard","5":"has-post-thumbnail","7":"category-julkkikset","8":"tag-celebrities","9":"tag-entertainment","10":"tag-fi","11":"tag-finland","12":"tag-finnish","13":"tag-julkkikset","14":"tag-suomi","15":"tag-suvi-teru00e4sniska","16":"tag-viihde"},"share_on_mastodon":{"url":"https:\/\/pubeurope.com\/@fi\/115586150161045165","error":""},"_links":{"self":[{"href":"https:\/\/www.europesays.com\/fi\/wp-json\/wp\/v2\/posts\/95854","targetHints":{"allow":["GET"]}}],"collection":[{"href":"https:\/\/www.europesays.com\/fi\/wp-json\/wp\/v2\/posts"}],"about":[{"href":"https:\/\/www.europesays.com\/fi\/wp-json\/wp\/v2\/types\/post"}],"author":[{"embeddable":true,"href":"https:\/\/www.europesays.com\/fi\/wp-json\/wp\/v2\/users\/2"}],"replies":[{"embeddable":true,"href":"https:\/\/www.europesays.com\/fi\/wp-json\/wp\/v2\/comments?post=95854"}],"version-history":[{"count":0,"href":"https:\/\/www.europesays.com\/fi\/wp-json\/wp\/v2\/posts\/95854\/revisions"}],"wp:featuredmedia":[{"embeddable":true,"href":"https:\/\/www.europesays.com\/fi\/wp-json\/wp\/v2\/media\/95855"}],"wp:attachment":[{"href":"https:\/\/www.europesays.com\/fi\/wp-json\/wp\/v2\/media?parent=95854"}],"wp:term":[{"taxonomy":"category","embeddable":true,"href":"https:\/\/www.europesays.com\/fi\/wp-json\/wp\/v2\/categories?post=95854"},{"taxonomy":"post_tag","embeddable":true,"href":"https:\/\/www.europesays.com\/fi\/wp-json\/wp\/v2\/tags?post=95854"}],"curies":[{"name":"wp","href":"https:\/\/api.w.org\/{rel}","templated":true}]}}