{"id":95862,"date":"2025-11-21T06:04:08","date_gmt":"2025-11-21T06:04:08","guid":{"rendered":"https:\/\/www.europesays.com\/fi\/95862\/"},"modified":"2025-11-21T06:04:08","modified_gmt":"2025-11-21T06:04:08","slug":"mikko-parikan-perheunelma-neljas-lapsi-syntyi-ja-perhe-on-nyt-valmis","status":"publish","type":"post","link":"https:\/\/www.europesays.com\/fi\/95862\/","title":{"rendered":"Mikko Parikan perheunelma: Nelj\u00e4s lapsi syntyi ja perhe on nyt valmis"},"content":{"rendered":"<p class=\"article-content article-content-width !bg-background\">Salatuissa El\u00e4miss\u00e4\u00a0Jirin roolia n\u00e4yttelev\u00e4 nappisilm\u00e4inen\u00a0<a alt=\"Haku\" class=\"text-primary-red font-extrabold\" href=\"https:\/\/www.seiska.fi\/haku?q=Mikko Parikka\" rel=\"nofollow noopener\" target=\"_blank\">Mikko Parikka<\/a>\u00a0el\u00e4\u00e4 nyt perheunelmaansa.<\/p>\n<p class=\"article-content article-content-width !bg-background\">H\u00e4nen ja kumppaninsa <a alt=\"Haku\" class=\"text-primary-red font-extrabold\" href=\"https:\/\/www.seiska.fi\/haku?q=Sara Parikan\" rel=\"nofollow noopener\" target=\"_blank\">Sara Parikan<\/a>\u00a0nelj\u00e4s lapsi syntyi t\u00e4n\u00e4 syksyn\u00e4, ja Mikko toivookin p\u00e4\u00e4sev\u00e4ns\u00e4 viett\u00e4m\u00e4\u00e4n laatuaikaa perheen uuden tulokkaan kanssa.<\/p>\n<p class=\"article-content article-content-width !bg-background\">Perheell\u00e4 riitt\u00e4\u00e4 vilin\u00e4\u00e4 ja vilskett\u00e4 hirsitalon neli\u00f6iss\u00e4.<\/p>\n<p>Onko Parikan perhe on nyt valmis?<\/p>\n<p class=\"article-content article-content-width !bg-background\">Mikko kertoo Seiskalle unelmoivansa siit\u00e4, ett\u00e4 voisi viett\u00e4\u00e4 aikaa lasten kanssa kotona \u2013 erityisesti tuoreen tulokkaan kanssa. Mikon mukaan lasten kanssa aika lent\u00e4\u00e4 siivill\u00e4.\u00a0\u00a0<\/p>\n<p class=\"article-content article-content-width !bg-background\">\u2013 Ensimm\u00e4inen vuosi h\u00e4nen el\u00e4m\u00e4st\u00e4\u00e4n se menee vauhdilla, jokainen vaihe on niin lyhyt ja uniikki, haluun pit\u00e4\u00e4 niist\u00e4 hetkist\u00e4 kiinni\u00a0kaksin k\u00e4sin, kuvailee Mikko tyytyv\u00e4in\u00e4 Seiskalle.\u00a0<\/p>\n<p class=\"article-content article-content-width !bg-background\">Nelilapsisessa perheess\u00e4 riitt\u00e4\u00e4 tekemist\u00e4, joten viel\u00e4k\u00f6 Parikan perheess\u00e4 olisi tilaa uudelle tulokkaalle? Mikon vastaus on selke\u00e4 ja napakka.\u00a0<\/p>\n<p class=\"article-content article-content-width !bg-background\">\u2013 Kyll\u00e4 se on nyt t\u00e4ss\u00e4! Alkaa tila ja huoneet loppua kesken. N\u00e4in on hyv\u00e4, naurahtaa Mikko Seiskalle.\u00a0<\/p>\n","protected":false},"excerpt":{"rendered":"Salatuissa El\u00e4miss\u00e4\u00a0Jirin roolia n\u00e4yttelev\u00e4 nappisilm\u00e4inen\u00a0Mikko Parikka\u00a0el\u00e4\u00e4 nyt perheunelmaansa. H\u00e4nen ja kumppaninsa Sara Parikan\u00a0nelj\u00e4s lapsi syntyi t\u00e4n\u00e4 syksyn\u00e4, ja&hellip;\n","protected":false},"author":2,"featured_media":95863,"comment_status":"","ping_status":"","sticky":false,"template":"","format":"standard","meta":{"footnotes":""},"categories":[130],"tags":[137,33,31,30,1127,8999,98,209,5401,32,109],"class_list":{"0":"post-95862","1":"post","2":"type-post","3":"status-publish","4":"format-standard","5":"has-post-thumbnail","7":"category-viihde","8":"tag-entertainment","9":"tag-fi","10":"tag-finland","11":"tag-finnish","12":"tag-lapsi","13":"tag-mikko-parikka","14":"tag-perhe","15":"tag-salatut-elamat","16":"tag-sara-parikka","17":"tag-suomi","18":"tag-viihde"},"share_on_mastodon":{"url":"https:\/\/pubeurope.com\/@fi\/115586181598720267","error":""},"_links":{"self":[{"href":"https:\/\/www.europesays.com\/fi\/wp-json\/wp\/v2\/posts\/95862","targetHints":{"allow":["GET"]}}],"collection":[{"href":"https:\/\/www.europesays.com\/fi\/wp-json\/wp\/v2\/posts"}],"about":[{"href":"https:\/\/www.europesays.com\/fi\/wp-json\/wp\/v2\/types\/post"}],"author":[{"embeddable":true,"href":"https:\/\/www.europesays.com\/fi\/wp-json\/wp\/v2\/users\/2"}],"replies":[{"embeddable":true,"href":"https:\/\/www.europesays.com\/fi\/wp-json\/wp\/v2\/comments?post=95862"}],"version-history":[{"count":0,"href":"https:\/\/www.europesays.com\/fi\/wp-json\/wp\/v2\/posts\/95862\/revisions"}],"wp:featuredmedia":[{"embeddable":true,"href":"https:\/\/www.europesays.com\/fi\/wp-json\/wp\/v2\/media\/95863"}],"wp:attachment":[{"href":"https:\/\/www.europesays.com\/fi\/wp-json\/wp\/v2\/media?parent=95862"}],"wp:term":[{"taxonomy":"category","embeddable":true,"href":"https:\/\/www.europesays.com\/fi\/wp-json\/wp\/v2\/categories?post=95862"},{"taxonomy":"post_tag","embeddable":true,"href":"https:\/\/www.europesays.com\/fi\/wp-json\/wp\/v2\/tags?post=95862"}],"curies":[{"name":"wp","href":"https:\/\/api.w.org\/{rel}","templated":true}]}}