{"id":95868,"date":"2025-11-21T06:08:09","date_gmt":"2025-11-21T06:08:09","guid":{"rendered":"https:\/\/www.europesays.com\/fi\/95868\/"},"modified":"2025-11-21T06:08:09","modified_gmt":"2025-11-21T06:08:09","slug":"zelenskyi-puhui-presidentti-stubbin-kanssa","status":"publish","type":"post","link":"https:\/\/www.europesays.com\/fi\/95868\/","title":{"rendered":"Zelenskyi puhui presidentti Stubbin kanssa"},"content":{"rendered":"<p><strong class=\"typography-bold\">Ukrainan presidentti Volodymyr Zelenskyi kertoo, ett\u00e4 h\u00e4n on puhunut torstaina presidentti Alexander Stubbin kanssa.<\/strong><\/p>\n<p>Zelenskyi sanoo, ett\u00e4 kaksikko koordinoi pyrkimyksi\u00e4\u00e4n, mutta ei avaa keskustelun sis\u00e4lt\u00f6\u00e4 t\u00e4m\u00e4n tarkemmin. Stubb tai h\u00e4nen kansliansa ei ole kommentoinut asiaa.<\/p>\n<p>Ukrainalaispresidentti kertoo lis\u00e4ksi olevansa jatkuvassa yhteydess\u00e4 muihin johtajiin. Zelenskyi sanoo, ett\u00e4 h\u00e4n odottaa keskustelevansa l\u00e4hip\u00e4ivin\u00e4 Yhdysvaltain presidentin <strong class=\"typography-bold\">Donald Trumpin<\/strong> kanssa.<\/p>\n<p>Zelenskyin kanslia vahvisti aiemmin, ett\u00e4 Ukraina on saanut luonnoksen Yhdysvaltain uudesta rauhansuunnitelmasta.<\/p>\n<p>Lue my\u00f6s: <a class=\"underline\" data-testid=\"internal-link\" role=\"link\" data-sentry-element=\"Link\" data-sentry-component=\"InternalLink\" data-sentry-source-file=\"InternalLink.tsx\" href=\"https:\/\/www.mtvuutiset.fi\/artikkeli\/tallainen-on-usa-n-ja-venajan-ukraina-suunnitelma\/9258898\" rel=\"nofollow noopener\" target=\"_blank\">T\u00e4llainen on USA:n ja Ven\u00e4j\u00e4n karu Ukraina-suunnitelma<\/a><\/p>\n","protected":false},"excerpt":{"rendered":"Ukrainan presidentti Volodymyr Zelenskyi kertoo, ett\u00e4 h\u00e4n on puhunut torstaina presidentti Alexander Stubbin kanssa. Zelenskyi sanoo, ett\u00e4 kaksikko&hellip;\n","protected":false},"author":2,"featured_media":95869,"comment_status":"","ping_status":"","sticky":false,"template":"","format":"standard","meta":{"footnotes":""},"categories":[14],"tags":[22,23,26,27,33,31,30,17,24,25,28,29,15,18,21,32,19,20,56,16,59,60,61],"class_list":{"0":"post-95868","1":"post","2":"type-post","3":"status-publish","4":"format-standard","5":"has-post-thumbnail","7":"category-ulkomaat","8":"tag-breaking-news","9":"tag-breakingnews","10":"tag-featured-news","11":"tag-featurednews","12":"tag-fi","13":"tag-finland","14":"tag-finnish","15":"tag-headlines","16":"tag-latest-news","17":"tag-latestnews","18":"tag-main-news","19":"tag-mainnews","20":"tag-news","21":"tag-otsikot","22":"tag-paauutiset","23":"tag-suomi","24":"tag-top-stories","25":"tag-topstories","26":"tag-ulkomaat","27":"tag-uutiset","28":"tag-world","29":"tag-world-news","30":"tag-worldnews"},"share_on_mastodon":{"url":"https:\/\/pubeurope.com\/@fi\/115586198175368818","error":""},"_links":{"self":[{"href":"https:\/\/www.europesays.com\/fi\/wp-json\/wp\/v2\/posts\/95868","targetHints":{"allow":["GET"]}}],"collection":[{"href":"https:\/\/www.europesays.com\/fi\/wp-json\/wp\/v2\/posts"}],"about":[{"href":"https:\/\/www.europesays.com\/fi\/wp-json\/wp\/v2\/types\/post"}],"author":[{"embeddable":true,"href":"https:\/\/www.europesays.com\/fi\/wp-json\/wp\/v2\/users\/2"}],"replies":[{"embeddable":true,"href":"https:\/\/www.europesays.com\/fi\/wp-json\/wp\/v2\/comments?post=95868"}],"version-history":[{"count":0,"href":"https:\/\/www.europesays.com\/fi\/wp-json\/wp\/v2\/posts\/95868\/revisions"}],"wp:featuredmedia":[{"embeddable":true,"href":"https:\/\/www.europesays.com\/fi\/wp-json\/wp\/v2\/media\/95869"}],"wp:attachment":[{"href":"https:\/\/www.europesays.com\/fi\/wp-json\/wp\/v2\/media?parent=95868"}],"wp:term":[{"taxonomy":"category","embeddable":true,"href":"https:\/\/www.europesays.com\/fi\/wp-json\/wp\/v2\/categories?post=95868"},{"taxonomy":"post_tag","embeddable":true,"href":"https:\/\/www.europesays.com\/fi\/wp-json\/wp\/v2\/tags?post=95868"}],"curies":[{"name":"wp","href":"https:\/\/api.w.org\/{rel}","templated":true}]}}