{"id":95888,"date":"2025-11-21T06:36:11","date_gmt":"2025-11-21T06:36:11","guid":{"rendered":"https:\/\/www.europesays.com\/fi\/95888\/"},"modified":"2025-11-21T06:36:11","modified_gmt":"2025-11-21T06:36:11","slug":"hurjaa-puhetta-kulisseissa-nhln-supertahti-venajalle","status":"publish","type":"post","link":"https:\/\/www.europesays.com\/fi\/95888\/","title":{"rendered":"Hurjaa puhetta kulisseissa: NHL:n supert\u00e4hti Ven\u00e4j\u00e4lle?"},"content":{"rendered":"<p>Spekulaatiot Artemi Panarinin ymp\u00e4rill\u00e4 kiihtyv\u00e4t.<\/p>\n<p><img decoding=\"async\" class=\"image image-show image-preview\" src=\"https:\/\/www.europesays.com\/fi\/wp-content\/uploads\/2025\/11\/38bfc5eb5c447b1d7ae79ac89f0a851c5b032b4d73dae0927b4b30ea9f7bcba2.jpg\" alt=\"\"\/><img decoding=\"async\" class=\"image image-show\" src=\"https:\/\/www.europesays.com\/fi\/wp-content\/uploads\/2025\/11\/1763706971_911_38bfc5eb5c447b1d7ae79ac89f0a851c5b032b4d73dae0927b4b30ea9f7bcba2.jpg\" alt=\"\"\/><\/p>\n<p>Artemi Panarinilla ei ole viel\u00e4 sopimusta minnek\u00e4\u00e4n ensi kaudeksi. AOP<\/p>\n<p class=\"paragraph\"><a href=\"https:\/\/www.si.com\/onsi\/breakaway\/new-york-rangers\/artemi-panarin-could-leave-nhl-shocking-move\" target=\"_blank\" rel=\"noopener nofollow\">Sports Illustraded<\/a> (SI) uutisoi torstaina NHL:n supert\u00e4hti <strong>Artemi Panarinin<\/strong> tilanteesta. New York Rangersin ven\u00e4l\u00e4inen huippuhy\u00f6kk\u00e4\u00e4j\u00e4 pelaa viimeist\u00e4 kauttaan nykyisen sopimuksensa alaisena.<\/p>\n<p class=\"paragraph\">Uudesta sopimuksesta ei ole tietoa.<\/p>\n<p class=\"paragraph\">Siksi Panarinista voi tulla eritt\u00e4in mielenkiintoinen nimi vapailla markkinoilla, jos h\u00e4n ei p\u00e4\u00e4t\u00e4 jatkaa uraansa Rangersissa.<\/p>\n<p class=\"paragraph\">New Yorkin suurseura on kynt\u00e4nyt pahasti NHL:ss\u00e4 t\u00e4ll\u00e4 kaudella, eik\u00e4 se ole kyennyt nousemaan vakavasti otettavaksi mestariehdokkaaksi. 34-vuotias Panarin voi siis olla l\u00e4ht\u00f6kuopissa.<\/p>\n<p class=\"paragraph\">SI viittaa jutussaan my\u00f6s taannoiseen RG-sivuston juttuun, jossa haastateltiin entist\u00e4 Rangers-t\u00e4hte\u00e4, Panarinin maanmiest\u00e4 <strong>Aleksei Kovaljovia<\/strong>.<\/p>\n<p class=\"paragraph\">Kovaljovilla on yh\u00e4 asunto New Yorkissa, RG:n mukaan hyvin l\u00e4hell\u00e4 Panarinin kotia.<\/p>\n<p class=\"paragraph\">\u2013\u2009On puhuttu jopa sellaista, Panarin l\u00e4htisi NHL:st\u00e4 ja palaisi Ven\u00e4j\u00e4lle. En tied\u00e4, onko se totta, mutta niin kuiskitaan, Kovaljov sanoi.<\/p>\n<p class=\"paragraph\">H\u00e4n lis\u00e4si, ett\u00e4 Panarinille raha ei ole kaikki kaikessa. Panarin saisi edelleen maukkaan tilipussin NHL:ss\u00e4.<\/p>\n<p class=\"paragraph\">Toissa kaudella h\u00e4n pelasi uransa tehokkaimman sesongin, kun 82 runkosarjaottelussa syntyi tehot 49+71=120.<\/p>\n<p>Kritisoi Putinia<\/p>\n<p class=\"paragraph\">Panarin on saanut julkisuutta my\u00f6s kannanotoillaan. Vuonna 2019 h\u00e4n kritisoi painokkaasti <strong>Vladimir Putinin<\/strong> johtamaa hallintoa ja muun muassa Ven\u00e4j\u00e4n rajoitettua sananvapautta.<\/p>\n<p class=\"paragraph\">Viisi vuotta my\u00f6hemmin Panarin kuitenkin py\u00f6rsi puheitaan ven\u00e4l\u00e4ismediassa .<\/p>\n<p class=\"paragraph\">\u2013\u2009Se oli vastuutonta. Kadunko sit\u00e4? En kovin paljon. Joskus voi k\u00e4yd\u00e4 niin, ett\u00e4 esitt\u00e4\u00e4 vastuuttomasti v\u00e4\u00e4r\u00e4n mielipiteen. Vastuuni on olla esikuva esimerkiksi nuorille, ja siksi sellaiset puheeni esimerkiksi Ven\u00e4j\u00e4n oikeusj\u00e4rjestelm\u00e4st\u00e4 olivat typeri\u00e4, Panarin sanoi Sport-Expressille.<\/p>\n<p class=\"paragraph\">Rangers on it\u00e4isess\u00e4 konferenssissa kolmanneksi viimeisen\u00e4. 22 ottelua pelannut Panarin on ker\u00e4nnyt pisteet 5+14=19.<\/p>\n","protected":false},"excerpt":{"rendered":"Spekulaatiot Artemi Panarinin ymp\u00e4rill\u00e4 kiihtyv\u00e4t. Artemi Panarinilla ei ole viel\u00e4 sopimusta minnek\u00e4\u00e4n ensi kaudeksi. AOP Sports Illustraded (SI)&hellip;\n","protected":false},"author":2,"featured_media":95889,"comment_status":"","ping_status":"","sticky":false,"template":"","format":"standard","meta":{"footnotes":""},"categories":[5],"tags":[35,1144,1274,22,23,26,27,33,31,30,17,1143,24,25,41,28,29,15,18,21,32,1145,19,20,16],"class_list":{"0":"post-95888","1":"post","2":"type-post","3":"status-publish","4":"format-standard","5":"has-post-thumbnail","7":"category-otsikot","8":"tag-24h","9":"tag-ammattilaisjaakiekko","10":"tag-ammattiurheilu","11":"tag-breaking-news","12":"tag-breakingnews","13":"tag-featured-news","14":"tag-featurednews","15":"tag-fi","16":"tag-finland","17":"tag-finnish","18":"tag-headlines","19":"tag-jaakiekko","20":"tag-latest-news","21":"tag-latestnews","22":"tag-liikunta-ja-urheilu","23":"tag-main-news","24":"tag-mainnews","25":"tag-news","26":"tag-otsikot","27":"tag-paauutiset","28":"tag-suomi","29":"tag-talviurheilu","30":"tag-top-stories","31":"tag-topstories","32":"tag-uutiset"},"share_on_mastodon":{"url":"https:\/\/pubeurope.com\/@fi\/115586307603959614","error":""},"_links":{"self":[{"href":"https:\/\/www.europesays.com\/fi\/wp-json\/wp\/v2\/posts\/95888","targetHints":{"allow":["GET"]}}],"collection":[{"href":"https:\/\/www.europesays.com\/fi\/wp-json\/wp\/v2\/posts"}],"about":[{"href":"https:\/\/www.europesays.com\/fi\/wp-json\/wp\/v2\/types\/post"}],"author":[{"embeddable":true,"href":"https:\/\/www.europesays.com\/fi\/wp-json\/wp\/v2\/users\/2"}],"replies":[{"embeddable":true,"href":"https:\/\/www.europesays.com\/fi\/wp-json\/wp\/v2\/comments?post=95888"}],"version-history":[{"count":0,"href":"https:\/\/www.europesays.com\/fi\/wp-json\/wp\/v2\/posts\/95888\/revisions"}],"wp:featuredmedia":[{"embeddable":true,"href":"https:\/\/www.europesays.com\/fi\/wp-json\/wp\/v2\/media\/95889"}],"wp:attachment":[{"href":"https:\/\/www.europesays.com\/fi\/wp-json\/wp\/v2\/media?parent=95888"}],"wp:term":[{"taxonomy":"category","embeddable":true,"href":"https:\/\/www.europesays.com\/fi\/wp-json\/wp\/v2\/categories?post=95888"},{"taxonomy":"post_tag","embeddable":true,"href":"https:\/\/www.europesays.com\/fi\/wp-json\/wp\/v2\/tags?post=95888"}],"curies":[{"name":"wp","href":"https:\/\/api.w.org\/{rel}","templated":true}]}}