{"id":95892,"date":"2025-11-21T06:56:08","date_gmt":"2025-11-21T06:56:08","guid":{"rendered":"https:\/\/www.europesays.com\/fi\/95892\/"},"modified":"2025-11-21T06:56:08","modified_gmt":"2025-11-21T06:56:08","slug":"lukijan-kirjoitus-kouluhaaveille-kylmaa-kyytia-karjalainen","status":"publish","type":"post","link":"https:\/\/www.europesays.com\/fi\/95892\/","title":{"rendered":"Lukijan kirjoitus | Kouluhaaveille kylm\u00e4\u00e4 kyyti\u00e4 &#8211; Karjalainen"},"content":{"rendered":"<ol>\n<li><a href=\"https:\/\/news.google.com\/rss\/articles\/CBMiaEFVX3lxTE8xY2xLaW05eUJDY1o5NjZLMHlnYmtmV2RVUnNOWGhOWlY2dWpSNFhVZG5JNy1rbzYzdG9Oblo1aEMybWY1ZzNLM2FqV194WkpyMHhqSG1waWZIc0wwTVAzb3ctMVBvVWZO?oc=5\" target=\"_blank\" rel=\"nofollow noopener\">Lukijan kirjoitus | Kouluhaaveille kylm\u00e4\u00e4 kyyti\u00e4<\/a>&nbsp;&nbsp;Karjalainen<\/li>\n<li><a href=\"https:\/\/news.google.com\/rss\/articles\/CBMiWkFVX3lxTE5HR3Q5eWZ3NGMxWVZrMVJtM3Fza3RQRXZPaEVCSW1YRXZFUnhPMjJEVjFuWTFCT3Y5VEM4cHNKaGlnblVwa2tDSUFFRXlHRDBLNXl0dmZPZEtMZw?oc=5\" target=\"_blank\" rel=\"nofollow noopener\">Lautakunnalta vihre\u00e4\u00e4 valoa etel\u00e4isen Joensuun koulusuunnitelmille \u2013 Esitt\u00e4\u00e4 uutta koulua Reijolaan<\/a>&nbsp;&nbsp;Karjalainen<\/li>\n<li><a href=\"https:\/\/news.google.com\/rss\/articles\/CBMiUkFVX3lxTE9zMGh3OVcxemw0alE3Z1p5WHZCWWl5QjV6Z1AyV1lZd052VTZrcXhUSTdMeUt2eGpGY0dPZWwzcVNBM2NYaVhCd2xFLXZxUW1OVlE?oc=5\" target=\"_blank\" rel=\"nofollow noopener\">Lautakunnassa t\u00e4p\u00e4r\u00e4 \u00e4\u00e4nestys etel\u00e4isest\u00e4 kouluratkaisusta<\/a>&nbsp;&nbsp;Karjalan Heili<\/li>\n<li><a href=\"https:\/\/news.google.com\/rss\/articles\/CBMiaEFVX3lxTE9oVVZJYzJ1MlNkRlViS2R4UjdkeGI0QWVGWXJVRG5VbUFvd3V0Z1J1Y3FQR0ljS1ZERGx5SEZsc2FCdV9mNDdDQkt4VkpKTFlBOXc5Z09iQW1hUTFDbGlzLXVvbjQ0akpq?oc=5\" target=\"_blank\" rel=\"nofollow noopener\">Tekstiviestit | &#8221;Hyv\u00e4 yleis\u00f6osaston kirjoitus Joensuun kouluverkosta. Joensuun motto: Hajota (kyli\u00e4) ja hallitse! Saa k\u00e4ytt\u00e4\u00e4!&#8221;<\/a>&nbsp;&nbsp;Karjalainen<\/li>\n<\/ol>\n","protected":false},"excerpt":{"rendered":"Lukijan kirjoitus | Kouluhaaveille kylm\u00e4\u00e4 kyyti\u00e4&nbsp;&nbsp;Karjalainen Lautakunnalta vihre\u00e4\u00e4 valoa etel\u00e4isen Joensuun koulusuunnitelmille \u2013 Esitt\u00e4\u00e4 uutta koulua Reijolaan&nbsp;&nbsp;Karjalainen Lautakunnassa&hellip;\n","protected":false},"author":2,"featured_media":87183,"comment_status":"","ping_status":"","sticky":false,"template":"","format":"standard","meta":{"footnotes":""},"categories":[130],"tags":[681,137,33,31,30,96,757,1833,6268,32,109],"class_list":{"0":"post-95892","1":"post","2":"type-post","3":"status-publish","4":"format-standard","5":"has-post-thumbnail","7":"category-viihde","8":"tag-alue-ja-paikallishallinto","9":"tag-entertainment","10":"tag-fi","11":"tag-finland","12":"tag-finnish","13":"tag-koulutus","14":"tag-koulutus-ja-kasvatus","15":"tag-kunnat","16":"tag-mielipidekirjoitukset","17":"tag-suomi","18":"tag-viihde"},"share_on_mastodon":{"url":"https:\/\/pubeurope.com\/@fi\/115586386078318066","error":""},"_links":{"self":[{"href":"https:\/\/www.europesays.com\/fi\/wp-json\/wp\/v2\/posts\/95892","targetHints":{"allow":["GET"]}}],"collection":[{"href":"https:\/\/www.europesays.com\/fi\/wp-json\/wp\/v2\/posts"}],"about":[{"href":"https:\/\/www.europesays.com\/fi\/wp-json\/wp\/v2\/types\/post"}],"author":[{"embeddable":true,"href":"https:\/\/www.europesays.com\/fi\/wp-json\/wp\/v2\/users\/2"}],"replies":[{"embeddable":true,"href":"https:\/\/www.europesays.com\/fi\/wp-json\/wp\/v2\/comments?post=95892"}],"version-history":[{"count":0,"href":"https:\/\/www.europesays.com\/fi\/wp-json\/wp\/v2\/posts\/95892\/revisions"}],"wp:featuredmedia":[{"embeddable":true,"href":"https:\/\/www.europesays.com\/fi\/wp-json\/wp\/v2\/media\/87183"}],"wp:attachment":[{"href":"https:\/\/www.europesays.com\/fi\/wp-json\/wp\/v2\/media?parent=95892"}],"wp:term":[{"taxonomy":"category","embeddable":true,"href":"https:\/\/www.europesays.com\/fi\/wp-json\/wp\/v2\/categories?post=95892"},{"taxonomy":"post_tag","embeddable":true,"href":"https:\/\/www.europesays.com\/fi\/wp-json\/wp\/v2\/tags?post=95892"}],"curies":[{"name":"wp","href":"https:\/\/api.w.org\/{rel}","templated":true}]}}