{"id":95903,"date":"2025-11-21T07:22:07","date_gmt":"2025-11-21T07:22:07","guid":{"rendered":"https:\/\/www.europesays.com\/fi\/95903\/"},"modified":"2025-11-21T07:22:07","modified_gmt":"2025-11-21T07:22:07","slug":"sarah-dzafce-ei-paassyt-miss-universum-kilvan-karkikahinoihin-kiittaa-kokemuksesta-taa-on-ollut-aivan-huikea-matka-savo","status":"publish","type":"post","link":"https:\/\/www.europesays.com\/fi\/95903\/","title":{"rendered":"Sarah Dzafce ei p\u00e4\u00e4ssyt Miss Universum -kilvan k\u00e4rkikahinoihin \u2013\u2009kiitt\u00e4\u00e4 kokemuksesta: &#8221;T\u00e4\u00e4 on ollut aivan huikea matka&#8221; | Savo"},"content":{"rendered":"<p>Kuopiolaisl\u00e4ht\u00f6isen <strong>Sarah Dzafcen<\/strong> taival Miss Universum -kilvassa p\u00e4\u00e4ttyi jo ennen uimapukukierrosta.<\/p>\n<p>\u2013 En valitettavasti ollut mukana, mutta ei se haittaa. Tunnelma on silti katossa, Dzafce kommentoi Instagram-stooriinsa tuoreeltaan valintojen j\u00e4lkeen.<\/p>\n<p>Maailman kauneimmaksi kruunattiin meksikolainen 25-vuotias meksikolainen <strong>F\u00e1tima Bosch<\/strong>. K\u00e4rkiviisikon joukkoon ei mahtunut yht\u00e4\u00e4n eurooppalaista. Voittaja kruunattiin Suomen aikaa aamukuudelta.<\/p>\n<p>Dzafcen Thaimaan kilpataipaleen varrelle mahtui vastoink\u00e4ymisi\u00e4, sill\u00e4 h\u00e4n sairastui reissun alkuvaiheessa kurkkukipuun. H\u00e4n osallistui silti viime keskiviikkona kansallispuku- ja preliminary-kierroksille hyvinvoivan oloisena.<\/p>\n<p>Dzafce l\u00e4hetti aamuy\u00f6ll\u00e4 kiitoksensa suomalaisille Miss Finlandin Facebook-sivujen kautta videotervehdyksell\u00e4.<\/p>\n<p>\u2013 Hei Suomen kansa. Kiitos tuesta ja rakkaudesta. Kiitos perheelle, kiitos yhteisty\u00f6kumppaneille, kiitos Miss Suomi -organisaatiolle. T\u00e4\u00e4 on ollut aivan huikea matka. Rauhaa ja rakkautta, Dzafce kiitteli.<\/p>\n","protected":false},"excerpt":{"rendered":"Kuopiolaisl\u00e4ht\u00f6isen Sarah Dzafcen taival Miss Universum -kilvassa p\u00e4\u00e4ttyi jo ennen uimapukukierrosta. \u2013 En valitettavasti ollut mukana, mutta ei&hellip;\n","protected":false},"author":2,"featured_media":95904,"comment_status":"","ping_status":"","sticky":false,"template":"","format":"standard","meta":{"footnotes":""},"categories":[130],"tags":[2110,137,33,31,30,876,1132,3457,18746,32,109],"class_list":{"0":"post-95903","1":"post","2":"type-post","3":"status-publish","4":"format-standard","5":"has-post-thumbnail","7":"category-viihde","8":"tag-elamantapa-ja-vapaa-aika","9":"tag-entertainment","10":"tag-fi","11":"tag-finland","12":"tag-finnish","13":"tag-fyysinen-kauneus","14":"tag-kuopio","15":"tag-miss-universum","16":"tag-missikilpailut","17":"tag-suomi","18":"tag-viihde"},"share_on_mastodon":{"url":"https:\/\/pubeurope.com\/@fi\/115586488256411096","error":""},"_links":{"self":[{"href":"https:\/\/www.europesays.com\/fi\/wp-json\/wp\/v2\/posts\/95903","targetHints":{"allow":["GET"]}}],"collection":[{"href":"https:\/\/www.europesays.com\/fi\/wp-json\/wp\/v2\/posts"}],"about":[{"href":"https:\/\/www.europesays.com\/fi\/wp-json\/wp\/v2\/types\/post"}],"author":[{"embeddable":true,"href":"https:\/\/www.europesays.com\/fi\/wp-json\/wp\/v2\/users\/2"}],"replies":[{"embeddable":true,"href":"https:\/\/www.europesays.com\/fi\/wp-json\/wp\/v2\/comments?post=95903"}],"version-history":[{"count":0,"href":"https:\/\/www.europesays.com\/fi\/wp-json\/wp\/v2\/posts\/95903\/revisions"}],"wp:featuredmedia":[{"embeddable":true,"href":"https:\/\/www.europesays.com\/fi\/wp-json\/wp\/v2\/media\/95904"}],"wp:attachment":[{"href":"https:\/\/www.europesays.com\/fi\/wp-json\/wp\/v2\/media?parent=95903"}],"wp:term":[{"taxonomy":"category","embeddable":true,"href":"https:\/\/www.europesays.com\/fi\/wp-json\/wp\/v2\/categories?post=95903"},{"taxonomy":"post_tag","embeddable":true,"href":"https:\/\/www.europesays.com\/fi\/wp-json\/wp\/v2\/tags?post=95903"}],"curies":[{"name":"wp","href":"https:\/\/api.w.org\/{rel}","templated":true}]}}