{"id":95917,"date":"2025-11-21T07:47:09","date_gmt":"2025-11-21T07:47:09","guid":{"rendered":"https:\/\/www.europesays.com\/fi\/95917\/"},"modified":"2025-11-21T07:47:09","modified_gmt":"2025-11-21T07:47:09","slug":"jere-karalahden-kohdannut-matias-niemi-rahat-saamatta-tapahtuman-verkkosivut-katosivat","status":"publish","type":"post","link":"https:\/\/www.europesays.com\/fi\/95917\/","title":{"rendered":"Jere Karalahden kohdannut Matias Niemi: Rahat saamatta \u2013 tapahtuman verkkosivut katosivat"},"content":{"rendered":"<p>Matias Niemi julkaisi videon, jolla kertoo j\u00e4\u00e4neens\u00e4 ilman rahojaan.<\/p>\n<p class=\"article-body mb-nof-24 px-nof-16\">Somevaikuttaja <a class=\"article-personlink\" href=\"https:\/\/www.is.fi\/haku\/?query=Matias%20Niemi\" rel=\"nofollow noopener\" target=\"_blank\">Matias Niemi<\/a> kertoi torstaina Instagramissa ettei ole saanut ottelupalkkiotaan F2F Eventin nyrkkeilyillasta, jossa h\u00e4n l\u00f6i syyskuun lopulla <a class=\"article-personlink\" href=\"https:\/\/www.is.fi\/haku\/?query=Jere%20Karalahden\" rel=\"nofollow noopener\" target=\"_blank\">Jere Karalahden<\/a>.<\/p>\n<p class=\"article-body mb-nof-24 px-nof-16\">Niemi sanoo videollaan, ett\u00e4 h\u00e4nt\u00e4 varoiteltiin &#8221;lukemattomia kertoja&#8221;, ett\u00e4 n\u00e4in voi k\u00e4yd\u00e4. H\u00e4n kuitenkin luotti tapahtumaj\u00e4rjest\u00e4jiin.<\/p>\n<p class=\"article-body mb-nof-24 px-nof-16\">H\u00e4n my\u00f6s toteaa, ett\u00e4 palkkion saamattomuus ei edes harmita h\u00e4nt\u00e4 vaan \u201dl\u00e4hinn\u00e4 naurattaa\u201d.<\/p>\n<p class=\"article-body mb-nof-24 px-nof-16\">Niemi ja Karalahti kohtasivat shownyrkkeilyss\u00e4 tapahtuman p\u00e4\u00e4ottelussa. Niemi voitti ottelun kaikin tuomari\u00e4\u00e4nin.<\/p>\n<p class=\"article-body mb-nof-24 px-nof-16\">Tapahtuman markkinoinnista vastannut <a class=\"article-personlink\" href=\"https:\/\/www.is.fi\/haku\/?query=Omos%20Okoh\" rel=\"nofollow noopener\" target=\"_blank\">Omos Okoh<\/a> sanoi my\u00f6s sosiaalisessa mediassa j\u00e4\u00e4neens\u00e4 ilman palkkioitaan.<\/p>\n<p class=\"article-body mb-nof-24 px-nof-16\">IS ei torstaina tavoittanut tapahtuman promoottoria<a class=\"article-personlink\" href=\"https:\/\/www.is.fi\/haku\/?query=%20Arslan%20Khataevia\" rel=\"nofollow noopener\" target=\"_blank\"> Arslan Khataevia <\/a>puhelimitse.<\/p>\n<p class=\"article-body mb-nof-24 px-nof-16\">IS ei torstaina tavoittanut my\u00f6sk\u00e4\u00e4n <a class=\"article-personlink\" href=\"https:\/\/www.is.fi\/haku\/?query=Amin%20Asikaista\" rel=\"nofollow noopener\" target=\"_blank\">Amin Asikaista<\/a>, joka otteli tapahtuman toisessa p\u00e4\u00e4ottelussa <a class=\"article-personlink\" href=\"https:\/\/www.is.fi\/haku\/?query=Timo%20Lainetta\" rel=\"nofollow noopener\" target=\"_blank\">Timo Lainetta<\/a> vastaan. Asikainen kertoi perjantaiaamuna <a class=\"article-genericlink\" href=\"https:\/\/www.iltalehti.fi\/kamppailulajit\/a\/863cfc73-799a-4066-9295-904bf824a921\" rel=\"nofollow noopener\" target=\"_blank\">Iltalehdelle<\/a>, ett\u00e4 h\u00e4n on saanut rahansa sovitusti.<\/p>\n<p class=\"article-body mb-nof-24 px-nof-16\">F2F Eventin verkkosivut eiv\u00e4t torstain j\u00e4lkeen ole toimineet, ja j\u00e4ljell\u00e4 on en\u00e4\u00e4 404-virheilmoitus.<\/p>\n<p class=\"article-body mb-nof-24 px-nof-16\">Khataevin ensimm\u00e4inen F2F-tapahtuma vuonna 2024 j\u00e4i tappiolle. Tilavuokria oikeusteitse F2F Events Oy:lt\u00e4 karhunnut kauppakeskus Tripla j\u00e4i ilman rahojaan.<\/p>\n","protected":false},"excerpt":{"rendered":"Matias Niemi julkaisi videon, jolla kertoo j\u00e4\u00e4neens\u00e4 ilman rahojaan. Somevaikuttaja Matias Niemi kertoi torstaina Instagramissa ettei ole saanut&hellip;\n","protected":false},"author":2,"featured_media":95918,"comment_status":"","ping_status":"","sticky":false,"template":"","format":"standard","meta":{"footnotes":""},"categories":[158],"tags":[33,31,30,34,159,32,160],"class_list":{"0":"post-95917","1":"post","2":"type-post","3":"status-publish","4":"format-standard","5":"has-post-thumbnail","7":"category-urheilu","8":"tag-fi","9":"tag-finland","10":"tag-finnish","11":"tag-ilta-sanomat","12":"tag-sports","13":"tag-suomi","14":"tag-urheilu"},"share_on_mastodon":{"url":"https:\/\/pubeurope.com\/@fi\/115586586627611627","error":""},"_links":{"self":[{"href":"https:\/\/www.europesays.com\/fi\/wp-json\/wp\/v2\/posts\/95917","targetHints":{"allow":["GET"]}}],"collection":[{"href":"https:\/\/www.europesays.com\/fi\/wp-json\/wp\/v2\/posts"}],"about":[{"href":"https:\/\/www.europesays.com\/fi\/wp-json\/wp\/v2\/types\/post"}],"author":[{"embeddable":true,"href":"https:\/\/www.europesays.com\/fi\/wp-json\/wp\/v2\/users\/2"}],"replies":[{"embeddable":true,"href":"https:\/\/www.europesays.com\/fi\/wp-json\/wp\/v2\/comments?post=95917"}],"version-history":[{"count":0,"href":"https:\/\/www.europesays.com\/fi\/wp-json\/wp\/v2\/posts\/95917\/revisions"}],"wp:featuredmedia":[{"embeddable":true,"href":"https:\/\/www.europesays.com\/fi\/wp-json\/wp\/v2\/media\/95918"}],"wp:attachment":[{"href":"https:\/\/www.europesays.com\/fi\/wp-json\/wp\/v2\/media?parent=95917"}],"wp:term":[{"taxonomy":"category","embeddable":true,"href":"https:\/\/www.europesays.com\/fi\/wp-json\/wp\/v2\/categories?post=95917"},{"taxonomy":"post_tag","embeddable":true,"href":"https:\/\/www.europesays.com\/fi\/wp-json\/wp\/v2\/tags?post=95917"}],"curies":[{"name":"wp","href":"https:\/\/api.w.org\/{rel}","templated":true}]}}