{"id":95931,"date":"2025-11-21T08:06:07","date_gmt":"2025-11-21T08:06:07","guid":{"rendered":"https:\/\/www.europesays.com\/fi\/95931\/"},"modified":"2025-11-21T08:06:07","modified_gmt":"2025-11-21T08:06:07","slug":"erikoisjoukot-noora-toivo-paljastaa-kovat-seuraukset-keuhkot-edelleen-toipumassa","status":"publish","type":"post","link":"https:\/\/www.europesays.com\/fi\/95931\/","title":{"rendered":"Erikoisjoukot: Noora Toivo paljastaa kovat seuraukset \u2013 keuhkot edelleen toipumassa"},"content":{"rendered":"<p>\n            Erikoisjoukot: Noora Toivo<br \/>\n            Jere Hietala \/ Sanoma\n        <\/p>\n<p class=\"subtitle \">Erikoisjoukot-leiri j\u00e4tti j\u00e4lkens\u00e4 Noora Toivoon.<\/p>\n<p class=\"article-content article-content-width !bg-background\">Ylen toimittaja ja entinen aitajuoksija  kertoo k\u00e4rsiv\u00e4ns\u00e4 edelleen Erikoisjoukot-kuvauksissa tehdyst\u00e4 p\u00e4\u00e4t\u00f6ksest\u00e4.<\/p>\n<p class=\"font-weight-bold m-font-weight-bold article-content article-content-width !bg-background\">Videolla: Erikoisjoukot-t\u00e4hdet love, marry, kill -haasteessa.<\/p>\n<p class=\"article-content article-content-width !bg-background\"><a href=\"https:\/\/www.instagram.com\/p\/DRTrS0YCMPA\/?img_index=1\" target=\"_blank\" rel=\"nofollow noopener\">Noora kertoo Instagram-tilill\u00e4\u00e4n<\/a>, ett\u00e4 h\u00e4n suoritti edellisess\u00e4 Erikoisjoukot-jaksossa n\u00e4hdyn rinkkajuoksun sairastaessaan keuhkoputkentulehdusta.<\/p>\n<p class=\"article-content article-content-width !bg-background\">\u2013 P\u00e4\u00e4tin aika alussa tuolla leirill\u00e4, ett\u00e4 en luovuta. Minut joko heitet\u00e4\u00e4n pihalle tai joku saa kantaa paareissa ulos. Toki hintana t\u00e4st\u00e4 p\u00e4\u00e4t\u00f6ksest\u00e4 on se, ett\u00e4 mun keuhkot (6kk my\u00f6hemmin) on edelleen paskana, Mutta edelleen pysyn p\u00e4\u00e4t\u00f6ksess\u00e4ni! Noora kirjoittaa ja jatkaa:<\/p>\n<p class=\"article-content article-content-width !bg-background\">\u2013 Olin ylpe\u00e4 aamun jumpasta ja radasta, jotka meniv\u00e4t hyvin. Harmillisesti auton kanssa tehty teht\u00e4v\u00e4 ei mennyt ihan putkeen. En ole koskaan ajanut automaattia, niin mietin vaan, ett\u00e4 miten helvetiss\u00e4 t\u00e4t\u00e4 autoa ajetaan ja ett\u00e4 se auto maksaa 100 000 \u20ac ett\u00e4 jumalauta nyt et pasko t\u00e4t\u00e4 autoa. Onneksi se pysy ehj\u00e4n\u00e4.<\/p>\n<p class=\"article-content article-content-width !bg-background\">Noora viittaa autolla p\u00e4iv\u00e4n toiseen teht\u00e4v\u00e4\u00e4n, jossa kokelaat liikkuivat autoilla vihollisalueen sis\u00e4ll\u00e4.<\/p>\n<p>        <a itemprop=\"url\" href=\"https:\/\/www.seiska.fi\/katso\/matias-petaistolta-hammentava-kommentti-sonja-aiellolle\/1997629\" rel=\"nofollow noopener\" target=\"_blank\"><\/p>\n<p>\nMatias Pet\u00e4ist\u00f6\n<\/p>\n<p class=\"section-date\">\n        <strong class=\"article-section\" data-section=\"katso\"><br \/>\n            katso<br \/>\n        <\/strong><br \/>\n        20.11. 11:15\n    <\/p>\n<p>Matias Pet\u00e4ist\u00f6lt\u00e4 h\u00e4mment\u00e4v\u00e4 kommentti Sonja Aiellolle\n    <\/p>\n<p itemprop=\"description\" class=\"subtitle \">\n    Matias Pet\u00e4ist\u00f6 heitt\u00e4\u00e4 oudon kommentin Erikoisjoukot-jaksossa.\n<\/p>\n<p>        <\/a><\/p>\n<p>        <a itemprop=\"url\" href=\"https:\/\/www.seiska.fi\/katso\/tuotanto-vastaa-voivatko-julkkikset-pesta-vaatteitaan-erikoisjoukoissa\/1987034\" rel=\"nofollow noopener\" target=\"_blank\"><\/p>\n<p>\nErikoisjoukot\n<\/p>\n<p class=\"section-date\">\n        <strong class=\"article-section\" data-section=\"katso\"><br \/>\n            katso<br \/>\n        <\/strong><br \/>\n        7.11. 15:15\n    <\/p>\n<p>Tuotanto vastaa: Voivatko julkkikset pest\u00e4 vaatteitaan Erikoisjoukoissa?\n    <\/p>\n<p itemprop=\"description\" class=\"subtitle \">\n    Erikoisjoukot-kokelaiden tuvassa tuskin tuoksuu ruusuiselta.\n<\/p>\n<p>        <\/a><\/p>\n<p>Brutaali aamutreeni<\/p>\n<p class=\"article-content article-content-width !bg-background\">Erikoisjoukot-leirin kahdeksas p\u00e4iv\u00e4 alkoi kovalla treenill\u00e4, jossa kokelaat suorittivat ruotsalaisviestin. Jakso esitettiin Nelosella ja Ruudussa 20. marraskuuta.<\/p>\n<p class=\"article-content article-content-width !bg-background\">Esterata vaati puomien ylitt\u00e4mist\u00e4, hyppimist\u00e4, kiipeily\u00e4, ry\u00f6mimist\u00e4 hiekka- ja vesiesteill\u00e4 sek\u00e4 juoksua.<\/p>\n<p class=\"article-content article-content-width !bg-background\">\u2013 Kaikilla on mahdollisuus p\u00e4\u00e4st\u00e4 t\u00e4m\u00e4 leiri l\u00e4pi, mutta raaka fakta on se, ettei kaikilla riit\u00e4 p\u00e4\u00e4 ja kroppa siihen. T\u00e4m\u00e4 korostuu, mit\u00e4 pitemm\u00e4lle leiri\u00e4 menn\u00e4\u00e4n. Meid\u00e4n maailmassamme p\u00e4rj\u00e4\u00e4v\u00e4t vain vahvimmat yksil\u00f6t,  totesi jaksossa.<\/p>\n<p class=\"article-content article-content-width !bg-background\">Kouluttajat passittivat kotimatkalle sis\u00e4ll\u00f6ntuottaja .<\/p>\n<p>        <a itemprop=\"url\" href=\"https:\/\/www.seiska.fi\/katso\/erikoisjoukot-julma-pudotus\/1998352\" rel=\"nofollow noopener\" target=\"_blank\"><\/p>\n<p>\nErikoisjoukot\n<\/p>\n<p class=\"section-date\">\n        <strong class=\"article-section\" data-section=\"katso\"><br \/>\n            katso<br \/>\n        <\/strong><br \/>\n        20.11. 22:00\n    <\/p>\n<p>Erikoisjoukot: Julma pudotus\n    <\/p>\n<p itemprop=\"description\" class=\"subtitle \">\n    Kokelaat kokivat kohtuuttomana kouluttajien p\u00e4\u00e4t\u00f6ksen.\n<\/p>\n<p>        <\/a><\/p>\n<p class=\"article-content article-content-width !bg-background\">Erikoisjoukot torstaisin Nelosella ja Ruudussa.<\/p>\n<p><script async src=\"\/\/www.instagram.com\/embed.js\"><\/script><\/p>\n","protected":false},"excerpt":{"rendered":"Erikoisjoukot: Noora Toivo Jere Hietala \/ Sanoma Erikoisjoukot-leiri j\u00e4tti j\u00e4lkens\u00e4 Noora Toivoon. Ylen toimittaja ja entinen aitajuoksija kertoo&hellip;\n","protected":false},"author":2,"featured_media":95932,"comment_status":"","ping_status":"","sticky":false,"template":"","format":"standard","meta":{"footnotes":""},"categories":[136],"tags":[407,137,2159,33,31,30,408,2156,1758,2215,13689,2158,32,1318,109],"class_list":{"0":"post-95931","1":"post","2":"type-post","3":"status-publish","4":"format-standard","5":"has-post-thumbnail","7":"category-julkkikset","8":"tag-celebrities","9":"tag-entertainment","10":"tag-erikoisjoukot","11":"tag-fi","12":"tag-finland","13":"tag-finnish","14":"tag-julkkikset","15":"tag-matias-petaisto","16":"tag-nelonen","17":"tag-nino-arling","18":"tag-noora-toivo","19":"tag-ruutu","20":"tag-suomi","21":"tag-tv-ohjelma","22":"tag-viihde"},"share_on_mastodon":{"url":"https:\/\/pubeurope.com\/@fi\/115586661282637373","error":""},"_links":{"self":[{"href":"https:\/\/www.europesays.com\/fi\/wp-json\/wp\/v2\/posts\/95931","targetHints":{"allow":["GET"]}}],"collection":[{"href":"https:\/\/www.europesays.com\/fi\/wp-json\/wp\/v2\/posts"}],"about":[{"href":"https:\/\/www.europesays.com\/fi\/wp-json\/wp\/v2\/types\/post"}],"author":[{"embeddable":true,"href":"https:\/\/www.europesays.com\/fi\/wp-json\/wp\/v2\/users\/2"}],"replies":[{"embeddable":true,"href":"https:\/\/www.europesays.com\/fi\/wp-json\/wp\/v2\/comments?post=95931"}],"version-history":[{"count":0,"href":"https:\/\/www.europesays.com\/fi\/wp-json\/wp\/v2\/posts\/95931\/revisions"}],"wp:featuredmedia":[{"embeddable":true,"href":"https:\/\/www.europesays.com\/fi\/wp-json\/wp\/v2\/media\/95932"}],"wp:attachment":[{"href":"https:\/\/www.europesays.com\/fi\/wp-json\/wp\/v2\/media?parent=95931"}],"wp:term":[{"taxonomy":"category","embeddable":true,"href":"https:\/\/www.europesays.com\/fi\/wp-json\/wp\/v2\/categories?post=95931"},{"taxonomy":"post_tag","embeddable":true,"href":"https:\/\/www.europesays.com\/fi\/wp-json\/wp\/v2\/tags?post=95931"}],"curies":[{"name":"wp","href":"https:\/\/api.w.org\/{rel}","templated":true}]}}