{"id":95948,"date":"2025-11-21T08:32:09","date_gmt":"2025-11-21T08:32:09","guid":{"rendered":"https:\/\/www.europesays.com\/fi\/95948\/"},"modified":"2025-11-21T08:32:09","modified_gmt":"2025-11-21T08:32:09","slug":"kalervo-kummola-naki-terassilta-entisen-aisaparinsa-josta-tuli-putinin-katyri","status":"publish","type":"post","link":"https:\/\/www.europesays.com\/fi\/95948\/","title":{"rendered":"Kalervo Kummola n\u00e4ki terassilta entisen aisaparinsa, josta tuli Putinin k\u00e4tyri"},"content":{"rendered":"<p>Kalervo Kummola t\u00e4ytt\u00e4\u00e4 80 vuotta.<\/p>\n<p class=\"article-body mb-nof-24 px-nof-16\">Kalervo Kummolan ansioista ja taisteluista j\u00e4\u00e4kiekon parissa voisi kirjoittaa kokonaisen kirjasarjan. Kummola on yksi valtalajin suuruuden luojista ja sen historian merkitt\u00e4vimmist\u00e4 hahmoista.<\/p>\n<p class=\"article-body mb-nof-24 px-nof-16\">SM-liigan ensimm\u00e4inen toimitusjohtaja, pitk\u00e4n linjan vaikuttaja Kansainv\u00e4lisess\u00e4 j\u00e4\u00e4kiekkoliitossa (IIHF) ja Suomen j\u00e4\u00e4kiekkoliitossa, Helsingin Jokerien pelastaja (Kummola osti seuran vuonna 1988, kun Jokerit oli l\u00e4hell\u00e4 hajoamista). Ja niin edelleen.<\/p>\n<p class=\"article-body mb-nof-24 px-nof-16\">On selv\u00e4\u00e4, ett\u00e4 \u201dRautakansleri\u201d tunnetaan parhaiten j\u00e4\u00e4kiekon parissa tekem\u00e4st\u00e4\u00e4n ty\u00f6st\u00e4.<\/p>\n<p class=\"article-body mb-nof-24 px-nof-16\">Se tuntuu Kummolasta aavistuksen oudolta.<\/p>\n<p class=\"article-body mb-nof-24 px-nof-16\">\u2013 J\u00e4\u00e4kiekko on ollut kuitenkin vain yksi osa varsinaista ty\u00f6uraani. Kansanedustajana olin jonkin aikaa, Unileveriss\u00e4 ja Vipvisionissa pitk\u00e4\u00e4n, kulttuurin puolella Tampere-talossa\u2026 Ihmisill\u00e4 on se k\u00e4sitys, ett\u00e4 olen ollut j\u00e4\u00e4kiekossa koko ik\u00e4ni. Ei se ollut kuin 12 tai 14 vuotta, Kummola muistuttaa.<\/p>\n<p class=\"article-body mb-nof-24 px-nof-16\">12 tai 14 vuotta viittaavat palkkat\u00f6ihin. Suomen ja Kansainv\u00e4lisen j\u00e4\u00e4kiekkoliiton teht\u00e4v\u00e4t olivat luottamustoimia.<\/p>\n<p class=\"article-body mb-nof-24 px-nof-16\">\u2013 Seh\u00e4n t\u00e4ss\u00e4 on ollut hienoa, ett\u00e4 on ollut monipuolinen ura, Kummola toteaa.<\/p>\n<p class=\"article-body mb-nof-24 px-nof-16\">\u2013 Televisiomaailma oli mielenkiintoinen. Pantiin kuitenkin teid\u00e4nkin firman (Sanoman) Nelonen (tv-kanava) pystyyn, h\u00e4n innostuu.<\/p>\n<p class=\"article-body mb-nof-24 px-nof-16\">Tuotantoyhti\u00f6 Vipvision, jonka toimitusjohtaja Kummola oli, loi Suomeen monia menestysohjelmia. Hyv\u00e4t herrat, Onnenpy\u00f6r\u00e4, Tenavat\u00e4hti, Hockey Night\u2026<\/p>\n<p class=\"article-body mb-nof-24 px-nof-16\">Kummola perusti Vipvisionin yhdess\u00e4 <a class=\"article-personlink\" href=\"https:\/\/www.is.fi\/haku\/?query=Jarmo%20Porolan\" rel=\"nofollow noopener\" target=\"_blank\">Jarmo Porolan<\/a> kanssa vuonna 1986. Yritys myytiin tanskalaiselle Nordisk filmille kymmenen vuotta my\u00f6hemmin.<\/p>\n<p><img decoding=\"async\" src=\"https:\/\/www.europesays.com\/fi\/wp-content\/uploads\/2025\/11\/1763713929_206_468.jpg\" alt=\"Jarmo Porola, Reijo Salminen, Jyrki Otila, Kalervo Kummola ja Urpo Helkovaara ravintola Ohranjyv\u00e4ss\u00e4 lokakuussa 1996.\" class=\"_Img_1rerz_1\" style=\"aspect-ratio:1.7777777777777777\" loading=\"eager\"\/><\/p>\n<p class=\"article-picture-caption\">Jarmo Porola, Reijo Salminen, Jyrki Otila, Kalervo Kummola ja Urpo Helkovaara ravintola Ohranjyv\u00e4ss\u00e4 lokakuussa 1996. Kuva:\u00a0Tomi Vuokola<\/p>\n<p class=\"article-body mb-nof-24 px-nof-16\">\u2013 Hyvien herrojen idea muuten syntyi y\u00f6kerhossa <a class=\"article-personlink\" href=\"https:\/\/www.is.fi\/haku\/?query=Lehtisen%20Lassen\" rel=\"nofollow noopener\" target=\"_blank\">Lehtisen Lassen<\/a> kanssa. Rosendahlin y\u00f6kerhossa, Kummola kertoo.<\/p>\n<p><img decoding=\"async\" src=\"https:\/\/www.europesays.com\/fi\/wp-content\/uploads\/2025\/11\/1763713929_214_468.jpg\" alt=\"Punainen matto on Kummolalle tuttu paikka. T\u00e4ss\u00e4 h\u00e4n odottelee avauskiekon pudottamista Tampereen EHT-turnauksessa, joka pelattiin t\u00e4m\u00e4n vuoden marraskuun alussa.\" class=\"_Img_1rerz_1\" style=\"aspect-ratio:1.7777777777777777\" loading=\"eager\"\/><\/p>\n<p class=\"article-picture-caption\">Punainen matto on Kummolalle tuttu paikka. T\u00e4ss\u00e4 h\u00e4n odottelee avauskiekon pudottamista Tampereen EHT-turnauksessa, joka pelattiin t\u00e4m\u00e4n vuoden marraskuun alussa. Kuva:\u00a0Emmi Korhonen \/ Lehtikuva<\/p>\n<p class=\"article-body mb-nof-24 px-nof-16\">Tv-t\u00f6ist\u00e4 ja kansanedustajuudesta huolimatta j\u00e4\u00e4kiekko on se, mist\u00e4 Kummola parhaiten tunnetaan.<\/p>\n<p class=\"article-body mb-nof-24 px-nof-16\">Syntym\u00e4p\u00e4iv\u00e4sankari ei vaikuta erityisen innostuneelta, kun h\u00e4nt\u00e4 pyyt\u00e4\u00e4 muistelemaan j\u00e4\u00e4kiekon parissa tekem\u00e4\u00e4ns\u00e4 uraa, jota voi huoletta kutsua el\u00e4m\u00e4nty\u00f6ksi.<\/p>\n<p class=\"article-body mb-nof-24 px-nof-16\">\u2013 Ei se tunnu oikein milt\u00e4\u00e4n. Yksi vaihe el\u00e4m\u00e4st\u00e4. Eik\u00e4 tunnu silt\u00e4, ett\u00e4 t\u00e4ss\u00e4 olisi mennyt 50 vuotta, h\u00e4n hym\u00e4ht\u00e4\u00e4.<\/p>\n<p class=\"article-body mb-nof-24 px-nof-16\">Parhaillaan k\u00e4ynniss\u00e4 oleva suomalaisen seuraj\u00e4\u00e4kiekon valtataistelu tuo Kummolan mieliin puolen vuosisadan takaiset tapahtumat.<\/p>\n<p class=\"article-body mb-nof-24 px-nof-16\">\u2013 T\u00e4ss\u00e4 on nyt v\u00e4h\u00e4n samanlainen kapina menossa kuin silloin, h\u00e4n sanoo.<\/p>\n<p class=\"article-body mb-nof-24 px-nof-16\">Kummola jyr\u00e4hteli vuonna 1975 seurat ruotuun ja nykymuotoinen SM-liiga syntyi.<\/p>\n<p class=\"article-body mb-nof-24 px-nof-16\">H\u00e4nell\u00e4 on vahva n\u00e4kemys siit\u00e4, miten H\u00e4rm\u00e4n j\u00e4\u00e4kiekkoa pit\u00e4isi pelata tulevaisuudessa.<\/p>\n<p class=\"article-body mb-nof-24 px-nof-16\">\u2013 Toivoisin, ett\u00e4 seurat ja p\u00e4\u00e4tt\u00e4j\u00e4t ymm\u00e4rt\u00e4isiv\u00e4t, ett\u00e4 kaksitoista joukkuetta p\u00e4\u00e4sarjaan, kymmenen alempaan. Ja sitten suora putoaminen ja nousu. Se on paras vaihtoehto.<\/p>\n<p class=\"article-body mb-nof-24 px-nof-16\">Lue lis\u00e4\u00e4: <a class=\"article-genericlink\" href=\"https:\/\/www.is.fi\/sm-liiga\/art-2000011639845.html\" rel=\"nofollow noopener\" target=\"_blank\">Kommentti: Nyt jys\u00e4hti! Jokerit nousemassa SM-liigaan?<\/a><\/p>\n<p class=\"article-body mb-nof-24 px-nof-16\">Kummola on ollut mukana monissa j\u00e4\u00e4kiekon valtataisteluissa. Niit\u00e4 h\u00e4n ei muistele pahalla. P\u00e4\u00e4asia, ett\u00e4 tuli tehty\u00e4 p\u00e4\u00e4t\u00f6ksi\u00e4. Se on aina ollut Kummolalle t\u00e4rke\u00e4\u00e4.<\/p>\n<p class=\"article-body mb-nof-24 px-nof-16\">\u2013 Jos kaksi kolmasosaa p\u00e4\u00e4t\u00f6ksist\u00e4 on osoittautunut hyviksi, niin silloin on mennyt ihan hyvin, h\u00e4n toteaa.<\/p>\n<p class=\"article-body mb-nof-24 px-nof-16\">Mutta yksi asia on j\u00e4\u00e4nyt l\u00e4tk\u00e4n puolelta harmittamaan Kummolaa. H\u00e4n joutui tekem\u00e4\u00e4n IIHF:ss\u00e4 t\u00f6it\u00e4 <a class=\"article-personlink\" href=\"https:\/\/www.is.fi\/haku\/?query=R%C3%A9ne%20Faselin\" rel=\"nofollow noopener\" target=\"_blank\">R\u00e9ne Faselin<\/a> kanssa.<\/p>\n<p class=\"article-body mb-nof-24 px-nof-16\">Fasel oli puheenjohtaja vuodet 1994\u20132021, Kummola varapuheenjohtaja vuosina 2003-2021.<\/p>\n<p><img decoding=\"async\" src=\"https:\/\/www.europesays.com\/fi\/wp-content\/uploads\/2025\/11\/1763713929_508_468.jpg\" alt=\"Kummola ja Fasel lehdist\u00f6tilaisuudessa j\u00e4\u00e4kiekon nuorten MM-kisoissa Helsingiss\u00e4 tammikuussa 2016.\" class=\"_Img_1rerz_1\" style=\"aspect-ratio:1.7777777777777777\" loading=\"eager\"\/><\/p>\n<p class=\"article-picture-caption\">Kummola ja Fasel lehdist\u00f6tilaisuudessa j\u00e4\u00e4kiekon nuorten MM-kisoissa Helsingiss\u00e4 tammikuussa 2016. Kuva:\u00a0Kalle Parkkinen<\/p>\n<p class=\"article-body mb-nof-24 px-nof-16\">\u2013 Minulla oli huono tuuri, kun jouduin tuommoiseen v\u00e4liin. Oltiin t\u00f6iss\u00e4 aisapari, mutta usein eri leiriss\u00e4, h\u00e4n sanoo.<\/p>\n<p class=\"article-body mb-nof-24 px-nof-16\">Syy harmitukseen on helppo ymm\u00e4rt\u00e4\u00e4. Fasel tunnettiin jo vuosia sitten vahvasta Ven\u00e4j\u00e4-mielisyydest\u00e4\u00e4n.<\/p>\n<p class=\"article-body mb-nof-24 px-nof-16\">Esimerkiksi vuonna 2018 Fasel matkusti kesken j\u00e4\u00e4kiekon MM-kisojen Tanskasta Moskovaan, jotta p\u00e4\u00e4si osallistumaan kunniavieraana <a class=\"article-personlink\" href=\"https:\/\/www.is.fi\/haku\/?query=Vladimir%20Putinin\" rel=\"nofollow noopener\" target=\"_blank\">Vladimir Putinin<\/a> virkaanastujaisseremoniaan.<\/p>\n<p class=\"article-body mb-nof-24 px-nof-16\">\u2013 En muista koska, mutta kysyin kerran Faselilta, ett\u00e4 miten sen Putinin kanssa olet tutustunut. H\u00e4n kertoi, ett\u00e4 vuonna 2000, kun oli Pietariin MM-kisat tulossa, niin h\u00e4n l\u00e4hti katsomaan, ett\u00e4 valmistuuko se areena sinne, Kummola kertoo.<\/p>\n<p class=\"article-body mb-nof-24 px-nof-16\">\u2013 Silloin Putin oli Pietarin apulaiskaupunginjohtaja. Silloin he tutustuivat. Se l\u00e4hti siit\u00e4.<\/p>\n<p class=\"article-body mb-nof-24 px-nof-16\">Faselin suhteet Ven\u00e4j\u00e4\u00e4n ja Putiniin osoittautuivat lopulta eritt\u00e4in l\u00e4mpimiksi. Faselista tuli k\u00e4yt\u00e4nn\u00f6ss\u00e4 Ven\u00e4j\u00e4n j\u00e4\u00e4kiekon lobbari. H\u00e4n otti my\u00f6s Ven\u00e4j\u00e4n kansalaisuuden.<\/p>\n<p class=\"article-body mb-nof-24 px-nof-16\">\u2013 On kuulemma nyky\u00e4\u00e4n Moskovassa, Kummola sanoo.<\/p>\n<p class=\"article-body mb-nof-24 px-nof-16\">Kummola ei ole pit\u00e4nyt entiseen aisapariinsa mink\u00e4\u00e4nlaista yhteytt\u00e4 moneen vuoteen.<\/p>\n<p class=\"article-body mb-nof-24 px-nof-16\">\u2013 Vuonna 2022, kun MM-kisat pidettiin Tampereella, niin laitoin viestin, ett\u00e4 oletko tulossa. Olisin hoitanut h\u00e4nelle telttamajoituksen Nekalasta. H\u00e4n sitten peruutti tulonsa.<\/p>\n<p class=\"article-body mb-nof-24 px-nof-16\">Viime syyskuussa Kummola oli J\u00e4\u00e4kiekkoliiton valtuuston kanssa Nizzassa kongressissa.<\/p>\n<p class=\"article-body mb-nof-24 px-nof-16\">\u2013 Istuttiin siin\u00e4 ravintolan terassilla, niin vaimoni <a class=\"article-personlink\" href=\"https:\/\/www.is.fi\/haku\/?query=Tuula\" rel=\"nofollow noopener\" target=\"_blank\">Tuula<\/a> sanoi, ett\u00e4 katso, Ren\u00e9 k\u00e4velee tuossa.<\/p>\n<p class=\"article-body mb-nof-24 px-nof-16\">Tervehditk\u00f6?<\/p>\n<p class=\"article-body mb-nof-24 px-nof-16\">\u2013 En. En mennyt moikkaamaan.<\/p>\n<p class=\"article-body mb-nof-24 px-nof-16\">Muiden projektiensa lis\u00e4ksi Kummola toi 1990-luvun alussa karaoken Suomeen. H\u00e4n kuvitteli, ett\u00e4 siit\u00e4 tulee ohimenev\u00e4 villitys. Toisin k\u00e4vi.<\/p>\n<p class=\"article-body mb-nof-24 px-nof-16\">Ensimm\u00e4inen laulu, jonka Kummola itse lauloi karaokessa, oli Kirkan Varrella virran. Siihen l\u00f6ytyy yksinkertainen selitys.<\/p>\n<p class=\"article-body mb-nof-24 px-nof-16\">\u2013 Se oli ensimm\u00e4inen kappale siin\u00e4 kaikkien aikojen ensimm\u00e4isess\u00e4 karaokelevyss\u00e4. Se oli testiajo.<\/p>\n<p class=\"article-body mb-nof-24 px-nof-16\">Kirkan hitist\u00e4 ei tullut Kummolan bravuuria.<\/p>\n<p class=\"article-body mb-nof-24 px-nof-16\">\u2013 Karaokessa biisini on Vanhojapoikia viiksekk\u00e4it\u00e4. Siin\u00e4 on hyv\u00e4 poljento. Tykk\u00e4\u00e4n siit\u00e4. Aikuinen nainen on my\u00f6s sellainen, jota paljon vedet\u00e4\u00e4n.<\/p>\n<p class=\"article-body mb-nof-24 px-nof-16\">Oletko itse vet\u00e4nyt?<\/p>\n<p class=\"article-body mb-nof-24 px-nof-16\">\u2013 Olen.<\/p>\n","protected":false},"excerpt":{"rendered":"Kalervo Kummola t\u00e4ytt\u00e4\u00e4 80 vuotta. Kalervo Kummolan ansioista ja taisteluista j\u00e4\u00e4kiekon parissa voisi kirjoittaa kokonaisen kirjasarjan. Kummola on&hellip;\n","protected":false},"author":2,"featured_media":95949,"comment_status":"","ping_status":"","sticky":false,"template":"","format":"standard","meta":{"footnotes":""},"categories":[136],"tags":[407,137,33,31,30,34,408,32,109],"class_list":{"0":"post-95948","1":"post","2":"type-post","3":"status-publish","4":"format-standard","5":"has-post-thumbnail","7":"category-julkkikset","8":"tag-celebrities","9":"tag-entertainment","10":"tag-fi","11":"tag-finland","12":"tag-finnish","13":"tag-ilta-sanomat","14":"tag-julkkikset","15":"tag-suomi","16":"tag-viihde"},"share_on_mastodon":{"url":"https:\/\/pubeurope.com\/@fi\/115586763756021818","error":""},"_links":{"self":[{"href":"https:\/\/www.europesays.com\/fi\/wp-json\/wp\/v2\/posts\/95948","targetHints":{"allow":["GET"]}}],"collection":[{"href":"https:\/\/www.europesays.com\/fi\/wp-json\/wp\/v2\/posts"}],"about":[{"href":"https:\/\/www.europesays.com\/fi\/wp-json\/wp\/v2\/types\/post"}],"author":[{"embeddable":true,"href":"https:\/\/www.europesays.com\/fi\/wp-json\/wp\/v2\/users\/2"}],"replies":[{"embeddable":true,"href":"https:\/\/www.europesays.com\/fi\/wp-json\/wp\/v2\/comments?post=95948"}],"version-history":[{"count":0,"href":"https:\/\/www.europesays.com\/fi\/wp-json\/wp\/v2\/posts\/95948\/revisions"}],"wp:featuredmedia":[{"embeddable":true,"href":"https:\/\/www.europesays.com\/fi\/wp-json\/wp\/v2\/media\/95949"}],"wp:attachment":[{"href":"https:\/\/www.europesays.com\/fi\/wp-json\/wp\/v2\/media?parent=95948"}],"wp:term":[{"taxonomy":"category","embeddable":true,"href":"https:\/\/www.europesays.com\/fi\/wp-json\/wp\/v2\/categories?post=95948"},{"taxonomy":"post_tag","embeddable":true,"href":"https:\/\/www.europesays.com\/fi\/wp-json\/wp\/v2\/tags?post=95948"}],"curies":[{"name":"wp","href":"https:\/\/api.w.org\/{rel}","templated":true}]}}