{"id":95988,"date":"2025-11-21T09:27:09","date_gmt":"2025-11-21T09:27:09","guid":{"rendered":"https:\/\/www.europesays.com\/fi\/95988\/"},"modified":"2025-11-21T09:27:09","modified_gmt":"2025-11-21T09:27:09","slug":"nyt-skyshowtimessa-taylor-sheridanin-rajahtava-oljylankkari-landman-jatkuu","status":"publish","type":"post","link":"https:\/\/www.europesays.com\/fi\/95988\/","title":{"rendered":"Nyt SkyShowtimessa: Taylor Sheridanin r\u00e4j\u00e4ht\u00e4v\u00e4 \u00f6ljyl\u00e4nkk\u00e4ri Landman jatkuu"},"content":{"rendered":"<p><strong>Taylor Sheridanin<\/strong> \u00f6ljydraama Landman on saanut toisen tuotantokauden. Kakkoskausi k\u00e4ynnistyy Suomessa t\u00e4n\u00e4\u00e4n perjantaina 21. marraskuuta SkyShowtime-suoratoistopalvelussa.<\/p>\n<p>Nykyp\u00e4iv\u00e4\u00e4n sijoittuva l\u00e4nnensarja seuraa texasilaisen \u00f6ljypomo Tommy Norrisin (<strong>Billy Bob Thornton<\/strong>) r\u00e4j\u00e4htelev\u00e4\u00e4 business- ja perhe-el\u00e4m\u00e4\u00e4.<\/p>\n<p>Lue my\u00f6s: <a href=\"https:\/\/www.episodi.fi\/uutiset\/yellowstone-mies-taylor-sheridan-jattaa-paramountin-miten-kay-tv-imperiumin\/\" title=\"Yellowstone-mies Taylor Sheridan j\u00e4tt\u00e4\u00e4 Paramountin \u2013 miten k\u00e4y tv-imperiumin?\" class=\"underline-custom !font-montserrat !font-bold !underline-offset-4 !decoration-4 !decoration-episodi-blue !text-md\" rel=\"nofollow noopener\" target=\"_blank\">Yellowstone-mies Taylor Sheridan j\u00e4tt\u00e4\u00e4 Paramountin \u2013 miten k\u00e4y tv-imperiumin?<\/a><\/p>\n<p>Lue my\u00f6s: <a href=\"https:\/\/www.episodi.fi\/uutiset\/tom-hardyn-uusi-gangsterisarja-rikkoo-ennatyksia\/\" title=\"Tom Hardyn uusi gangsterisarja rikkoo enn\u00e4tyksi\u00e4\" class=\"underline-custom !font-montserrat !font-bold !underline-offset-4 !decoration-4 !decoration-episodi-blue !text-md\" rel=\"nofollow noopener\" target=\"_blank\">Tom Hardyn uusi gangsterisarja rikkoo enn\u00e4tyksi\u00e4<\/a><\/p>\n<p>Uutta kautta p\u00e4\u00e4st\u00e4\u00e4n seuraamaan yhteens\u00e4 10 jakson verran. Uudet osat lis\u00e4t\u00e4\u00e4n SkyShowtimeen aina kerran viikossa, perjantaisin. Sarjan avauskausi julkaistiin loppuvuodesta 2024.<\/p>\n<p>Thorntonin lis\u00e4ksi sarjassa n\u00e4hd\u00e4\u00e4n my\u00f6s muun muassa <strong>Demi Moore<\/strong>, <strong>Ari Larter<\/strong> (Heroes, Resident Evil), <strong>Jacob Lofland <\/strong>(Labyrintti-elokuvat) ja <strong>Michelle Randolph<\/strong> (1923).<\/p>\n<p>Lue my\u00f6s: <a href=\"https:\/\/www.episodi.fi\/uutiset\/stallonen-syltyn-hittisarja-uusittiin-jo-ennen-uuden-kauden-julkaisua-samuel-l-jacksonin-spinoffikin-on-tulossa\/\" title=\"Stallonen Syltyn hittisarja uusittiin jo ennen uuden kauden julkaisua \u2013 Samuel L. Jacksonin spinoffikin on tulossa!\" class=\"underline-custom !font-montserrat !font-bold !underline-offset-4 !decoration-4 !decoration-episodi-blue !text-md\" rel=\"nofollow noopener\" target=\"_blank\">Stallonen Syltyn hittisarja uusittiin jo ennen uuden kauden julkaisua \u2013 Samuel L. Jacksonin spinoffikin on tulossa!<\/a><\/p>\n<p>Katsasta alta Landmanin toisen tuotantokauden virallinen traileri.<\/p>\n<p><img loading=\"lazy\" decoding=\"async\" alt=\"YouTube video\" width=\"480\" height=\"360\" data-pin-nopin=\"true\" nopin=\"nopin\" class=\"perfmatters-lazy\" src=\"https:\/\/www.europesays.com\/fi\/wp-content\/uploads\/2025\/11\/1763717229_884_hqdefault.jpg\"\/><\/p>\n<p>Lue my\u00f6s: <a href=\"https:\/\/www.episodi.fi\/uutiskirje\/?uutiskirjemainos=tekstilinkkimainos\" title=\"Tilaa Episodin uutiskirje ja voit voittaa leffalippuja! Nappaa tv-vinkit suoraan s\u00e4hk\u00f6postiin t\u00e4st\u00e4.\" class=\"underline-custom !font-montserrat !font-bold !underline-offset-4 !decoration-4 !decoration-episodi-blue !text-md\" rel=\"nofollow noopener\" target=\"_blank\">Tilaa Episodin uutiskirje ja voit voittaa leffalippuja! Nappaa katseluvinkit suoraan s\u00e4hk\u00f6postiin t\u00e4st\u00e4.<\/a><\/p>\n","protected":false},"excerpt":{"rendered":"Taylor Sheridanin \u00f6ljydraama Landman on saanut toisen tuotantokauden. Kakkoskausi k\u00e4ynnistyy Suomessa t\u00e4n\u00e4\u00e4n perjantaina 21. marraskuuta SkyShowtime-suoratoistopalvelussa. Nykyp\u00e4iv\u00e4\u00e4n sijoittuva&hellip;\n","protected":false},"author":2,"featured_media":95989,"comment_status":"","ping_status":"","sticky":false,"template":"","format":"standard","meta":{"footnotes":""},"categories":[133],"tags":[137,33,31,30,7631,341,32,570,7636,206,571,156,109],"class_list":{"0":"post-95988","1":"post","2":"type-post","3":"status-publish","4":"format-standard","5":"has-post-thumbnail","7":"category-televisiot","8":"tag-entertainment","9":"tag-fi","10":"tag-finland","11":"tag-finnish","12":"tag-landman","13":"tag-skyshowtime","14":"tag-suomi","15":"tag-suoratoisto","16":"tag-taylor-sheridan","17":"tag-televisiot","18":"tag-tv-sarjat","19":"tag-tv","20":"tag-viihde"},"share_on_mastodon":{"url":"https:\/\/pubeurope.com\/@fi\/115586980025783544","error":""},"_links":{"self":[{"href":"https:\/\/www.europesays.com\/fi\/wp-json\/wp\/v2\/posts\/95988","targetHints":{"allow":["GET"]}}],"collection":[{"href":"https:\/\/www.europesays.com\/fi\/wp-json\/wp\/v2\/posts"}],"about":[{"href":"https:\/\/www.europesays.com\/fi\/wp-json\/wp\/v2\/types\/post"}],"author":[{"embeddable":true,"href":"https:\/\/www.europesays.com\/fi\/wp-json\/wp\/v2\/users\/2"}],"replies":[{"embeddable":true,"href":"https:\/\/www.europesays.com\/fi\/wp-json\/wp\/v2\/comments?post=95988"}],"version-history":[{"count":0,"href":"https:\/\/www.europesays.com\/fi\/wp-json\/wp\/v2\/posts\/95988\/revisions"}],"wp:featuredmedia":[{"embeddable":true,"href":"https:\/\/www.europesays.com\/fi\/wp-json\/wp\/v2\/media\/95989"}],"wp:attachment":[{"href":"https:\/\/www.europesays.com\/fi\/wp-json\/wp\/v2\/media?parent=95988"}],"wp:term":[{"taxonomy":"category","embeddable":true,"href":"https:\/\/www.europesays.com\/fi\/wp-json\/wp\/v2\/categories?post=95988"},{"taxonomy":"post_tag","embeddable":true,"href":"https:\/\/www.europesays.com\/fi\/wp-json\/wp\/v2\/tags?post=95988"}],"curies":[{"name":"wp","href":"https:\/\/api.w.org\/{rel}","templated":true}]}}