{"id":95990,"date":"2025-11-21T09:28:09","date_gmt":"2025-11-21T09:28:09","guid":{"rendered":"https:\/\/www.europesays.com\/fi\/95990\/"},"modified":"2025-11-21T09:28:09","modified_gmt":"2025-11-21T09:28:09","slug":"euroviisujen-aanestykseen-tulee-muutoksia-poliittista-vaikuttamista-yritetaan-suitsia-kulttuuri","status":"publish","type":"post","link":"https:\/\/www.europesays.com\/fi\/95990\/","title":{"rendered":"Euroviisujen \u00e4\u00e4nestykseen tulee muutoksia \u2013 poliittista vaikuttamista yritet\u00e4\u00e4n suitsia | Kulttuuri"},"content":{"rendered":"<p class=\"aw-1gybjub aw-5vja16 kEtdKx kmuxyA yle__article__paragraph\">EBUn uusien s\u00e4\u00e4nt\u00f6jen mukaan yleis\u00f6n maksimi\u00e4\u00e4nien m\u00e4\u00e4r\u00e4 v\u00e4henee 20:st\u00e4 10:een.<\/p>\n<p><img decoding=\"async\" alt=\"Yuval Raphael laulaa lavalla mustassa mekossa, jossa on pitk\u00e4t rimpsuhihat.\" src=\"https:\/\/www.europesays.com\/fi\/wp-content\/uploads\/2025\/11\/39-146558868259d2bdfde9.jpeg\" class=\"aw-1l9m598 hKVVvP\"\/><\/p>\n<p>Avaa kuvien katselu<\/p>\n<p>Israelin Yuval Raphael tuli Euroviisuissa t\u00e4n\u00e4 vuonna toiseksi. Kuva: Alma Bengtsson \/ EBU<\/p>\n<p>10:50\u2022P\u00e4ivitetty 10:56<\/p>\n<p class=\"aw-1gybjub aw-1p7kakr kEtdKx cEmitX yle__article__paragraph\">Euroopan yleisradiounioni EBU on <a class=\"aw-iao6s4 iHOxEa yle__article__link\" href=\"https:\/\/www.ebu.ch\/news\/2025\/11\/ebu-announces-changes-to-eurovision-song-contest-voting-rules-to-strengthen-trust-and-transparency\" role=\"link\" rel=\"nofollow noopener\" target=\"_blank\">ilmoittanut<\/a> muuttavansa Euroviisujen \u00e4\u00e4nestysk\u00e4yt\u00e4nt\u00f6j\u00e4 ensi vuoden kisoihin.<\/p>\n<p class=\"aw-1gybjub aw-1p7kakr kEtdKx cEmitX yle__article__paragraph\">\u00c4\u00e4nestys nousi puheenaiheeksi t\u00e4m\u00e4n vuoden viisujen j\u00e4lkeen, kun Israelin arveltiin masinoineen \u00e4\u00e4ni\u00e4 maansa edustajalle.<\/p>\n<p class=\"aw-1gybjub aw-1p7kakr kEtdKx cEmitX yle__article__paragraph\">Nyt EBU kertoo tiukentavansa \u00e4\u00e4nestysohjeita ja -s\u00e4\u00e4nt\u00f6j\u00e4, jottei \u00e4\u00e4nestykseen voitaisi vaikuttaa ep\u00e4reilusti.<\/p>\n<p class=\"aw-1gybjub aw-1p7kakr kEtdKx cEmitX yle__article__paragraph\">Seuraavassa p\u00e4\u00e4kohdat uudistuksesta.<\/p>\n<p class=\"aw-1gybjub aw-1p7kakr kEtdKx cEmitX yle__article__paragraph\"><strong class=\"aw-ak79eh KyCXm yle__article__strong\">1. Selke\u00e4mm\u00e4t s\u00e4\u00e4nn\u00f6t mainoskampanjoihin<\/strong><\/p>\n<p class=\"aw-1gybjub aw-1p7kakr kEtdKx cEmitX yle__article__paragraph\">Artistien ja heid\u00e4n kappaleidensa markkinointi kuuluu musiikkialaan, mutta EBU haluaa asettaa sille tietyt rajat. Tiedotteen mukaan jatkossa viisuissa \u201dv\u00e4ltet\u00e4\u00e4n suhteettomia promootiokampanjoita erityisesti silloin, kun ne toteutetaan tai niit\u00e4 tukevat kolmannet osapuolet, mukaan lukien hallitukset tai hallinnolliset tahot.\u201d<\/p>\n<p class=\"aw-1gybjub aw-1p7kakr kEtdKx cEmitX yle__article__paragraph\">EBUn mukaan viisuihin osallistuvat yleisradioyhti\u00f6t ja artistit eiv\u00e4t saa aktiivisesti osallistua, edesauttaa tai my\u00f6t\u00e4vaikuttaa kolmansien osapuolten mainoskampanjoihin, jotka voisivat vaikuttaa \u00e4\u00e4nestyksen lopputulokseen. Kaikki yritykset vaikuttaa tuloksiin kohtuuttomasti johtavat sanktioihin.<\/p>\n<p class=\"aw-1gybjub aw-1p7kakr kEtdKx cEmitX yle__article__paragraph\">EBU ei kuitenkaan m\u00e4\u00e4rittele, miten se aikoo promootiota valvoa.<\/p>\n<p class=\"aw-1gybjub aw-1p7kakr kEtdKx cEmitX yle__article__paragraph\"><strong class=\"aw-ak79eh KyCXm yle__article__strong\">2. V\u00e4hemm\u00e4n maksimi\u00e4\u00e4ni\u00e4<\/strong><\/p>\n<p class=\"aw-1gybjub aw-1p7kakr kEtdKx cEmitX yle__article__paragraph\">T\u00e4m\u00e4n vuoden Euroviisuissa nousi esiin my\u00f6s se, ett\u00e4 yksitt\u00e4inen \u00e4\u00e4nest\u00e4j\u00e4 sai antaa \u00e4\u00e4ni\u00e4 jopa 20 kertaa per maksutapa (netti, tekstiviesti ja puhelu). Maksimim\u00e4\u00e4r\u00e4\u00e4 v\u00e4hennet\u00e4\u00e4n nyt 10:een.<\/p>\n<p class=\"aw-1gybjub aw-1p7kakr kEtdKx cEmitX yle__article__paragraph\"><strong class=\"aw-ak79eh KyCXm yle__article__strong\">3. 50\/50-\u00e4\u00e4nestys palaa semifinaaleihin ja tuomaristot laajenevat<\/strong><\/p>\n<p class=\"aw-1gybjub aw-1p7kakr kEtdKx cEmitX yle__article__paragraph\">Ammattituomaristot palaavat semifinaaleihin ensimm\u00e4ist\u00e4 kertaa sitten vuoden 2022. Ensi vuonna semifinaaleista jatkoon p\u00e4\u00e4sy ratkeaa siten, ett\u00e4 puolet \u00e4\u00e4nist\u00e4 tulee tuomaristoilta ja puolet yleis\u00f6lt\u00e4 kuten viisufinaalissa.<\/p>\n<p class=\"aw-1gybjub aw-1p7kakr kEtdKx cEmitX yle__article__paragraph\">Tuomarien m\u00e4\u00e4r\u00e4 kasvaa viidest\u00e4 seitsem\u00e4\u00e4n, ja ammatillista taustaa laajennetaan kattamaan esimerkiksi musiikkijournalistit ja -kriitikot, musiikinopettajat, luovat ammattilaiset kuten koreografit ja ohjaajat sek\u00e4 kokeneet musiikkialan henkil\u00f6t. Kilpailun nuorempaa yleis\u00f6\u00e4 huomioiden jokaisessa tuomaristossa tulee olla v\u00e4hint\u00e4\u00e4n kaksi 18\u201325-vuotiasta tuomaria.<\/p>\n<p class=\"aw-1gybjub aw-1p7kakr kEtdKx cEmitX yle__article__paragraph\"><strong class=\"aw-ak79eh KyCXm yle__article__strong\">4. Ep\u00e4ilytt\u00e4v\u00e4t \u00e4\u00e4nestyskuviot syyniin<\/strong><\/p>\n<p class=\"aw-1gybjub aw-1p7kakr kEtdKx cEmitX yle__article__paragraph\">EBU aikoo kehitt\u00e4\u00e4 my\u00f6s \u00e4\u00e4nestyksen valvontaa uusilla turvaj\u00e4rjestelmill\u00e4. Niill\u00e4 pyrit\u00e4\u00e4n havaitsemaan ja est\u00e4m\u00e4\u00e4n vilpillinen ja koordinoitu \u00e4\u00e4nestystoiminta. N\u00e4ill\u00e4 toimilla viisuj\u00e4rjest\u00e4j\u00e4 yritt\u00e4\u00e4 taata sen, ett\u00e4 yleis\u00f6\u00e4\u00e4nestyksen tuloksiin luotetaan.<\/p>\n<p class=\"aw-1gybjub aw-1p7kakr kEtdKx cEmitX yle__article__paragraph\">Uusia \u00e4\u00e4nestyk\u00e4yt\u00e4nt\u00f6j\u00e4 k\u00e4sitell\u00e4\u00e4n EBUn yleiskokouksessa joulukuun alussa. Samalla on tarkoitus k\u00e4sitell\u00e4 Israelin osallistumista ensi kev\u00e4\u00e4n Euroviisuihin.<\/p>\n<p class=\"aw-1gybjub aw-1p7kakr kEtdKx cEmitX yle__article__paragraph\">Yle aikoo kertoa kantansa Euroviisuihin osallistumisesta ennen kokousta.<\/p>\n<p class=\"aw-1gybjub aw-1p7kakr kEtdKx cEmitX yle__article__paragraph\">Euroviisut j\u00e4rjestet\u00e4\u00e4n It\u00e4vallan Wieniss\u00e4 12., 14. ja 16. toukokuuta.<\/p>\n","protected":false},"excerpt":{"rendered":"EBUn uusien s\u00e4\u00e4nt\u00f6jen mukaan yleis\u00f6n maksimi\u00e4\u00e4nien m\u00e4\u00e4r\u00e4 v\u00e4henee 20:st\u00e4 10:een. Avaa kuvien katselu Israelin Yuval Raphael tuli Euroviisuissa&hellip;\n","protected":false},"author":2,"featured_media":95991,"comment_status":"","ping_status":"","sticky":false,"template":"","format":"standard","meta":{"footnotes":""},"categories":[132],"tags":[137,33,31,30,108,195,47,32,109],"class_list":{"0":"post-95990","1":"post","2":"type-post","3":"status-publish","4":"format-standard","5":"has-post-thumbnail","7":"category-musiikki","8":"tag-entertainment","9":"tag-fi","10":"tag-finland","11":"tag-finnish","12":"tag-kulttuuri","13":"tag-music","14":"tag-musiikki","15":"tag-suomi","16":"tag-viihde"},"share_on_mastodon":{"url":"https:\/\/pubeurope.com\/@fi\/115586984161993948","error":""},"_links":{"self":[{"href":"https:\/\/www.europesays.com\/fi\/wp-json\/wp\/v2\/posts\/95990","targetHints":{"allow":["GET"]}}],"collection":[{"href":"https:\/\/www.europesays.com\/fi\/wp-json\/wp\/v2\/posts"}],"about":[{"href":"https:\/\/www.europesays.com\/fi\/wp-json\/wp\/v2\/types\/post"}],"author":[{"embeddable":true,"href":"https:\/\/www.europesays.com\/fi\/wp-json\/wp\/v2\/users\/2"}],"replies":[{"embeddable":true,"href":"https:\/\/www.europesays.com\/fi\/wp-json\/wp\/v2\/comments?post=95990"}],"version-history":[{"count":0,"href":"https:\/\/www.europesays.com\/fi\/wp-json\/wp\/v2\/posts\/95990\/revisions"}],"wp:featuredmedia":[{"embeddable":true,"href":"https:\/\/www.europesays.com\/fi\/wp-json\/wp\/v2\/media\/95991"}],"wp:attachment":[{"href":"https:\/\/www.europesays.com\/fi\/wp-json\/wp\/v2\/media?parent=95990"}],"wp:term":[{"taxonomy":"category","embeddable":true,"href":"https:\/\/www.europesays.com\/fi\/wp-json\/wp\/v2\/categories?post=95990"},{"taxonomy":"post_tag","embeddable":true,"href":"https:\/\/www.europesays.com\/fi\/wp-json\/wp\/v2\/tags?post=95990"}],"curies":[{"name":"wp","href":"https:\/\/api.w.org\/{rel}","templated":true}]}}