{"id":96127,"date":"2025-11-21T12:33:08","date_gmt":"2025-11-21T12:33:08","guid":{"rendered":"https:\/\/www.europesays.com\/fi\/96127\/"},"modified":"2025-11-21T12:33:08","modified_gmt":"2025-11-21T12:33:08","slug":"paijat-hameen-hyvinvointialue-influenssa-nostaa-paataan-paijat-hameessa-rokotuksella-ehtii-saada-suojan-itselleen-ja-laheisil-leen","status":"publish","type":"post","link":"https:\/\/www.europesays.com\/fi\/96127\/","title":{"rendered":"P\u00e4ij\u00e4t-H\u00e4meen hyvinvointialue: Influenssa nostaa p\u00e4\u00e4t\u00e4\u00e4n P\u00e4ij\u00e4t-H\u00e4meess\u00e4 &#8211; rokotuksella ehtii saada suojan itselleen ja l\u00e4heisil-leen"},"content":{"rendered":"<p>P\u00e4ij\u00e4t-H\u00e4meen hyvinvointialue: Valtiolta kiitt\u00e4v\u00e4\u00e4 palautetta hyvinvoinnin ja terveyden edist\u00e4misest\u00e4 sek\u00e4 digitalisaation etenemisest\u00e410.11.2025 11:18:47 EET | Tiedote<\/p>\n<p class=\"latest-release__LatestReleaseContent-sc-8cce5y-3 elatGA\">P\u00e4ij\u00e4t-H\u00e4meen hyvinvointialue sai j\u00e4lleen valtiolta kiitt\u00e4v\u00e4\u00e4 palautetta vuotuisissa hyvinvointialueneuvotteluissa, jotka k\u00e4ytiin viime viikolla Helsingiss\u00e4. Lakis\u00e4\u00e4teiset hyvinvointialueneuvottelut j\u00e4rjestet\u00e4\u00e4n alueiden ja valtiovarainministeri\u00f6n, sosiaali- ja terveysministeri\u00f6n, sis\u00e4ministeri\u00f6n, Terveyden ja hyvinvoinnin laitoksen sek\u00e4 Etel\u00e4-Suomen aluehallintoviraston edustajien kesken.<\/p>\n","protected":false},"excerpt":{"rendered":"P\u00e4ij\u00e4t-H\u00e4meen hyvinvointialue: Valtiolta kiitt\u00e4v\u00e4\u00e4 palautetta hyvinvoinnin ja terveyden edist\u00e4misest\u00e4 sek\u00e4 digitalisaation etenemisest\u00e410.11.2025 11:18:47 EET | Tiedote P\u00e4ij\u00e4t-H\u00e4meen hyvinvointialue&hellip;\n","protected":false},"author":2,"featured_media":96128,"comment_status":"","ping_status":"","sticky":false,"template":"","format":"standard","meta":{"footnotes":""},"categories":[165],"tags":[33,31,30,166,32,167],"class_list":{"0":"post-96127","1":"post","2":"type-post","3":"status-publish","4":"format-standard","5":"has-post-thumbnail","7":"category-terveys","8":"tag-fi","9":"tag-finland","10":"tag-finnish","11":"tag-health","12":"tag-suomi","13":"tag-terveys"},"share_on_mastodon":{"url":"https:\/\/pubeurope.com\/@fi\/115587711479977838","error":""},"_links":{"self":[{"href":"https:\/\/www.europesays.com\/fi\/wp-json\/wp\/v2\/posts\/96127","targetHints":{"allow":["GET"]}}],"collection":[{"href":"https:\/\/www.europesays.com\/fi\/wp-json\/wp\/v2\/posts"}],"about":[{"href":"https:\/\/www.europesays.com\/fi\/wp-json\/wp\/v2\/types\/post"}],"author":[{"embeddable":true,"href":"https:\/\/www.europesays.com\/fi\/wp-json\/wp\/v2\/users\/2"}],"replies":[{"embeddable":true,"href":"https:\/\/www.europesays.com\/fi\/wp-json\/wp\/v2\/comments?post=96127"}],"version-history":[{"count":0,"href":"https:\/\/www.europesays.com\/fi\/wp-json\/wp\/v2\/posts\/96127\/revisions"}],"wp:featuredmedia":[{"embeddable":true,"href":"https:\/\/www.europesays.com\/fi\/wp-json\/wp\/v2\/media\/96128"}],"wp:attachment":[{"href":"https:\/\/www.europesays.com\/fi\/wp-json\/wp\/v2\/media?parent=96127"}],"wp:term":[{"taxonomy":"category","embeddable":true,"href":"https:\/\/www.europesays.com\/fi\/wp-json\/wp\/v2\/categories?post=96127"},{"taxonomy":"post_tag","embeddable":true,"href":"https:\/\/www.europesays.com\/fi\/wp-json\/wp\/v2\/tags?post=96127"}],"curies":[{"name":"wp","href":"https:\/\/api.w.org\/{rel}","templated":true}]}}