{"id":96187,"date":"2025-11-21T13:52:07","date_gmt":"2025-11-21T13:52:07","guid":{"rendered":"https:\/\/www.europesays.com\/fi\/96187\/"},"modified":"2025-11-21T13:52:07","modified_gmt":"2025-11-21T13:52:07","slug":"helena-koivu-kommentoi-rikostuomiotaan-ilta-sanomat","status":"publish","type":"post","link":"https:\/\/www.europesays.com\/fi\/96187\/","title":{"rendered":"Helena Koivu kommentoi rikostuomiotaan &#8211; Ilta-Sanomat"},"content":{"rendered":"<p>Helena Koivu tuomittiin rikoksista perjantaina. Nyt h\u00e4n ottaa kantaa asiaan.<\/p>\n<p class=\"article-body mb-nof-24 px-nof-16\">Kotirauhan rikkomisesta ja salakatselusta tuomittu <a class=\"article-personlink\" href=\"https:\/\/www.is.fi\/haku\/?query=Helena%20Koivu\" rel=\"nofollow noopener\" target=\"_blank\">Helena Koivu<\/a> ottaa kantaa k\u00e4r\u00e4j\u00e4oikeuden p\u00e4\u00e4t\u00f6kseen Instagramissa.<\/p>\n<p class=\"article-body mb-nof-24 px-nof-16\">Varsinais-Suomen k\u00e4r\u00e4j\u00e4oikeus tuomitsi perjantaina Helena Koivun kotirauhan rikkomisesta ja salakatselusta. Syyte varkaudesta kaatui oikeudessa.<\/p>\n<p class=\"article-body mb-nof-24 px-nof-16\">Tuomio ei ole lainvoimainen.<\/p>\n<p class=\"article-body mb-nof-24 px-nof-16\">Koivun kirjoituksesta voikin p\u00e4\u00e4tell\u00e4, ett\u00e4 h\u00e4n aikoo valittaa saamastaan tuomiosta.<\/p>\n<p class=\"article-body mb-nof-24 px-nof-16\">\u2013 Odotan valitusprosessia ja luotan siihen, ett\u00e4 totuus tulee viel\u00e4 esiin.<\/p>\n<p class=\"article-body mb-nof-24 px-nof-16\">\u2013 Minun teht\u00e4v\u00e4ni on edelleen suojella lapsiani, pit\u00e4\u00e4 kiinni omista oikeuksistani ja jatkaa t\u00e4t\u00e4 prosessia lain puitteissa loppuun asti, h\u00e4n kirjoittaa sovelluksen tarinat-osiossa.<\/p>\n<p class=\"article-body mb-nof-24 px-nof-16\">Tarinoissa julkaistut p\u00e4ivitykset ovat n\u00e4ht\u00e4vill\u00e4 24 tunnin ajan julkaisusta.<\/p>\n<p class=\"article-body mb-nof-24 px-nof-16\">Kirjoituksessa Koivu v\u00e4itt\u00e4\u00e4, ett\u00e4 \u201dvalta, verkostot ja julkinen asema voivat painaa vaakaa v\u00e4\u00e4r\u00e4\u00e4n suuntaan\u201d.<\/p>\n<p class=\"article-body mb-nof-24 px-nof-16\">\u2013 V\u00e4itteit\u00e4 ja v\u00e4\u00e4r\u00e4\u00e4 valoa heitet\u00e4\u00e4n niin pitk\u00e4lle kuin mahdollista, jotta minusta saataisiin luotua v\u00e4\u00e4ristynyt kuva, h\u00e4n sanoo.<\/p>\n<p class=\"article-body mb-nof-24 px-nof-16\">Helena Koivu sai rangaistukseksi 30 p\u00e4iv\u00e4sakkoa, mik\u00e4 tekee h\u00e4nen tuloillaan 180 euroa. Lis\u00e4ksi Koivu m\u00e4\u00e4r\u00e4ttiin suorittamaan valtiolle rikosuhrimaksu 80 euroa ja m\u00e4\u00e4r\u00e4ttiin korvaamaan sek\u00e4 <a class=\"article-personlink\" href=\"https:\/\/www.is.fi\/haku\/?query=Mikko\" rel=\"nofollow noopener\" target=\"_blank\">Mikko<\/a> ett\u00e4 <a class=\"article-personlink\" href=\"https:\/\/www.is.fi\/haku\/?query=Natalie%20Koivulle\" rel=\"nofollow noopener\" target=\"_blank\">Natalie Koivulle<\/a> kummallekin 1\u202f000 euroa k\u00e4rsimyksest\u00e4 viiv\u00e4styskorkoineen. Helena Koivu m\u00e4\u00e4r\u00e4ttiin my\u00f6s korvaamaan pariskunnan oikeudenk\u00e4yntikuluja 1\u202f255 euroa.<\/p>\n<p class=\"article-body mb-nof-24 px-nof-16\">Rikokset tapahtuivat kes\u00e4ll\u00e4 2024. Ne sijoittuvat aikaan, kun Helena Koivu oli muuttanut Turun Kakskerrassa sijaitsevaan lomakiinteist\u00f6\u00f6n, jonka omistuksesta h\u00e4n ja ex-puoliso Mikko Koivu ovat riidelleet viime vuosina.<\/p>\n<p class=\"article-body mb-nof-24 px-nof-16\">Juhannuksen j\u00e4lkeisen\u00e4 sunnuntaina Mikko ja Natalie Koivu her\u00e4siv\u00e4t syytteen mukaan siihen, kun Helena Koivu alkoi soittaa \u201dhevimusiikkia\u201d aamukuudelta et\u00e4yhteyden v\u00e4lityksell\u00e4. Syytteiden mukaan Helena Koivu soitti musiikkia kova\u00e4\u00e4nisesti 1,5 tunnin ajan ja rikkoi metel\u00f6innill\u00e4\u00e4n pariskunnan kotirauhaa.<\/p>\n<p class=\"article-body mb-nof-24 px-nof-16\">Koivu tuomittiin my\u00f6s salakatselusta. Syytteen mukaan h\u00e4n on matkapuhelimellaan kuvannut kotirauhan suojaamassa paikassa olleita Mikko ja Natalie Koivua. He olivat tuolloin saapumassa Kakskerran kiinteist\u00f6\u00f6n.<\/p>\n","protected":false},"excerpt":{"rendered":"Helena Koivu tuomittiin rikoksista perjantaina. Nyt h\u00e4n ottaa kantaa asiaan. Kotirauhan rikkomisesta ja salakatselusta tuomittu Helena Koivu ottaa&hellip;\n","protected":false},"author":2,"featured_media":96188,"comment_status":"","ping_status":"","sticky":false,"template":"","format":"standard","meta":{"footnotes":""},"categories":[158],"tags":[33,31,30,34,159,32,160],"class_list":{"0":"post-96187","1":"post","2":"type-post","3":"status-publish","4":"format-standard","5":"has-post-thumbnail","7":"category-urheilu","8":"tag-fi","9":"tag-finland","10":"tag-finnish","11":"tag-ilta-sanomat","12":"tag-sports","13":"tag-suomi","14":"tag-urheilu"},"share_on_mastodon":{"url":"https:\/\/pubeurope.com\/@fi\/115588021981599835","error":""},"_links":{"self":[{"href":"https:\/\/www.europesays.com\/fi\/wp-json\/wp\/v2\/posts\/96187","targetHints":{"allow":["GET"]}}],"collection":[{"href":"https:\/\/www.europesays.com\/fi\/wp-json\/wp\/v2\/posts"}],"about":[{"href":"https:\/\/www.europesays.com\/fi\/wp-json\/wp\/v2\/types\/post"}],"author":[{"embeddable":true,"href":"https:\/\/www.europesays.com\/fi\/wp-json\/wp\/v2\/users\/2"}],"replies":[{"embeddable":true,"href":"https:\/\/www.europesays.com\/fi\/wp-json\/wp\/v2\/comments?post=96187"}],"version-history":[{"count":0,"href":"https:\/\/www.europesays.com\/fi\/wp-json\/wp\/v2\/posts\/96187\/revisions"}],"wp:featuredmedia":[{"embeddable":true,"href":"https:\/\/www.europesays.com\/fi\/wp-json\/wp\/v2\/media\/96188"}],"wp:attachment":[{"href":"https:\/\/www.europesays.com\/fi\/wp-json\/wp\/v2\/media?parent=96187"}],"wp:term":[{"taxonomy":"category","embeddable":true,"href":"https:\/\/www.europesays.com\/fi\/wp-json\/wp\/v2\/categories?post=96187"},{"taxonomy":"post_tag","embeddable":true,"href":"https:\/\/www.europesays.com\/fi\/wp-json\/wp\/v2\/tags?post=96187"}],"curies":[{"name":"wp","href":"https:\/\/api.w.org\/{rel}","templated":true}]}}