{"id":96200,"date":"2025-11-21T14:16:11","date_gmt":"2025-11-21T14:16:11","guid":{"rendered":"https:\/\/www.europesays.com\/fi\/96200\/"},"modified":"2025-11-21T14:16:11","modified_gmt":"2025-11-21T14:16:11","slug":"tonttu-elokuva-lastenelokuva-joka-hammentaa-ja-herattaa-kysymyksia","status":"publish","type":"post","link":"https:\/\/www.europesays.com\/fi\/96200\/","title":{"rendered":"Tonttu-elokuva: Lastenelokuva, joka h\u00e4mment\u00e4\u00e4 ja her\u00e4tt\u00e4\u00e4 kysymyksi\u00e4"},"content":{"rendered":"<p>\n            Kati Outinen elokuvassa Tonttu<br \/>\n            Dreamland Pictures\n        <\/p>\n<p class=\"subtitle \">Kuolemaa k\u00e4sittelev\u00e4 lastenelokuva ei tied\u00e4, mille kohdeyleis\u00f6lle se on tehty.<\/p>\n<p class=\"italic m-italic article-content article-content-width !bg-background\">Varoitus: juttu sis\u00e4lt\u00e4\u00e4 paljastuksia Tonttu-elokuvan k\u00e4\u00e4nteist\u00e4.<\/p>\n<p class=\"article-content article-content-width !bg-background\"> ja  ohjaama Tonttu on visuaalisesti komea fantasiaelokuva, jonka sis\u00e4lt\u00f6 h\u00e4mment\u00e4\u00e4 ja j\u00e4tt\u00e4\u00e4 surullisen, jopa kolkon j\u00e4lkimaun.<\/p>\n<p class=\"font-weight-bold m-font-weight-bold italic m-italic article-content article-content-width !bg-background\">Arkistovideo: Vesa Vierikko paljastaa tulevaisuuden suunnitelmansa<\/p>\n<p class=\"article-content article-content-width !bg-background\">Viime perjantaina ensi-iltaan tullut elokuva ker\u00e4si avausviikonloppuna 9 547 katsojaa ja sijoittui kakkoseksi uuden Syke-elokuvan (14 416) j\u00e4lkeen. Avaukselta odotettiin selv\u00e4sti enemm\u00e4n, sill\u00e4 Tonttu julkaistiin per\u00e4ti 118 valkokankaalla.<\/p>\n<p class=\"article-content article-content-width !bg-background\">Olin itse katsomassa elokuvaa n\u00e4yt\u00f6ksess\u00e4, jonka yleis\u00f6 koostui p\u00e4\u00e4osin hyvin nuorista lapsista ja heid\u00e4n vanhemmistaan. Jo elokuvan alku sai osan yleis\u00f6st\u00e4 kiemurtelemaan, kun pieni Talvi joutuu auto-onnettomuuteen ja menett\u00e4\u00e4 molemmat vanhempansa.<\/p>\n<p class=\"article-content article-content-width !bg-background\">K\u00e4y ilmi, ett\u00e4 Talvi ja toinen tytt\u00f6, Lumi, ovat olleet erottamattomat koko el\u00e4m\u00e4ns\u00e4, kunnes Talvi adoptoidaan uuteen perheeseen. Hyl\u00e4tty Lumi puolestaan eksyy tunturin alla sijaitsevaan tonttumaailmaan, jossa ei my\u00f6sk\u00e4\u00e4n kaikki ole kohdallaan.<\/p>\n<p class=\"article-content article-content-width !bg-background\">Paikkaa johtava emeritustonttu R\u00e4\u00e4p\u00e4kk\u00e4 yskii pahaenteisesti, kunnes edess\u00e4 ovat tonttuhautajaiset, ehk\u00e4 ensimm\u00e4iset lajissaan lastenelokuvassa. Tunnelma on kuin mustassa messussa: tontut marssivat tummissa kaavuissa l\u00e4pi synk\u00e4n rituaalin, joka tuntuu yht\u00e4 sopivalta koko perheen jouluelokuvaan kuin tuhmat vitsit Pikku Kakkosen juontajan suuhun.<\/p>\n<p>        <a itemprop=\"url\" href=\"https:\/\/www.seiska.fi\/katso\/onko-tama-woody-allenin-viimeinen-elokuva-kuvataan-suomalaisten-suosikkimaassa\/1986693\" rel=\"nofollow noopener\" target=\"_blank\"><\/p>\n<p>\nWoody Allenin viimeinen elokuva?\n<\/p>\n<p class=\"section-date\">\n        <strong class=\"article-section\" data-section=\"katso\"><br \/>\n            katso<br \/>\n        <\/strong><br \/>\n        8.11. 13:15\n    <\/p>\n<p>Onko t\u00e4m\u00e4 Woody Allenin viimeinen elokuva? Kuvataan suomalaisten suosikkimaassa\n    <\/p>\n<p itemprop=\"description\" class=\"subtitle \">\n    Joulukuussa 90 t\u00e4ytt\u00e4v\u00e4 Allen haluaa tehd\u00e4 viel\u00e4 v\u00e4hint\u00e4\u00e4n yhden elokuvan.\n<\/p>\n<p>        <\/a><\/p>\n<p>                <img decoding=\"async\" src=\"https:\/\/www.europesays.com\/fi\/wp-content\/uploads\/2025\/11\/1995426.webp\" width=\"576\" height=\"274\" alt=\"Vesa Vierikko on R\u00e4\u00e4p\u00e4kk\u00e4 (RIP).\" loading=\"lazy\" \/>            <\/p>\n<p>\n            Vesa Vierikko on R\u00e4\u00e4p\u00e4kk\u00e4 (RIP).<br \/>\n            Dreamland Pictures\n        <\/p>\n<p>Joulutrauma lapsille<\/p>\n<p class=\"article-content article-content-width !bg-background\">Elokuvan s\u00e4vy ja k\u00e4\u00e4nteet olivat ilmeisen raskaita ainakin niille lapsille, jotka istuivat samassa n\u00e4yt\u00f6ksess\u00e4 kanssani. Osa pienimmist\u00e4 katsojista oli jo puoliv\u00e4liss\u00e4 menett\u00e4nyt otteen tarinasta, joka oli mennyt selv\u00e4sti yli ymm\u00e4rryksen. Ennen levottoman liikehdinn\u00e4n alkua salissa kuului sielt\u00e4 t\u00e4\u00e4lt\u00e4 vanhemmille esitettyj\u00e4 kysymyksi\u00e4:<\/p>\n<p class=\"article-content article-content-width !bg-background\">\u201cOnko Lumi Talvin sisko vai yst\u00e4v\u00e4?\u201d<\/p>\n<p class=\"article-content article-content-width !bg-background\">\u201cMiksi Lumi ei muuta samaan perheeseen?\u201d<\/p>\n<p class=\"article-content article-content-width !bg-background\">ja kaikkein paljastavin: \u201cOnko Lumi oikeasti olemassa?\u201d<\/p>\n<p class=\"article-content article-content-width !bg-background\">Tonttu on lastenelokuva, jota suuri osa lapsista ei ymm\u00e4rr\u00e4, mutta joka silti ehtii ravistella heit\u00e4 kuoleman kuvauksella. Elokuvassa viitataan v\u00e4hint\u00e4\u00e4n kolmeen kuolemantapaukseen, mutta niiden k\u00e4sittely j\u00e4\u00e4 pintapuoliseksi ja h\u00e4mment\u00e4v\u00e4ksi. Lopputulos on kuin yhdistelm\u00e4 surua ja ymm\u00e4lleen j\u00e4\u00e4mist\u00e4, eik\u00e4 kumpikaan tunnu harkitulta.<\/p>\n<p class=\"article-content article-content-width !bg-background\">Aikuisille Tonttu puolestaan on liian naiivi ja dramaturgisesti k\u00f6mpel\u00f6. J\u00e4hme\u00e4t aikuishahmot ja kankea j\u00e4lkidubbaus vain vahvistavat irrallisuuden tunnetta.<\/p>\n<p>        <a itemprop=\"url\" href=\"https:\/\/www.seiska.fi\/katso\/iik-tama-sopoliini-palaa-valkokankaalle\/1987246\" rel=\"nofollow noopener\" target=\"_blank\"><\/p>\n<p>\nIik!\n<\/p>\n<p class=\"section-date\">\n        <strong class=\"article-section\" data-section=\"katso\"><br \/>\n            katso<br \/>\n        <\/strong><br \/>\n        8.11. 16:15\n    <\/p>\n<p>Iik! T\u00e4m\u00e4 s\u00f6p\u00f6liini palaa valkokankaalle\n    <\/p>\n<p itemprop=\"description\" class=\"subtitle \">\n    Warner Bros. on julkistanut odotetun jatko-osan julkaisup\u00e4iv\u00e4n.\n<\/p>\n<p>        <\/a><\/p>\n<p>                <img decoding=\"async\" src=\"https:\/\/www.europesays.com\/fi\/wp-content\/uploads\/2025\/11\/1995428.webp\" width=\"576\" height=\"274\" alt=\"Thea Achillea ja Soma Zimmatore ovat Talvi ja Lumi.\" loading=\"lazy\" \/>            <\/p>\n<p>\n            Thea Achillea ja Soma Zimmatore ovat Talvi ja Lumi.<br \/>\n            Dreamland Pictures\n        <\/p>\n<p>Kuolema ei ole tabu<\/p>\n<p class=\"article-content article-content-width !bg-background\">Lastenelokuvissa saa, ja toisinaan pit\u00e4\u00e4kin, k\u00e4sitell\u00e4 kuolemaa. Se ei ole tabu. Mutta aihe vaatii tyyli\u00e4, herkkyytt\u00e4 ja tunne\u00e4ly\u00e4.<\/p>\n<p class=\"article-content article-content-width !bg-background\"> romaaniin pohjaava Veljeni Leijonamieli on loistava esimerkki, miten kuolemasta voi kertoa lohduttavasti, rohkeasti ja lapsen kokemusmaailmaa kunnioittaen.<\/p>\n<p class=\"article-content article-content-width !bg-background\">My\u00f6s kotimainen Joulutarina tarjoaa relevantin vertailukohdan. Se k\u00e4sittelee kuolemaa heti tarinan alussa, mutta tekee sen lempe\u00e4sti ja lapsitajuisesti. Joulutarina onnistuu v\u00e4litt\u00e4m\u00e4\u00e4n surun ja toivon tasapainon tavalla, josta Tonttu voisi ottaa oppia: kuolema on osa tarinaa, ei sen kantava sensaatio.<\/p>\n<p class=\"article-content article-content-width !bg-background\">Tonttu on elokuva, joka ei lopulta tied\u00e4, kenelle se on tehty. Lapsille se on liian raskas. Aikuisille liian naiivi. Ja joulumielelle liian synkk\u00e4.<\/p>\n<p>        <a itemprop=\"url\" href=\"https:\/\/www.seiska.fi\/katso\/nakokulma-leonardo-dicaprio-pelaa-kallista-uhkapelia\/1934284\" rel=\"nofollow noopener\" target=\"_blank\"><\/p>\n<p>\nLeonardo DiCaprio\n<\/p>\n<p class=\"section-date\">\n        <strong class=\"article-section\" data-section=\"katso\"><br \/>\n            katso<br \/>\n        <\/strong><br \/>\n        25.9. 18:15\n    <\/p>\n<p>N\u00e4k\u00f6kulma: Leonardo DiCaprio pelaa kallista uhkapeli\u00e4\n    <\/p>\n<p itemprop=\"description\" class=\"subtitle \">\n    One Battle After Another testaa supert\u00e4hden kest\u00e4vyyden lippuluukuilla.\n<\/p>\n<p>        <\/a><\/p>\n","protected":false},"excerpt":{"rendered":"Kati Outinen elokuvassa Tonttu Dreamland Pictures Kuolemaa k\u00e4sittelev\u00e4 lastenelokuva ei tied\u00e4, mille kohdeyleis\u00f6lle se on tehty. Varoitus: juttu&hellip;\n","protected":false},"author":2,"featured_media":96201,"comment_status":"","ping_status":"","sticky":false,"template":"","format":"standard","meta":{"footnotes":""},"categories":[131],"tags":[155,137,33,173,31,30,18096,3958,18026,5856,17025,18783,18784,683,18098,172,32,17024,8265,109],"class_list":{"0":"post-96200","1":"post","2":"type-post","3":"status-publish","4":"format-standard","5":"has-post-thumbnail","7":"category-elokuvat","8":"tag-elokuvat","9":"tag-entertainment","10":"tag-fi","11":"tag-film","12":"tag-finland","13":"tag-finnish","14":"tag-hannes-vartiainen","15":"tag-hautajaiset","16":"tag-joonas-berghall","17":"tag-joulu","18":"tag-jouluelokuva","19":"tag-joulutarina","20":"tag-kati-outinen","21":"tag-kuolema","22":"tag-lastenelokuva","23":"tag-movies","24":"tag-suomi","25":"tag-tonttu","26":"tag-vesa-vierikko","27":"tag-viihde"},"share_on_mastodon":{"url":"https:\/\/pubeurope.com\/@fi\/115588116463360928","error":""},"_links":{"self":[{"href":"https:\/\/www.europesays.com\/fi\/wp-json\/wp\/v2\/posts\/96200","targetHints":{"allow":["GET"]}}],"collection":[{"href":"https:\/\/www.europesays.com\/fi\/wp-json\/wp\/v2\/posts"}],"about":[{"href":"https:\/\/www.europesays.com\/fi\/wp-json\/wp\/v2\/types\/post"}],"author":[{"embeddable":true,"href":"https:\/\/www.europesays.com\/fi\/wp-json\/wp\/v2\/users\/2"}],"replies":[{"embeddable":true,"href":"https:\/\/www.europesays.com\/fi\/wp-json\/wp\/v2\/comments?post=96200"}],"version-history":[{"count":0,"href":"https:\/\/www.europesays.com\/fi\/wp-json\/wp\/v2\/posts\/96200\/revisions"}],"wp:featuredmedia":[{"embeddable":true,"href":"https:\/\/www.europesays.com\/fi\/wp-json\/wp\/v2\/media\/96201"}],"wp:attachment":[{"href":"https:\/\/www.europesays.com\/fi\/wp-json\/wp\/v2\/media?parent=96200"}],"wp:term":[{"taxonomy":"category","embeddable":true,"href":"https:\/\/www.europesays.com\/fi\/wp-json\/wp\/v2\/categories?post=96200"},{"taxonomy":"post_tag","embeddable":true,"href":"https:\/\/www.europesays.com\/fi\/wp-json\/wp\/v2\/tags?post=96200"}],"curies":[{"name":"wp","href":"https:\/\/api.w.org\/{rel}","templated":true}]}}