{"id":96214,"date":"2025-11-21T14:37:10","date_gmt":"2025-11-21T14:37:10","guid":{"rendered":"https:\/\/www.europesays.com\/fi\/96214\/"},"modified":"2025-11-21T14:37:10","modified_gmt":"2025-11-21T14:37:10","slug":"andy-mccoy-aiheutti-hammennysta-helsingissa-jarjesti-katujamit-arvoalueella-kuva","status":"publish","type":"post","link":"https:\/\/www.europesays.com\/fi\/96214\/","title":{"rendered":"Andy McCoy aiheutti h\u00e4mmennyst\u00e4 Helsingiss\u00e4 \u2013 j\u00e4rjesti katujamit arvoalueella &#8211; kuva!"},"content":{"rendered":"<p>            ATTE KAJOVA\n        <\/p>\n<p class=\"subtitle \">Rock-ikonin toiminta ei ollut kaikkien mieleen.<\/p>\n<p class=\"article-content article-content-width !bg-background\">, joka tunnetaan huomattavasti paremmin taiteilijanimell\u00e4\u00e4n , on pohjoisessa t\u00e4htiskeness\u00e4 melkoinen harvinaisuus.\u00a0<\/p>\n<p class=\"font-weight-bold m-font-weight-bold article-content article-content-width !bg-background\">Arkistovideolla Andy kertoo Seiskalle terveydentilastaan:<\/p>\n<p class=\"article-content article-content-width !bg-background\">Hanoi Rocksin, siis yhden kansainv\u00e4lisesti menestyneimm\u00e4n suomalaisyhtyeen kitaristina alunperin kuuluisuuteen kavunneen Andyn tuntee jokainen suomalainen vauvasta vaariin.<\/p>\n<p>        <a itemprop=\"url\" href=\"https:\/\/www.seiska.fi\/kotimaa\/andy-mccoylta-harvinainen-avautuminen-paljastuksia-terveydesta-viinasta-ja-rahasta\/1993164\" rel=\"nofollow noopener\" target=\"_blank\"><\/p>\n<p>\nAndy McCoy avautuu\n<\/p>\n<p class=\"section-date\">\n        <strong class=\"article-section\" data-section=\"kotimaa\"><br \/>\n            kotimaa<br \/>\n        <\/strong><br \/>\n        16.11. 07:00\n    <\/p>\n<p>Andy McCoylta harvinainen avautuminen: Paljastuksia terveydest\u00e4, viinasta ja rahasta!\n    <\/p>\n<p itemprop=\"description\" class=\"subtitle \">\n    Andy McCoyn uudet kuulumiset yll\u00e4tt\u00e4v\u00e4t j\u00e4lleen kerran.\n<\/p>\n<p>        <\/a><\/p>\n<p class=\"article-content article-content-width !bg-background\">Hanoin riveiss\u00e4  ja  kaltaisten legendojen kanssa musisoinut Andy on soittanut my\u00f6s esimerkiksi  b\u00e4ndiss\u00e4.\u00a0<\/p>\n<p>Otti tilansa<\/p>\n<p class=\"article-content article-content-width !bg-background\">Mittavasta urasta huolimatta v\u00e4rikk\u00e4\u00e4n Andyn kitaran r\u00e4mpytys ei ole kaikkien mieleen\u00a0\u2013 etenk\u00e4\u00e4n silloin, kun soittopaikaksi sattuu valikoitumaan arvoalueen katu esiintymislavan sijaan.\u00a0<\/p>\n<p>                <img decoding=\"async\" src=\"https:\/\/www.europesays.com\/fi\/wp-content\/uploads\/2025\/11\/1999244.webp\" width=\"576\" height=\"720\" alt=\"Taidemaalarinakin tunnettu Andy on my\u00f6s n\u00e4ytt\u00e4v\u00e4 pukeutuja.\" loading=\"lazy\" \/>            <\/p>\n<p>\n            Taidemaalarinakin tunnettu Andy on my\u00f6s n\u00e4ytt\u00e4v\u00e4 pukeutuja.<br \/>\n            ATTE KAJOVA\n        <\/p>\n<p class=\"article-content article-content-width !bg-background\">Helsingin Ullanlinnassa hieraistiin silmi\u00e4 marraskuisena torstaina, kun sen luksustalojen kupeeseen ilmestyi itse Suomen . Kohurokkari oli liikkeell\u00e4 yst\u00e4v\u00e4ns\u00e4 kanssa, ja kaksikko p\u00e4\u00e4tyi levitt\u00e4m\u00e4\u00e4n kimpsunsa katukivetykselle.<\/p>\n<p>        <a itemprop=\"url\" href=\"https:\/\/www.seiska.fi\/kotimaa\/sofia-zidalta-paljastus-andy-mccoysta\/1977734\" rel=\"nofollow noopener\" target=\"_blank\"><\/p>\n<p>\nSofia Zida\n<\/p>\n<p class=\"section-date\">\n        <strong class=\"article-section\" data-section=\"kotimaa\"><br \/>\n            kotimaa<br \/>\n        <\/strong><br \/>\n        1.11. 08:00\n    <\/p>\n<p>Sofia Zidalta paljastus Andy McCoysta\n    <\/p>\n<p itemprop=\"description\" class=\"subtitle \">\n    Monet muistanevat Sofian ja Andyn esiintymisen Maria Veitolan nimikko-ohjelmassa.\n<\/p>\n<p>        <\/a><\/p>\n<p class=\"article-content article-content-width !bg-background\">\u2013 He leiriytyiv\u00e4t keskelle katua, asuinalueelta p\u00f6yristell\u00e4\u00e4n.\u00a0<\/p>\n<p>Varhaiset katujamit<\/p>\n<p class=\"article-content article-content-width !bg-background\">Turhanp\u00e4iten parivaljakko ei bulevardille j\u00e4\u00e4nyt majailemaan. Aamun ty\u00f6matkalaisten piristykseksi he kaivoivat skitan esiin.\u00a0<\/p>\n<p>                <img decoding=\"async\" src=\"https:\/\/www.europesays.com\/fi\/wp-content\/uploads\/2025\/11\/1999246.webp\" width=\"576\" height=\"221\" alt=\"Andyn musisointi \u00f6kyalueella ei miellytt\u00e4nyt kaikkia. Muusikkoa katseet eiv\u00e4t kuitenkaan tuntuneet haittaavan.\" loading=\"lazy\" \/>            <\/p>\n<p>\n            Andyn musisointi \u00f6kyalueella ei miellytt\u00e4nyt kaikkia. Muusikkoa katseet eiv\u00e4t kuitenkaan tuntuneet haittaavan.<br \/>\n            Lukijan kuva\n        <\/p>\n<p class=\"article-content article-content-width !bg-background\">\u2013 Toverukset soittivat kitaraa keskell\u00e4 katua kaikessa rauhassa, ohikulkijoista piittaamatta, Ullanlinnan pikkulinnut laulavat.<\/p>\n<p class=\"article-content article-content-width !bg-background\">\u2013 Andy voisi huomioida kanssaihmiset hieman paremmin.<\/p>\n<p>        <a itemprop=\"url\" href=\"https:\/\/www.seiska.fi\/kotimaa\/andy-mccoy-heratti-missikokelaissa-hammennysta-ei-saa-suuttua-katso-video\/1917098\" rel=\"nofollow noopener\" target=\"_blank\"><\/p>\n<p>\nKatso video!\n<\/p>\n<p class=\"section-date\">\n        <strong class=\"article-section\" data-section=\"kotimaa\"><br \/>\n            kotimaa<br \/>\n        <\/strong><br \/>\n        4.9. 06:30\n    <\/p>\n<p>Andy McCoy her\u00e4tti missikokelaissa h\u00e4mmennyst\u00e4: &#8221;Ei saa suuttua&#8230;&#8221; \u2013 katso video!\n    <\/p>\n<p itemprop=\"description\" class=\"subtitle \">\n    Seiska iski missifinalistit piinapenkkiin.\n<\/p>\n<p>        <\/a><\/p>\n","protected":false},"excerpt":{"rendered":"ATTE KAJOVA Rock-ikonin toiminta ei ollut kaikkien mieleen. , joka tunnetaan huomattavasti paremmin taiteilijanimell\u00e4\u00e4n , on pohjoisessa t\u00e4htiskeness\u00e4&hellip;\n","protected":false},"author":2,"featured_media":96215,"comment_status":"","ping_status":"","sticky":false,"template":"","format":"standard","meta":{"footnotes":""},"categories":[136],"tags":[5264,407,137,33,31,30,5429,408,4478,18455,6433,6249,14600,32,1667,3122,109],"class_list":{"0":"post-96214","1":"post","2":"type-post","3":"status-publish","4":"format-standard","5":"has-post-thumbnail","7":"category-julkkikset","8":"tag-andy-mccoy","9":"tag-celebrities","10":"tag-entertainment","11":"tag-fi","12":"tag-finland","13":"tag-finnish","14":"tag-hanoi-rocks","15":"tag-julkkikset","16":"tag-kaak","17":"tag-kitara","18":"tag-michael-monroe","19":"tag-salakuva","20":"tag-sami-yaffa","21":"tag-suomi","22":"tag-tapahtumat","23":"tag-ullanlinna","24":"tag-viihde"},"share_on_mastodon":{"url":"https:\/\/pubeurope.com\/@fi\/115588199118347045","error":""},"_links":{"self":[{"href":"https:\/\/www.europesays.com\/fi\/wp-json\/wp\/v2\/posts\/96214","targetHints":{"allow":["GET"]}}],"collection":[{"href":"https:\/\/www.europesays.com\/fi\/wp-json\/wp\/v2\/posts"}],"about":[{"href":"https:\/\/www.europesays.com\/fi\/wp-json\/wp\/v2\/types\/post"}],"author":[{"embeddable":true,"href":"https:\/\/www.europesays.com\/fi\/wp-json\/wp\/v2\/users\/2"}],"replies":[{"embeddable":true,"href":"https:\/\/www.europesays.com\/fi\/wp-json\/wp\/v2\/comments?post=96214"}],"version-history":[{"count":0,"href":"https:\/\/www.europesays.com\/fi\/wp-json\/wp\/v2\/posts\/96214\/revisions"}],"wp:featuredmedia":[{"embeddable":true,"href":"https:\/\/www.europesays.com\/fi\/wp-json\/wp\/v2\/media\/96215"}],"wp:attachment":[{"href":"https:\/\/www.europesays.com\/fi\/wp-json\/wp\/v2\/media?parent=96214"}],"wp:term":[{"taxonomy":"category","embeddable":true,"href":"https:\/\/www.europesays.com\/fi\/wp-json\/wp\/v2\/categories?post=96214"},{"taxonomy":"post_tag","embeddable":true,"href":"https:\/\/www.europesays.com\/fi\/wp-json\/wp\/v2\/tags?post=96214"}],"curies":[{"name":"wp","href":"https:\/\/api.w.org\/{rel}","templated":true}]}}