{"id":96224,"date":"2025-11-21T14:46:10","date_gmt":"2025-11-21T14:46:10","guid":{"rendered":"https:\/\/www.europesays.com\/fi\/96224\/"},"modified":"2025-11-21T14:46:10","modified_gmt":"2025-11-21T14:46:10","slug":"vaarallisesti-kayttaytynyt-susi-paatettiin-tappaa-rantasalmella","status":"publish","type":"post","link":"https:\/\/www.europesays.com\/fi\/96224\/","title":{"rendered":"Vaarallisesti k\u00e4ytt\u00e4ytynyt susi p\u00e4\u00e4tettiin tappaa Rantasalmella"},"content":{"rendered":"<p><strong class=\"typography-bold\">Susi lopetettiin poliisin m\u00e4\u00e4r\u00e4yksest\u00e4 Rantasalmella Etel\u00e4-Savossa perjantaina.<\/strong><\/p>\n<p>Susi vieraili toistuvasti piha-alueilla eik\u00e4 muuttanut k\u00e4ytt\u00e4ytymist\u00e4\u00e4n, vaikka se karkotettiin t\u00e4ll\u00e4 viikolla onnistuneesti kaksi kertaa.<\/p>\n<p><strong class=\"typography-bold\">Lue my\u00f6s: <\/strong><a class=\"underline\" data-testid=\"internal-link\" role=\"link\" data-sentry-element=\"Link\" data-sentry-component=\"InternalLink\" data-sentry-source-file=\"InternalLink.tsx\" href=\"https:\/\/www.mtvuutiset.fi\/artikkeli\/suden-kannanhoidollinen-metsastys-saatetaan-sallia-jalleen-suomessa-kymmenia-yksiloita-lopetettaisiin\/9258732\" rel=\"nofollow noopener\" target=\"_blank\"><strong class=\"typography-bold\">Suden kannanhoidollinen mets\u00e4stys saatetaan sallia j\u00e4lleen Suomessa: Kymmeni\u00e4 yksil\u00f6it\u00e4 lopetettaisiin<\/strong><\/a><\/p>\n<p>Poliisi arvioi, ett\u00e4 suden aiheuttama uhka ihmisen hengelle ja terveydelle oli v\u00e4lit\u00f6n ja vakava, eik\u00e4 tilanteeseen l\u00f6ydetty lievempi\u00e4 ratkaisuja.<\/p>\n<p>Susi vied\u00e4\u00e4n tutkittavaksi Ruokavirastoon Ouluun.<\/p>\n<p><strong class=\"typography-bold\">Lue my\u00f6s: <\/strong><a class=\"underline\" data-testid=\"internal-link\" role=\"link\" data-sentry-element=\"Link\" data-sentry-component=\"InternalLink\" data-sentry-source-file=\"InternalLink.tsx\" href=\"https:\/\/www.mtvuutiset.fi\/artikkeli\/lampuri-pepin-painajaisyo-sudet-raatelivat-lahes-koko-lammaslauman-jatkuva-pelkotila-paalla\/9258756\" rel=\"nofollow noopener\" target=\"_blank\"><strong class=\"typography-bold\">Lampurin painajaisy\u00f6n\u00e4 sudet olivat raadelleet ja l\u00e4hes koko lammaslauman &#8221;Yhten\u00e4k\u00e4\u00e4n aamuna en l\u00e4hde liikkeelle ilman pelkoa&#8221;<\/strong><\/a><\/p>\n","protected":false},"excerpt":{"rendered":"Susi lopetettiin poliisin m\u00e4\u00e4r\u00e4yksest\u00e4 Rantasalmella Etel\u00e4-Savossa perjantaina. Susi vieraili toistuvasti piha-alueilla eik\u00e4 muuttanut k\u00e4ytt\u00e4ytymist\u00e4\u00e4n, vaikka se karkotettiin t\u00e4ll\u00e4&hellip;\n","protected":false},"author":2,"featured_media":96225,"comment_status":"","ping_status":"","sticky":false,"template":"","format":"standard","meta":{"footnotes":""},"categories":[112],"tags":[33,31,30,118,32,119],"class_list":{"0":"post-96224","1":"post","2":"type-post","3":"status-publish","4":"format-standard","5":"has-post-thumbnail","7":"category-tiede","8":"tag-fi","9":"tag-finland","10":"tag-finnish","11":"tag-science","12":"tag-suomi","13":"tag-tiede"},"share_on_mastodon":{"url":"https:\/\/pubeurope.com\/@fi\/115588234129755188","error":""},"_links":{"self":[{"href":"https:\/\/www.europesays.com\/fi\/wp-json\/wp\/v2\/posts\/96224","targetHints":{"allow":["GET"]}}],"collection":[{"href":"https:\/\/www.europesays.com\/fi\/wp-json\/wp\/v2\/posts"}],"about":[{"href":"https:\/\/www.europesays.com\/fi\/wp-json\/wp\/v2\/types\/post"}],"author":[{"embeddable":true,"href":"https:\/\/www.europesays.com\/fi\/wp-json\/wp\/v2\/users\/2"}],"replies":[{"embeddable":true,"href":"https:\/\/www.europesays.com\/fi\/wp-json\/wp\/v2\/comments?post=96224"}],"version-history":[{"count":0,"href":"https:\/\/www.europesays.com\/fi\/wp-json\/wp\/v2\/posts\/96224\/revisions"}],"wp:featuredmedia":[{"embeddable":true,"href":"https:\/\/www.europesays.com\/fi\/wp-json\/wp\/v2\/media\/96225"}],"wp:attachment":[{"href":"https:\/\/www.europesays.com\/fi\/wp-json\/wp\/v2\/media?parent=96224"}],"wp:term":[{"taxonomy":"category","embeddable":true,"href":"https:\/\/www.europesays.com\/fi\/wp-json\/wp\/v2\/categories?post=96224"},{"taxonomy":"post_tag","embeddable":true,"href":"https:\/\/www.europesays.com\/fi\/wp-json\/wp\/v2\/tags?post=96224"}],"curies":[{"name":"wp","href":"https:\/\/api.w.org\/{rel}","templated":true}]}}