{"id":96297,"date":"2025-11-21T16:34:07","date_gmt":"2025-11-21T16:34:07","guid":{"rendered":"https:\/\/www.europesays.com\/fi\/96297\/"},"modified":"2025-11-21T16:34:07","modified_gmt":"2025-11-21T16:34:07","slug":"teboil-jatti-paljonpuhuvan-hakemuksen","status":"publish","type":"post","link":"https:\/\/www.europesays.com\/fi\/96297\/","title":{"rendered":"Teboil j\u00e4tti paljonpuhuvan hakemuksen"},"content":{"rendered":"<p>Teboilin saneerausmenettelyhakemus tuli vireille t\u00e4n\u00e4\u00e4n perjantaina 21.11.2025.<\/p>\n<p><img decoding=\"async\" class=\"image image-show image-preview\" src=\"https:\/\/www.europesays.com\/fi\/wp-content\/uploads\/2025\/11\/54910ba548f6f8b55c74273239b6d9b8faebf3910b11fdaea241e01226a15787.jpg\" alt=\"\"\/><img decoding=\"async\" class=\"image image-show\" src=\"https:\/\/www.europesays.com\/fi\/wp-content\/uploads\/2025\/11\/1763742847_87_54910ba548f6f8b55c74273239b6d9b8faebf3910b11fdaea241e01226a15787.jpg\" alt=\"\"\/><\/p>\n<p>Teboil hakeutuu yrityssaneeraukseen. Kuvituskuva. Jukka Vaso<\/p>\n<p class=\"paragraph\">Oy Teboil Ab j\u00e4tti perjantaina saneerausmenettelyhakemuksen L\u00e4nsi-Uudenmaan k\u00e4r\u00e4j\u00e4oikeuteen, Oikeusrekisterikeskuksen maksukyvytt\u00f6myysrekisterist\u00e4 selvi\u00e4\u00e4.<\/p>\n<p class=\"paragraph\">Taloudellisiin vaikeuksiin joutunut yritys voi hakeutua saneerausmenettelyyn tilanteen helpottamiseksi. Menettelyyn p\u00e4\u00e4st\u00e4kseen yrityst\u00e4 t\u00e4ytyy uhata maksukyvytt\u00f6myys.<\/p>\n<p class=\"paragraph\">Teboil ajautui kriisiin, kun sen emoyhti\u00f6 Lukoil laitettiin USA:n pakotteiden piiriin. Lis\u00e4ksi Ahvenanmaan hallinto on uhannut m\u00e4\u00e4r\u00e4t\u00e4 Teboilille tuntuvat sakot jakeluvelvoitteen rikkomisesta.<\/p>\n<p class=\"paragraph\">Velkasaneerauksessa yritykselle luodaan saneerausohjelma, jonka avulla se pyrkii saamaan taloutensa sellaiselle tolalle, ett\u00e4 se voi jatkaa yritystoimintaa. Menettely voi kest\u00e4\u00e4 usean vuoden.<\/p>\n<p class=\"paragraph\">Saneerausmenettely\u00e4 ei voida aloittaa, jos yrityksell\u00e4 ei ole jatkamisedellytyksi\u00e4.<\/p>\n","protected":false},"excerpt":{"rendered":"Teboilin saneerausmenettelyhakemus tuli vireille t\u00e4n\u00e4\u00e4n perjantaina 21.11.2025. Teboil hakeutuu yrityssaneeraukseen. Kuvituskuva. Jukka Vaso Oy Teboil Ab j\u00e4tti perjantaina&hellip;\n","protected":false},"author":2,"featured_media":96298,"comment_status":"","ping_status":"","sticky":false,"template":"","format":"standard","meta":{"footnotes":""},"categories":[12],"tags":[35,22,23,26,27,33,31,30,17,2456,24,25,28,29,15,18,21,5628,8029,721,32,19,20,16,2568],"class_list":{"0":"post-96297","1":"post","2":"type-post","3":"status-publish","4":"format-standard","5":"has-post-thumbnail","7":"category-suomi","8":"tag-24h","9":"tag-breaking-news","10":"tag-breakingnews","11":"tag-featured-news","12":"tag-featurednews","13":"tag-fi","14":"tag-finland","15":"tag-finnish","16":"tag-headlines","17":"tag-lainamarkkinat","18":"tag-latest-news","19":"tag-latestnews","20":"tag-main-news","21":"tag-mainnews","22":"tag-news","23":"tag-otsikot","24":"tag-paauutiset","25":"tag-pankkitoiminta","26":"tag-rahoituksen-valitys-pl-vakuutustoiminta","27":"tag-rahoitus","28":"tag-suomi","29":"tag-top-stories","30":"tag-topstories","31":"tag-uutiset","32":"tag-vesiliikenne"},"share_on_mastodon":{"url":"https:\/\/pubeurope.com\/@fi\/115588659133626433","error":""},"_links":{"self":[{"href":"https:\/\/www.europesays.com\/fi\/wp-json\/wp\/v2\/posts\/96297","targetHints":{"allow":["GET"]}}],"collection":[{"href":"https:\/\/www.europesays.com\/fi\/wp-json\/wp\/v2\/posts"}],"about":[{"href":"https:\/\/www.europesays.com\/fi\/wp-json\/wp\/v2\/types\/post"}],"author":[{"embeddable":true,"href":"https:\/\/www.europesays.com\/fi\/wp-json\/wp\/v2\/users\/2"}],"replies":[{"embeddable":true,"href":"https:\/\/www.europesays.com\/fi\/wp-json\/wp\/v2\/comments?post=96297"}],"version-history":[{"count":0,"href":"https:\/\/www.europesays.com\/fi\/wp-json\/wp\/v2\/posts\/96297\/revisions"}],"wp:featuredmedia":[{"embeddable":true,"href":"https:\/\/www.europesays.com\/fi\/wp-json\/wp\/v2\/media\/96298"}],"wp:attachment":[{"href":"https:\/\/www.europesays.com\/fi\/wp-json\/wp\/v2\/media?parent=96297"}],"wp:term":[{"taxonomy":"category","embeddable":true,"href":"https:\/\/www.europesays.com\/fi\/wp-json\/wp\/v2\/categories?post=96297"},{"taxonomy":"post_tag","embeddable":true,"href":"https:\/\/www.europesays.com\/fi\/wp-json\/wp\/v2\/tags?post=96297"}],"curies":[{"name":"wp","href":"https:\/\/api.w.org\/{rel}","templated":true}]}}