{"id":96318,"date":"2025-11-21T17:12:09","date_gmt":"2025-11-21T17:12:09","guid":{"rendered":"https:\/\/www.europesays.com\/fi\/96318\/"},"modified":"2025-11-21T17:12:09","modified_gmt":"2025-11-21T17:12:09","slug":"minka-verran-kaytat-puhelinta-paivittain-kerro-meille-teemme-juttua-yle-oppiminen","status":"publish","type":"post","link":"https:\/\/www.europesays.com\/fi\/96318\/","title":{"rendered":"Mink\u00e4 verran k\u00e4yt\u00e4t puhelinta p\u00e4ivitt\u00e4in? Kerro meille, teemme juttua | Yle Oppiminen"},"content":{"rendered":"<p class=\"aw-1gybjub aw-5vja16 kEtdKx kmuxyA yle__article__paragraph\">Oletko joskus yritt\u00e4nyt v\u00e4hent\u00e4\u00e4 puhelinaikaasi tai miettinyt sen vaikutuksia arkeen?\u202fJaa kokemuksesi ja keinosi \u2013 haluamme kuulla, miten puhelimen k\u00e4ytt\u00f6 n\u00e4kyy el\u00e4m\u00e4ss\u00e4si.<\/p>\n<p><img decoding=\"async\" alt=\"Henkil\u00f6  tutkii puhelintaan s\u00e4ngyll\u00e4 maaten.\" src=\"https:\/\/www.europesays.com\/fi\/wp-content\/uploads\/2025\/11\/39-14836976853ebbfc5e8f.jpeg\" class=\"aw-1l9m598 hKVVvP\"\/><\/p>\n<p>Avaa kuvien katselu<\/p>\n<p>Tilastokeskuksen mukaan suomalaiset viett\u00e4v\u00e4t erilaisten n\u00e4ytt\u00f6ruutujen \u00e4\u00e4ress\u00e4 p\u00e4ivitt\u00e4in aikaa liki nelj\u00e4 ja puoli tuntia. Kuva: Henrietta Hassinen \/ Yle<\/p>\n<p class=\"aw-1gybjub aw-1p7kakr kEtdKx cEmitX yle__article__paragraph\">Puhelin on mukana kaikkialla, mutta kuinka paljon aikaa sen parissa oikeasti kuluu, ja mit\u00e4 kaikkea sill\u00e4 oikeastaan tulee tehty\u00e4? Teemme juttua puhelimen k\u00e4yt\u00f6st\u00e4 ja haluamme kuulla, mit\u00e4 ajattelet sen roolista arjessasi.<\/p>\n","protected":false},"excerpt":{"rendered":"Oletko joskus yritt\u00e4nyt v\u00e4hent\u00e4\u00e4 puhelinaikaasi tai miettinyt sen vaikutuksia arkeen?\u202fJaa kokemuksesi ja keinosi \u2013 haluamme kuulla, miten puhelimen&hellip;\n","protected":false},"author":2,"featured_media":96319,"comment_status":"","ping_status":"","sticky":false,"template":"","format":"standard","meta":{"footnotes":""},"categories":[85],"tags":[18812,562,33,31,30,148,18813,631,419,418,843,32,91,92,677],"class_list":{"0":"post-96318","1":"post","2":"type-post","3":"status-publish","4":"format-standard","5":"has-post-thumbnail","7":"category-mobiili","8":"tag-alylaite","9":"tag-alypuhelimet","10":"tag-fi","11":"tag-finland","12":"tag-finnish","13":"tag-internet","14":"tag-kosketusnayttopuhelimet","15":"tag-matkapuhelimet-ja-mobiililaitteet","16":"tag-mobiili","17":"tag-mobile","18":"tag-puhelimet","19":"tag-suomi","20":"tag-technology","21":"tag-teknologia","22":"tag-yle-oppiminen"},"share_on_mastodon":{"url":"https:\/\/pubeurope.com\/@fi\/115588808770819033","error":""},"_links":{"self":[{"href":"https:\/\/www.europesays.com\/fi\/wp-json\/wp\/v2\/posts\/96318","targetHints":{"allow":["GET"]}}],"collection":[{"href":"https:\/\/www.europesays.com\/fi\/wp-json\/wp\/v2\/posts"}],"about":[{"href":"https:\/\/www.europesays.com\/fi\/wp-json\/wp\/v2\/types\/post"}],"author":[{"embeddable":true,"href":"https:\/\/www.europesays.com\/fi\/wp-json\/wp\/v2\/users\/2"}],"replies":[{"embeddable":true,"href":"https:\/\/www.europesays.com\/fi\/wp-json\/wp\/v2\/comments?post=96318"}],"version-history":[{"count":0,"href":"https:\/\/www.europesays.com\/fi\/wp-json\/wp\/v2\/posts\/96318\/revisions"}],"wp:featuredmedia":[{"embeddable":true,"href":"https:\/\/www.europesays.com\/fi\/wp-json\/wp\/v2\/media\/96319"}],"wp:attachment":[{"href":"https:\/\/www.europesays.com\/fi\/wp-json\/wp\/v2\/media?parent=96318"}],"wp:term":[{"taxonomy":"category","embeddable":true,"href":"https:\/\/www.europesays.com\/fi\/wp-json\/wp\/v2\/categories?post=96318"},{"taxonomy":"post_tag","embeddable":true,"href":"https:\/\/www.europesays.com\/fi\/wp-json\/wp\/v2\/tags?post=96318"}],"curies":[{"name":"wp","href":"https:\/\/api.w.org\/{rel}","templated":true}]}}