{"id":96380,"date":"2025-11-21T18:43:09","date_gmt":"2025-11-21T18:43:09","guid":{"rendered":"https:\/\/www.europesays.com\/fi\/96380\/"},"modified":"2025-11-21T18:43:09","modified_gmt":"2025-11-21T18:43:09","slug":"zelenskyi-rauhanehdotuksesta-en-aio-pettaa-maatani-venaja-uhkaa-vallata-lisaa-alueita-jos-ukraina-hylkaa-suunnitelman","status":"publish","type":"post","link":"https:\/\/www.europesays.com\/fi\/96380\/","title":{"rendered":"Zelenskyi rauhanehdotuksesta: En aio pett\u00e4\u00e4 maatani \u2013 Ven\u00e4j\u00e4 uhkaa vallata lis\u00e4\u00e4 alueita, jos Ukraina hylk\u00e4\u00e4 suunnitelman"},"content":{"rendered":"<p>    <img decoding=\"async\" class=\"responsive-image article__image-image lozad\"   src=\"https:\/\/www.europesays.com\/fi\/wp-content\/uploads\/2025\/11\/FUZFBBcY53Mnx9Taba1rB7Tg-ZOQ-2hMf0K6mOmPvF5cj80CY5ji3cSgZhBL93MW9m_N5PkhlS7QHAIOSAwDxAySDALy-M-xrEfR.jpeg\" alt=\"Ukrainan presidentti Volodymyr Zelenskyi sanoo, ett\u00e4 aikoo neuvotella Yhdysvaltojen esitt\u00e4m\u00e4st\u00e4 rauhansuunnitelmasta tuen menett\u00e4misen uhallakin.\"\/><\/p>\n<p>\n                Ukrainan presidentti Volodymyr Zelenskyi sanoo, ett\u00e4 aikoo neuvotella Yhdysvaltojen esitt\u00e4m\u00e4st\u00e4 rauhansuunnitelmasta tuen menett\u00e4misen uhallakin.\n              <\/p>\n<p>\n                Kuva: Sarah Meyssonnier \/ AFP \/ Lehtikuva\n              <\/p>\n<p class=\"article__paragraph\">\n      Ukrainan presidentti Volodymyr Zelenskyi puhui perjantaina uhmakkaasti. H\u00e4n lupasi, ettei tule pett\u00e4m\u00e4\u00e4n maataan sen j\u00e4lkeen kun julkisuuteen oli tullut Yhdysvaltojen alustava rauhansuunnitelma, jossa Ukrainalta vaaditaan merkitt\u00e4vi\u00e4 my\u00f6nnytyksi\u00e4.\n    <\/p>\n<p class=\"article__paragraph\">\n      \u2013\u2009El\u00e4mme yht\u00e4 historiamme vaikeimmista hetkist\u00e4. Ukrainaan kohdistuva paine on kovimmillaan. Ukrainalla voi olla edess\u00e4\u00e4n hyvin vaikea valinta: joko menet\u00e4mme arvokkuutemme tai menet\u00e4mme keskeisen tukijamme, kokonaan mustaan pukeutunut Zelenskyi sanoi puheessaan, joka v\u00e4litettiin my\u00f6s sosiaalisen median kautta.\n    <\/p>\n<p class=\"article__paragraph\">\n      Puheessaan Zelenskyi kuitenkin korosti, ettei Ukrainaa petetty helmikuussa 2022, kun Ven\u00e4j\u00e4 hy\u00f6kk\u00e4si maahan, eik\u00e4 niin tehd\u00e4 nytk\u00e4\u00e4n.\n    <\/p>\n<p class=\"article__paragraph\">\n      Yhdysvaltojen presidentti Donald Trumpin mukaan Ukrainalla on torstaihin saakka aikaa hyv\u00e4ksy\u00e4 Yhdysvaltojen rauhansuunnitelma.\n    <\/p>\n<p class=\"article__paragraph\">\n      Presidentin mukaan Ukraina aikoo esitt\u00e4\u00e4 vaihtoehtoja Yhdysvaltojen rauhansuunnitelmalle.\n    <\/p>\n<p class=\"article__paragraph\">\n      \u2013\u2009Esit\u00e4n argumentteja, suostuttelen, esit\u00e4n vaihtoehtoja, Zelenskyi luetteli.\n    <\/p>\n<p class=\"article__paragraph\">\n      Zelenskyi kertoi perjantaina keskustelleensa jo puhelimitse Yhdysvaltojen varapresidentin J. D. Vancen kanssa. Keskustelun aikana Zelenskyi korosti varapresidentille, ett\u00e4 h\u00e4n kunnioittaa edelleen Yhdysvaltojen presidentin Donald Trumpin halua lopettaa sota ja p\u00e4\u00e4tt\u00e4\u00e4 verenvuodatus.\n    <\/p>\n<p class=\"article__paragraph\">\n      Zelenskyin mukaan keskustelu varapresidentin ja maavoimaministeri Dan Driscollin kanssa kesti liki tunnin.\n    <\/p>\n<p class=\"article__paragraph\">\n      Ukrainan presidentinkanslian mukaan Zelenskyi aikoo keskustella Trumpin kanssa &#8221;l\u00e4hip\u00e4ivin\u00e4&#8221;.\n    <\/p>\n<p class=\"article__paragraph\">\n      My\u00f6s Ven\u00e4j\u00e4n presidentti Vladimir Putin kommentoi Yhdysvaltojen suunnitelmaa perjantaina. Putinin mukaan Yhdysvaltojen suunnitelma voisi tarjota pohjan rauhansopimukselle. Putin sanoo Ven\u00e4j\u00e4n armeijan valtaavan lis\u00e4\u00e4 alueita, jos Ukraina hylk\u00e4\u00e4 suunnitelman.\n    <\/p>\n<p>      Yhdysvallat painostaa Ukrainaa<\/p>\n<p class=\"article__paragraph\">\n      Uutistoimisto <a href=\"https:\/\/www.reuters.com\/world\/europe\/us-threatens-cut-intel-weapons-press-ukraine-into-peace-deal-sources-2025-11-21\/\" rel=\"nofollow noopener\" target=\"_blank\">Reuters<\/a> kertoi jo aikaisemmin l\u00e4hteisiins\u00e4 vedoten, ett\u00e4 Yhdysvallat uhkaa katkaista Ukrainan ase- ja tiedusteluavun, jos se ei suostu allekirjoittamaan alustavaa rauhansopimusluonnosta torstaihin menness\u00e4.\n    <\/p>\n<p class=\"article__paragraph\">\n      Uutistoimiston haastattelemien l\u00e4hteiden mukaan paine Ukrainaa kohtaan on nyt kovempi kuin neuvotteluissa koskaan aikaisemmin.\n    <\/p>\n<p class=\"article__paragraph\">\n      \u2013\u2009He haluavat lopettaa sodan, ja he haluavat, ett\u00e4 Ukraina maksaa siit\u00e4 hinnan, er\u00e4s l\u00e4hteist\u00e4 kiteytti.\n    <\/p>\n<p class=\"article__paragraph\">\n      Uuden rauhansuunnitelman ty\u00f6st\u00e4misess\u00e4 eiv\u00e4t ole olleet mukana sen paremmin Ukraina kuin Euroopan maatkaan. Yhdysvaltojen luonnos rauhansuunnitelmaksi my\u00f6t\u00e4ilee Ven\u00e4j\u00e4n vaatimuksia Ukrainan kustannuksella.\n    <\/p>\n<p>    <img decoding=\"async\" class=\"responsive-image article__image-image lozad\"   src=\"https:\/\/www.europesays.com\/fi\/wp-content\/uploads\/2025\/11\/TZ78GNQuGCKWqLJqJimW3DdZVExwaf-EpBMUtvV9jF5KCUpoLdwLsGFllZXTSO6kckt6JFb7h-kOVdfagm47g_mqqpEeyK3uZ9fX.jpeg\" alt=\"Ukrainalaiset pelastajat siirsiv\u00e4t ruumiita Ternopilin kaupungissa asuinrakennukseen tehdyn ohjusiskun j\u00e4ljilt\u00e4. Ainakin 31 ihmisen on kerrottu kuolleen Ven\u00e4j\u00e4n ohjusiskussa aiemmin t\u00e4ll\u00e4 viikolla.\"\/><\/p>\n<p>\n                Ukrainalaiset pelastajat siirsiv\u00e4t ruumiita Ternopilin kaupungissa asuinrakennukseen tehdyn ohjusiskun j\u00e4ljilt\u00e4. Ainakin 31 ihmisen on kerrottu kuolleen Ven\u00e4j\u00e4n ohjusiskussa aiemmin t\u00e4ll\u00e4 viikolla.\n              <\/p>\n<p>\n                Kuva: Handout \/ AFP \/ Lehtikuva\n              <\/p>\n<p class=\"article__paragraph\">\n      YK:n p\u00e4\u00e4sihteeri Antonio Guterres sanoi perjantaina, ett\u00e4 kaikkien rauhansuunnitelmien tulisi yll\u00e4pit\u00e4\u00e4 Ukrainan alueellinen koskemattomuus.\n    <\/p>\n<p class=\"article__paragraph\">\n      \u2013\u2009Ukrainan rauhanratkaisu, joka olisi t\u00e4m\u00e4n periaatteen mukainen, pit\u00e4isi samalla voimassa YK:n yleiskokouksen p\u00e4\u00e4t\u00f6slauselmat, jotka selv\u00e4sti linjaavat, ett\u00e4 niin Ukrainan kuin muidenkin valtioiden alueellista koskemattomuutta on kunnioitettava, p\u00e4\u00e4sihteeri sanoi.\n    <\/p>\n<p class=\"article__paragraph\">\n      Guterres korosti kommentoivansa asiaa puhtaasti mediatietojen perusteella, sill\u00e4 rauhansuunnitelmaa ei ole virallisesti esitelty.\n    <\/p>\n<p>      Ven\u00e4j\u00e4: Neuvotelkaa nyt<\/p>\n<p class=\"article__paragraph\">\n      Ven\u00e4j\u00e4 varoitti Zelenskyi\u00e4, ett\u00e4 jos neuvotteluja sodan p\u00e4\u00e4tt\u00e4miseksi ei k\u00e4yd\u00e4 nyt, Ukraina voi menett\u00e4\u00e4 viel\u00e4 lis\u00e4\u00e4 alueita. Kremlin tiedottaja Dmitri Peskov sanoi, ett\u00e4 Ven\u00e4j\u00e4n asevoimien toimien pit\u00e4isi vakuuttaa Zelenskyi siit\u00e4, ett\u00e4 on parempi neuvotella mieluummin nyt kuin my\u00f6hemmin.\n    <\/p>\n<p class=\"article__paragraph\">\n      Peskovin mukaan Zelenskyin mahdollisuudet tehd\u00e4 p\u00e4\u00e4t\u00f6ksi\u00e4 kapenevat, kun Ukraina menett\u00e4\u00e4 alueita Ven\u00e4j\u00e4n hy\u00f6kk\u00e4yksess\u00e4.\n    <\/p>\n<p class=\"article__paragraph\">\n      Peskov v\u00e4itti, ettei Ven\u00e4j\u00e4 ole virallisesti saanut Yhdysvaltain luonnosta rauhansuunnitelmasta. Ukraina on vahvistanut saaneensa luonnoksen.\n    <\/p>\n<p class=\"article__paragraph\">\n      Trumpin hallinnon suunnitelma muun muassa vapauttaisi Ven\u00e4j\u00e4n l\u00e4ntisist\u00e4 pakotteista. Ukrainalle tarjottaisiin erin\u00e4isi\u00e4 turvatakuita ja kansainv\u00e4lisi\u00e4 taloudellisia tukipaketteja, mutta muun muassa liittyminen sotilasliitto Natoon kiellett\u00e4isiin ja asevoimien henkil\u00f6st\u00f6m\u00e4\u00e4r\u00e4\u00e4 rajoitettaisiin.\n    <\/p>\n","protected":false},"excerpt":{"rendered":"Ukrainan presidentti Volodymyr Zelenskyi sanoo, ett\u00e4 aikoo neuvotella Yhdysvaltojen esitt\u00e4m\u00e4st\u00e4 rauhansuunnitelmasta tuen menett\u00e4misen uhallakin. Kuva: Sarah Meyssonnier \/&hellip;\n","protected":false},"author":2,"featured_media":96381,"comment_status":"","ping_status":"","sticky":false,"template":"","format":"standard","meta":{"footnotes":""},"categories":[14],"tags":[22,23,26,27,33,31,30,17,24,25,28,29,15,18,21,32,19,20,56,16,59,60,61],"class_list":{"0":"post-96380","1":"post","2":"type-post","3":"status-publish","4":"format-standard","5":"has-post-thumbnail","7":"category-ulkomaat","8":"tag-breaking-news","9":"tag-breakingnews","10":"tag-featured-news","11":"tag-featurednews","12":"tag-fi","13":"tag-finland","14":"tag-finnish","15":"tag-headlines","16":"tag-latest-news","17":"tag-latestnews","18":"tag-main-news","19":"tag-mainnews","20":"tag-news","21":"tag-otsikot","22":"tag-paauutiset","23":"tag-suomi","24":"tag-top-stories","25":"tag-topstories","26":"tag-ulkomaat","27":"tag-uutiset","28":"tag-world","29":"tag-world-news","30":"tag-worldnews"},"share_on_mastodon":{"url":"https:\/\/pubeurope.com\/@fi\/115589166463054335","error":""},"_links":{"self":[{"href":"https:\/\/www.europesays.com\/fi\/wp-json\/wp\/v2\/posts\/96380","targetHints":{"allow":["GET"]}}],"collection":[{"href":"https:\/\/www.europesays.com\/fi\/wp-json\/wp\/v2\/posts"}],"about":[{"href":"https:\/\/www.europesays.com\/fi\/wp-json\/wp\/v2\/types\/post"}],"author":[{"embeddable":true,"href":"https:\/\/www.europesays.com\/fi\/wp-json\/wp\/v2\/users\/2"}],"replies":[{"embeddable":true,"href":"https:\/\/www.europesays.com\/fi\/wp-json\/wp\/v2\/comments?post=96380"}],"version-history":[{"count":0,"href":"https:\/\/www.europesays.com\/fi\/wp-json\/wp\/v2\/posts\/96380\/revisions"}],"wp:featuredmedia":[{"embeddable":true,"href":"https:\/\/www.europesays.com\/fi\/wp-json\/wp\/v2\/media\/96381"}],"wp:attachment":[{"href":"https:\/\/www.europesays.com\/fi\/wp-json\/wp\/v2\/media?parent=96380"}],"wp:term":[{"taxonomy":"category","embeddable":true,"href":"https:\/\/www.europesays.com\/fi\/wp-json\/wp\/v2\/categories?post=96380"},{"taxonomy":"post_tag","embeddable":true,"href":"https:\/\/www.europesays.com\/fi\/wp-json\/wp\/v2\/tags?post=96380"}],"curies":[{"name":"wp","href":"https:\/\/api.w.org\/{rel}","templated":true}]}}