{"id":96413,"date":"2025-11-21T19:31:16","date_gmt":"2025-11-21T19:31:16","guid":{"rendered":"https:\/\/www.europesays.com\/fi\/96413\/"},"modified":"2025-11-21T19:31:16","modified_gmt":"2025-11-21T19:31:16","slug":"aki-samuli-kihloihin-iso-elamanmuutos-edessa","status":"publish","type":"post","link":"https:\/\/www.europesays.com\/fi\/96413\/","title":{"rendered":"Aki Samuli kihloihin \u2013 Iso el\u00e4m\u00e4nmuutos edess\u00e4"},"content":{"rendered":"<p>Aki Samuli vahvistaa asian Iltalehdelle tekstiviestitse.<\/p>\n<p><img decoding=\"async\" class=\"image image-show image-preview\" src=\"https:\/\/www.europesays.com\/fi\/wp-content\/uploads\/2025\/11\/4fed419b45b5ebf9f92d8c0a536a51bd7cf4846bb5d12bd81f781e797a5ec7c8.jpg\" alt=\"\"\/><img decoding=\"async\" class=\"image image-show\" src=\"https:\/\/www.europesays.com\/fi\/wp-content\/uploads\/2025\/09\/1757157128_864_4fed419b45b5ebf9f92d8c0a536a51bd7cf4846bb5d12bd81f781e797a5ec7c8.jpg\" alt=\"\"\/><\/p>\n<p>Aki Samuli on mennyt kihloihin.  Jenni G\u00e4stgivar<\/p>\n<p class=\"paragraph\">Tangokuningas <a href=\"https:\/\/www.iltalehti.fi\/henkilot\/Aki Samuli\" class=\"article-link-person-page\" rel=\"nofollow noopener\" target=\"_blank\">Aki Samuli<\/a> on mennyt kihloihin.<\/p>\n<p class=\"paragraph\">Samuli vahvistaa asian Iltalehdelle tekstiviestitse.<\/p>\n<p class=\"paragraph\">\u2013 Vahvistan, ett\u00e4 kihlat on juhlittu. Kes\u00e4kuussa sitouduttiin toisiimme ja yhteiseen tulevaisuuteen sormusten my\u00f6t\u00e4.<\/p>\n<p class=\"paragraph\">Samuli muutti kes\u00e4ll\u00e4 Pukkilasta Taipalsaarelle. H\u00e4n kertoo, ett\u00e4 sukupolvenvaihdoksen my\u00f6t\u00e4 h\u00e4nest\u00e4kin tulee maidontuottaja vuoden alusta.<\/p>\n<p class=\"paragraph\">\u2013 Jatketaan siis puolison vanhempien el\u00e4m\u00e4nty\u00f6t\u00e4 maitotilalla Taipalsaaressa.<\/p>\n<p class=\"paragraph\">Samuli on toiminut kuuden vuoden ajan lomittajana maitotiloilla laulajan t\u00f6iden lomassa. Omaa tilaa Samuli kertoo l\u00e4htev\u00e4ns\u00e4 kehitt\u00e4m\u00e4\u00e4n ja rakentamaan mielenkiinnolla.<\/p>\n<p class=\"paragraph\">\u2013 Visioita ja suunnitelmia meill\u00e4 on paljon ja itseni tuntien niit\u00e4 my\u00f6s toteutetaan ripe\u00e4ll\u00e4kin aikataululla. Iso el\u00e4m\u00e4nmuutos siis edess\u00e4 j\u00e4lleen.<\/p>\n<p class=\"paragraph\">Samuli kertoo my\u00f6s <a href=\"https:\/\/www.facebook.com\/p\/Aki-Samuli-61568279641471\/?locale=fi_FI\" rel=\"noopener nofollow\" target=\"_blank\">Facebookissaan<\/a>, ett\u00e4 maidontuottaja-tittelin my\u00f6t\u00e4 tulevana kes\u00e4n\u00e4 h\u00e4n ei tee isoa kes\u00e4kiertuetta, vaan keikkailee v\u00e4hemm\u00e4n.<\/p>\n<p class=\"paragraph\">Kumppaniaan Samuli kuvaili <a href=\"https:\/\/www.iltalehti.fi\/viihdeuutiset\/7a2dbc75-2ccd-45b7-8933-54e5eaec1b1b\" rel=\"nofollow noopener\" target=\"_blank\">Iltalehdelle<\/a> hein\u00e4kuussa. Aluksi suhde oli kaverillinen.<\/p>\n<p class=\"paragraph\">\u2013 Sitten jotain tapahtui ja meid\u00e4n el\u00e4m\u00e4mme ovat menneet samaan suuntaan, samojen arvojen ja asioiden my\u00f6t\u00e4, Samuli kuvasi kes\u00e4ll\u00e4.<\/p>\n<p class=\"paragraph\">\u2013 Ajattelin aina, ettei t\u00e4ss\u00e4 maailmassa ole ket\u00e4\u00e4n kenen kanssa voisin jakaa asioita. Mutta sitten kun se tulikin mutkan takaa, hiljakseen ja rauhakseen, niin se on parasta.<\/p>\n","protected":false},"excerpt":{"rendered":"Aki Samuli vahvistaa asian Iltalehdelle tekstiviestitse. Aki Samuli on mennyt kihloihin. Jenni G\u00e4stgivar Tangokuningas Aki Samuli on mennyt&hellip;\n","protected":false},"author":2,"featured_media":96414,"comment_status":"","ping_status":"","sticky":false,"template":"","format":"standard","meta":{"footnotes":""},"categories":[130],"tags":[35,138,137,33,31,30,47,141,742,32,484,109],"class_list":{"0":"post-96413","1":"post","2":"type-post","3":"status-publish","4":"format-standard","5":"has-post-thumbnail","7":"category-viihde","8":"tag-24h","9":"tag-audio","10":"tag-entertainment","11":"tag-fi","12":"tag-finland","13":"tag-finnish","14":"tag-musiikki","15":"tag-muusikot-bandit","16":"tag-suomalainen-musiikki","17":"tag-suomi","18":"tag-taiteellinen-ilmaisu-ja-mediat","19":"tag-viihde"},"share_on_mastodon":{"url":"https:\/\/pubeurope.com\/@fi\/115589354984918127","error":""},"_links":{"self":[{"href":"https:\/\/www.europesays.com\/fi\/wp-json\/wp\/v2\/posts\/96413","targetHints":{"allow":["GET"]}}],"collection":[{"href":"https:\/\/www.europesays.com\/fi\/wp-json\/wp\/v2\/posts"}],"about":[{"href":"https:\/\/www.europesays.com\/fi\/wp-json\/wp\/v2\/types\/post"}],"author":[{"embeddable":true,"href":"https:\/\/www.europesays.com\/fi\/wp-json\/wp\/v2\/users\/2"}],"replies":[{"embeddable":true,"href":"https:\/\/www.europesays.com\/fi\/wp-json\/wp\/v2\/comments?post=96413"}],"version-history":[{"count":0,"href":"https:\/\/www.europesays.com\/fi\/wp-json\/wp\/v2\/posts\/96413\/revisions"}],"wp:featuredmedia":[{"embeddable":true,"href":"https:\/\/www.europesays.com\/fi\/wp-json\/wp\/v2\/media\/96414"}],"wp:attachment":[{"href":"https:\/\/www.europesays.com\/fi\/wp-json\/wp\/v2\/media?parent=96413"}],"wp:term":[{"taxonomy":"category","embeddable":true,"href":"https:\/\/www.europesays.com\/fi\/wp-json\/wp\/v2\/categories?post=96413"},{"taxonomy":"post_tag","embeddable":true,"href":"https:\/\/www.europesays.com\/fi\/wp-json\/wp\/v2\/tags?post=96413"}],"curies":[{"name":"wp","href":"https:\/\/api.w.org\/{rel}","templated":true}]}}