{"id":96419,"date":"2025-11-21T19:35:10","date_gmt":"2025-11-21T19:35:10","guid":{"rendered":"https:\/\/www.europesays.com\/fi\/96419\/"},"modified":"2025-11-21T19:35:10","modified_gmt":"2025-11-21T19:35:10","slug":"miss-universum-kisassa-poikkeuksellinen-kohujen-sarja","status":"publish","type":"post","link":"https:\/\/www.europesays.com\/fi\/96419\/","title":{"rendered":"Miss Universum -kisassa poikkeuksellinen kohujen sarja"},"content":{"rendered":"<p>Kauneuskisassa on t\u00e4n\u00e4 vuonna kuohunut poikkeuksellisen paljon ja kulisseista on kantautunut erin\u00e4isi\u00e4 villej\u00e4 v\u00e4itteit\u00e4.<\/p>\n<p class=\"article-body mb-nof-24 px-nof-16\">Mist\u00e4 vuoden 2025 Miss Universum -kisa tullaan muistamaan?<\/p>\n<p class=\"article-body mb-nof-24 px-nof-16\">N\u00e4ytt\u00e4vien kisaajien lis\u00e4ksi ainakin poikkeuksellisesta kohujen sarjasta. T\u00e4n\u00e4 vuonna Thaimaan kisa on noussut kansainv\u00e4lisiin otsikoihin muun muassa osallistujien ep\u00e4asiallisen k\u00e4yt\u00f6ksen, yhden kisaajan julkisen n\u00f6yryytyksen ja ruokamyrkytysten vuoksi.<\/p>\n<p class=\"article-body mb-nof-24 px-nof-16\">T\u00e4ss\u00e4 jutussa on koostettuna kovan onnen missikisojen ik\u00e4vimm\u00e4t edesottamukset.<\/p>\n<p>1. Miss Meksikon n\u00f6yryytys<\/p>\n<p class=\"article-body mb-nof-24 px-nof-16\">Maailman kauneimman naisen julistamiseen t\u00e4ht\u00e4\u00e4v\u00e4n kisan finaali k\u00e4ytiin perjantaina 21. marraskuuta Thaimaan Bangkokissa. Voittajaksi ylsi Meksikon edustaja <a class=\"article-personlink\" href=\"https:\/\/www.is.fi\/haku\/?query=Fatima%20Bosch\" rel=\"nofollow noopener\" target=\"_blank\">Fatima Bosch<\/a>.<\/p>\n<p class=\"article-body mb-nof-24 px-nof-16\">Bosch joutui kisan aikana j\u00e4ttim\u00e4isen kohun keskelle.<\/p>\n<p class=\"article-body mb-nof-24 px-nof-16\">Marraskuun alussa kisassa koettiin poikkeuksellista draamaa, kun Thaimaan kisaorganisaation toimitusjohtaja <a class=\"article-personlink\" href=\"https:\/\/www.is.fi\/haku\/?query=Nawat%20Itsaragrisil\" rel=\"nofollow noopener\" target=\"_blank\">Nawat Itsaragrisil<\/a> <a class=\"article-genericlink\" href=\"https:\/\/www.is.fi\/viihde\/art-2000011610294.html\" rel=\"nofollow noopener\" target=\"_blank\">solvasi<\/a> Boschia. Sosiaaliseen mediaan jaettujen videoiden perusteella Itsaragrisil kutsui Boschia tyhm\u00e4ksi, koska t\u00e4m\u00e4 ei ollut julkaissut mainosmateriaalia itsest\u00e4\u00e4n.<\/p>\n<p class=\"article-body mb-nof-24 px-nof-16\">Lue lis\u00e4\u00e4: <a class=\"article-genericlink\" href=\"https:\/\/www.is.fi\/viihde\/art-2000011610294.html\" rel=\"nofollow noopener\" target=\"_blank\">Miss Universum -kisoissa k\u00e4sitt\u00e4m\u00e4t\u00f6n v\u00e4likohtaus \u2013 Miss Suomi j\u00e4rkyttyi<\/a><\/p>\n<p class=\"article-body mb-nof-24 px-nof-16\">Solidaarisuudesta Boschia kohtaan moni muu kilpailija marssi ulos tilaisuudesta. Itsaragrisil kiisti kutsuneensa Boschia tyhm\u00e4ksi ja kokee tulleensa v\u00e4\u00e4rinymm\u00e4rretyksi. H\u00e4n kuitenkin pyysi lopulta k\u00e4yt\u00f6st\u00e4\u00e4n anteeksi.<\/p>\n<p><img decoding=\"async\" src=\"https:\/\/www.europesays.com\/fi\/wp-content\/uploads\/2025\/11\/1763753709_417_468.jpg\" alt=\"Fatima Bosch (keskell\u00e4) kruunattiin maailman kauneimmaksi Thaimaassa.\" class=\"_Img_1rerz_1\" style=\"aspect-ratio:1.476923076923077\" loading=\"eager\"\/><\/p>\n<p class=\"article-picture-caption\">Fatima Bosch (keskell\u00e4) kruunattiin maailman kauneimmaksi Thaimaassa. Kuva:\u00a0Chalinee Thirasupa \/ Reuters<\/p>\n<p>2. Rasismikohu<\/p>\n<p class=\"article-body mb-nof-24 px-nof-16\">Vuoden 1996 Miss Universum <a class=\"article-personlink\" href=\"https:\/\/www.is.fi\/haku\/?query=Alicia%20Machado\" rel=\"nofollow noopener\" target=\"_blank\">Alicia Machado<\/a> aiheutti kohun, kun h\u00e4n puhui rasistisesti somessa sen j\u00e4lkeen, kun toimitusjohtaja Nawat Itsaragrisil oli aiheuttanut pahennusta kutsumalla Miss Meksikoa tyhm\u00e4ksi.<\/p>\n<p class=\"article-body mb-nof-24 px-nof-16\">Venezuelalais-yhdysvaltalainen Machado kohelsi Instagramiin kommentoimaan Itsaragrisilin toimintaa. Julkaisemallaan videolla Machado kutsui Itsaragrisili\u00e4 \u201dhalveksittavaksi kiinalaiseksi\u201d.<\/p>\n<p class=\"article-body mb-nof-24 px-nof-16\">Yksi seuraaja kommentoi p\u00e4ivityst\u00e4 korjaamalla, ett\u00e4 Itsaragrisil on thaimaalainen. T\u00e4h\u00e4n Machado vastasi julmasti.<\/p>\n<p class=\"article-body mb-nof-24 px-nof-16\">\u2013 Kaikki vinosilm\u00e4iset ihmiset, olivatpa he sitten kiinalaisia, thaimaalaisia \u200b\u200btai korealaisia, ovat minulle kiinalaisia, Machado sanoi tehostaen viesti\u00e4 viel\u00e4 \u201dvinosilm\u00e4eleell\u00e4\u201d.<\/p>\n<p class=\"article-body mb-nof-24 px-nof-16\">Machadon kommentti aiheutti v\u00e4litt\u00f6m\u00e4sti p\u00f6yristyst\u00e4.<\/p>\n<p class=\"article-body mb-nof-24 px-nof-16\">Muun muassa filippiinil\u00e4inen kustantaja <a class=\"article-personlink\" href=\"https:\/\/www.is.fi\/haku\/?query=Josh%20Yugen\" rel=\"nofollow noopener\" target=\"_blank\">Josh Yugen<\/a>, joka omistaa useita Miss Universum -franchising-yrityksi\u00e4, tuomitsi somessa Machadon kommentin.<\/p>\n<p class=\"article-body mb-nof-24 px-nof-16\">\u2013 On j\u00e4rkytt\u00e4v\u00e4\u00e4, ett\u00e4 vuonna 2025 kuulemme edelleen t\u00e4llaista tiet\u00e4m\u00e4tt\u00f6myytt\u00e4, h\u00e4n sanoi Instagram-tarinassaan marraskuun alussa.<\/p>\n<p><img decoding=\"async\" src=\"https:\/\/www.europesays.com\/fi\/wp-content\/uploads\/2025\/11\/1763753709_820_468.jpg\" alt=\"Alicia Machado, 48, on voittanut Miss Universum -kisan vuonna 1996.\" class=\"_Img_1rerz_1\" style=\"aspect-ratio:0.6442708333333333\" loading=\"eager\"\/><\/p>\n<p class=\"article-picture-caption\">Alicia Machado, 48, on voittanut Miss Universum -kisan vuonna 1996. Kuva:\u00a0Gary I Rothstein\/UPI\/Shutterstock<\/p>\n<p>3. Kokaiinikohu<\/p>\n<p class=\"article-body mb-nof-24 px-nof-16\">Miss Chile <a class=\"article-personlink\" href=\"https:\/\/www.is.fi\/haku\/?query=Inna%20Moll\" rel=\"nofollow noopener\" target=\"_blank\">Inna Moll<\/a> joutui pyyt\u00e4m\u00e4\u00e4n anteeksi sosiaaliseen mediaan jaettua videota, jossa h\u00e4n leikitteli huumeteemalla.<\/p>\n<p class=\"article-body mb-nof-24 px-nof-16\">Video ilmestyi Tiktok-alustalle marraskuun alussa. Videolla Moll teeskenteli nuuskaavansa kokaiinia valmistautuessaan Miss Universum -kilpailuun.<\/p>\n<p class=\"article-body mb-nof-24 px-nof-16\">Missi taputteli meikkipuuteria ranteeseensa ja sitten esitti nuuhkaisevansa sit\u00e4 <a class=\"article-personlink\" href=\"https:\/\/www.is.fi\/haku\/?query=Shakiran\" rel=\"nofollow noopener\" target=\"_blank\">Shakiran<\/a> Addicted to You -kappaleen soidessa taustalla.<\/p>\n<p class=\"article-body mb-nof-24 px-nof-16\">Videon levitty\u00e4 28-vuotias Moll joutui pyyt\u00e4m\u00e4\u00e4n sit\u00e4 anteeksi. Samalla h\u00e4n syytti videon levitt\u00e4misest\u00e4 yht\u00e4 tiimins\u00e4 meikkitaiteilijoista.<\/p>\n<p class=\"article-body mb-nof-24 px-nof-16\">\u2013 Haluan pyyt\u00e4\u00e4 anteeksi kaikilta, jotka tunsivat itsens\u00e4 loukatuiksi, mutta haluan my\u00f6s selitt\u00e4\u00e4 tilanteen, Moll kertoi somessa.<\/p>\n<p class=\"article-body mb-nof-24 px-nof-16\">\u2013 Videon ladannut henkil\u00f6 oli meikkitaiteilija, ja h\u00e4n k\u00e4ski minua nauhoittamaan t\u00e4m\u00e4n. Enk\u00e4 tied\u00e4, johtuiko se kielimuurista, ett\u00e4 emme ymm\u00e4rt\u00e4neet toisiamme hyvin, koska min\u00e4 sanoin jatkuvasti ei, mutta h\u00e4n jatkoi ja jatkoi.<\/p>\n<p><img decoding=\"async\" src=\"https:\/\/www.europesays.com\/fi\/wp-content\/uploads\/2025\/11\/1763753710_53_468.jpg\" alt=\"Inna Moll leikitteli, ett\u00e4 puuteri olisi kokaiinia.\" class=\"_Img_1rerz_1\" style=\"aspect-ratio:1.5\" loading=\"eager\"\/><\/p>\n<p class=\"article-picture-caption\">Inna Moll leikitteli, ett\u00e4 puuteri olisi kokaiinia. Kuva:\u00a0Athit Perawongmetha \/ Reuters<\/p>\n<p>4. Ruokamyrkytykset<\/p>\n<p class=\"article-body mb-nof-24 px-nof-16\">Miss Universum -kisassa rytisi my\u00f6s vessojen puolella.<\/p>\n<p class=\"article-body mb-nof-24 px-nof-16\">Useat missit saivat kilpailun aikana ruokamyrkytyksen oireita. Miss Unkari <a class=\"article-personlink\" href=\"https:\/\/www.is.fi\/haku\/?query=Kincs%C5%91%20Dezs%C3%A9nyi\" rel=\"nofollow noopener\" target=\"_blank\">Kincs\u0151 Dezs\u00e9nyi <\/a>sai kenties pahimmat oireet \u2013 h\u00e4n joutui sairaalahoitoon vakavan ruokamyrkytyksen vuoksi.<\/p>\n<p class=\"article-body mb-nof-24 px-nof-16\">Dezs\u00e9nyi toimitettiin bangkokilaiseen sairaalaan vain viikkoa ennen kisaa. H\u00e4n sai siell\u00e4 nestetiputuksen, mutta siit\u00e4kin h\u00e4nelle tuli allerginen reaktio, kertoo unkarilainen Blikk-sivusto. Kuin ihmeen kaupalla missi kuitenkin toipui ennen finaalia ja p\u00e4\u00e4si osallistumaan kisan huipennukseen.<\/p>\n<p class=\"article-body mb-nof-24 px-nof-16\">Lis\u00e4ksi ainakin Panaman, Hondurasin ja Viron edustajat k\u00e4rsiv\u00e4t ruokamyrkytyksen oireista kisan aikana.<\/p>\n<p>5. Manipulaatiov\u00e4itteet<\/p>\n<p class=\"article-body mb-nof-24 px-nof-16\">Yksi Miss Universum -tuomariston j\u00e4senist\u00e4 aiheutti kohun, kun h\u00e4n riensi sosiaaliseen mediaan esitt\u00e4m\u00e4\u00e4n kovia v\u00e4itteit\u00e4 missikisan kulisseista juuri ennen finaalia.<\/p>\n<p class=\"article-body mb-nof-24 px-nof-16\">Tuomari <a class=\"article-personlink\" href=\"https:\/\/www.is.fi\/haku\/?query=Omar%20Harfouch\" rel=\"nofollow noopener\" target=\"_blank\">Omar Harfouch<\/a> v\u00e4itti Instagram-tilins\u00e4 tarinoissa, ett\u00e4 ep\u00e4virallinen raati oli valinnut 30 finalistia etuk\u00e4teen, eik\u00e4 oikea raati ollut hommassa edes mukana.<\/p>\n<p class=\"article-body mb-nof-24 px-nof-16\">Lue lis\u00e4\u00e4: <a class=\"article-genericlink\" href=\"https:\/\/www.is.fi\/viihde\/art-2000011636399.html\" rel=\"nofollow noopener\" target=\"_blank\">Miss Universum -kisoissa kaaos loppumetreill\u00e4 \u2013 valittiinko finalistit jo etuk\u00e4teen?<\/a><\/p>\n<p class=\"article-body mb-nof-24 px-nof-16\">H\u00e4n v\u00e4itti, ett\u00e4 ep\u00e4virallisella raadilla olisi joidenkin kisaajien kanssa l\u00e4heisi\u00e4 suhteita, mik\u00e4 aiheutti eturistiriitoja. Hardfouch oli keskustellut asiasta Miss Universum -kisan johtajan <a class=\"article-personlink\" href=\"https:\/\/www.is.fi\/haku\/?query=Raul%20Rochan\" rel=\"nofollow noopener\" target=\"_blank\">Raul Rochan<\/a> kanssa ja oli p\u00e4\u00e4tynyt irtisanoutumaan teht\u00e4vist\u00e4\u00e4n.<\/p>\n<p class=\"article-body mb-nof-24 px-nof-16\">\u2013 K\u00e4vin Raul Rochan kanssa hyvin ep\u00e4kunnioittavan keskustelun siit\u00e4, miten Miss Universum -tuomarointi kaipaa l\u00e4pin\u00e4kyvyytt\u00e4. P\u00e4\u00e4tin irtisanoutua raadista, en suostu olemaan osa t\u00e4t\u00e4 teeskentely\u00e4. My\u00f6sk\u00e4\u00e4n tekem\u00e4\u00e4ni musiikkia ei soiteta kilpailussa, Harfouch kirjoitti tarinoissaan.<\/p>\n<p class=\"article-body mb-nof-24 px-nof-16\">Miss Universum -organisaatio julkaisi v\u00e4itteille vastineen <a class=\"article-genericlink\" href=\"https:\/\/www.instagram.com\/p\/DRNDIUxk6yQ\/?utm_source=ig_web_copy_link&amp;igsh=NTc4MTIwNjQ2YQ==\" rel=\"nofollow noopener\" target=\"_blank\">Instagramissa<\/a>. Tiedotteessa kerrottiin, ett\u00e4 ep\u00e4virallista raatia ei ole, vaan kyse oli erillisest\u00e4, Beyond the Crown -nimisest\u00e4 raadista, joka toimii missikisasta v\u00e4itetysti t\u00e4ysin erillisesti.<\/p>\n<p class=\"article-body mb-nof-24 px-nof-16\">N\u00e4iden kohuttujen tilanteiden lis\u00e4ksi Miss Universum -kisassa n\u00e4htiin pelottava hetki, kun Jamaikan edustaja <a class=\"article-personlink\" href=\"https:\/\/www.is.fi\/haku\/?query=Gabrielle%20Henry\" rel=\"nofollow noopener\" target=\"_blank\">Gabrielle Henry<\/a> putosi lavalta alas.<\/p>\n<p class=\"article-body mb-nof-24 px-nof-16\">Lue lis\u00e4\u00e4: <a class=\"article-genericlink\" href=\"https:\/\/www.is.fi\/viihde\/art-2000011638712.html\" rel=\"nofollow noopener\" target=\"_blank\">Miss Universum -kisassa j\u00e4rkytt\u00e4v\u00e4 tilanne &#8211; video levi\u00e4\u00e4<\/a><\/p>\n<p class=\"article-body mb-nof-24 px-nof-16\">L\u00e4\u00e4kint\u00e4henkil\u00f6kunta rynt\u00e4si Henryn avuksi ja h\u00e4net kannettiin lopulta pois paareilla. Missi vietiin v\u00e4likohtauksen j\u00e4lkeen sairaalahoitoon. J\u00e4lkik\u00e4teen kerrottiin, ettei h\u00e4n saanut vakavia vammoja, mutta joutui j\u00e4\u00e4m\u00e4\u00e4n sairaalaan tarkkailuun.<\/p>\n<p><img decoding=\"async\" src=\"https:\/\/www.europesays.com\/fi\/wp-content\/uploads\/2025\/11\/1763753710_141_468.jpg\" alt=\"Gabrielle Henry keinahti lavan reunan yli ja satutti itsens\u00e4.\" class=\"_Img_1rerz_1\" style=\"aspect-ratio:1.5\" loading=\"eager\"\/><\/p>\n<p class=\"article-picture-caption\">Gabrielle Henry keinahti lavan reunan yli ja satutti itsens\u00e4. Kuva:\u00a0Lillian Suwanrumpha \/ AFP<\/p>\n<p class=\"article-body mb-nof-24 px-nof-16\">Muitakin kuohuttavia hetki\u00e4 kauneuskisan aikana saatiin todistaa. Esimerkiksi se her\u00e4tti kummastusta, ett\u00e4 jotkut kisaajat j\u00e4ttiv\u00e4t niin sanotusti leikin kesken yll\u00e4tt\u00e4en. Sek\u00e4 Saksan ett\u00e4 Islannin edustajat p\u00e4\u00e4ttiv\u00e4t vet\u00e4yty\u00e4 kisasta henkil\u00f6kohtaisten syiden takia.<\/p>\n<p class=\"article-body mb-nof-24 px-nof-16\">Islannin delegaatio kertoi Instagramiin julkaistussa tiedotteessa, ett\u00e4 maan edustaja <a class=\"article-personlink\" href=\"https:\/\/www.is.fi\/haku\/?query=Helena%20O%27Connor\" rel=\"nofollow noopener\" target=\"_blank\">Helena O&#8217;Connor<\/a> oli sairastunut ja j\u00e4tti kisan siksi kesken.<\/p>\n<p class=\"article-body mb-nof-24 px-nof-16\">Saksan edustaja <a class=\"article-personlink\" href=\"https:\/\/www.is.fi\/haku\/?query=Diana%20Fast\" rel=\"nofollow noopener\" target=\"_blank\">Diana Fast<\/a> puolestaan vet\u00e4ytyi kisasta poikansa takia. H\u00e4n avasi asiaa Instagramissa. H\u00e4n kertoi haluavansa keskitty\u00e4 rakentamaan uutta kotia perheelleen ja olla poikansa l\u00e4hell\u00e4 t\u00e4m\u00e4n \u201dt\u00e4rke\u00e4ss\u00e4 el\u00e4m\u00e4nvaiheessa\u201d.<\/p>\n<p class=\"article-body mb-nof-24 px-nof-16\">L\u00e4hteet: <a class=\"article-genericlink\" href=\"https:\/\/www.telegraph.co.uk\/world-news\/2025\/11\/07\/miss-chile-apology-pretending-snort-cocaine-beauty-pageant\/\" rel=\"nofollow noopener\" target=\"_blank\">Telegraph<\/a>, <a class=\"article-genericlink\" href=\"https:\/\/wwd.com\/pop-culture\/culture-news\/miss-universe-2025-controversy-1238356283\/\" rel=\"nofollow noopener\" target=\"_blank\">Women\u2019s Wear Daily,<\/a> <a class=\"article-genericlink\" href=\"https:\/\/www.businessinsider.com\/miss-universe-controversy-timeline-miss-mexico-thailand-2025-11?IR=T#two-judges-dropped-out-just-days-before-the-miss-universe-finals-8\" rel=\"nofollow noopener\" target=\"_blank\">Business Insider,<\/a> <a class=\"article-genericlink\" href=\"https:\/\/www.blikk.hu\/sztarvilag\/hazai-sztarok\/dezsenyi-kincso-etelmergezes-miss-universe-szepsegkiralyno-korhaz\/7lrbp4x\" rel=\"nofollow noopener\" target=\"_blank\">Blikk<\/a>, <a class=\"article-genericlink\" href=\"https:\/\/www.hola.com\/us\/entertainment\/20251120868670\/miss-universe-2025-all-controversies-74th-edition\/\" rel=\"nofollow noopener\" target=\"_blank\">Hello<\/a>, <a class=\"article-genericlink\" href=\"https:\/\/www.bbc.com\/news\/articles\/cy40q990g28o\" rel=\"nofollow noopener\" target=\"_blank\">BBC<\/a>, <a class=\"article-genericlink\" href=\"https:\/\/eu.usatoday.com\/story\/entertainment\/celebrities\/2025\/11\/04\/miss-universe-scandal-nawat-itsaragrisil-fatima-bosch-mexico\/87095020007\/\" rel=\"nofollow noopener\" target=\"_blank\">USA Today<\/a><\/p>\n<p><script async src=\"\/\/www.instagram.com\/embed.js\"><\/script><\/p>\n","protected":false},"excerpt":{"rendered":"Kauneuskisassa on t\u00e4n\u00e4 vuonna kuohunut poikkeuksellisen paljon ja kulisseista on kantautunut erin\u00e4isi\u00e4 villej\u00e4 v\u00e4itteit\u00e4. Mist\u00e4 vuoden 2025 Miss&hellip;\n","protected":false},"author":2,"featured_media":96420,"comment_status":"","ping_status":"","sticky":false,"template":"","format":"standard","meta":{"footnotes":""},"categories":[14],"tags":[22,23,26,27,33,31,30,17,34,24,25,28,29,15,18,21,32,19,20,56,16,59,60,61],"class_list":{"0":"post-96419","1":"post","2":"type-post","3":"status-publish","4":"format-standard","5":"has-post-thumbnail","7":"category-ulkomaat","8":"tag-breaking-news","9":"tag-breakingnews","10":"tag-featured-news","11":"tag-featurednews","12":"tag-fi","13":"tag-finland","14":"tag-finnish","15":"tag-headlines","16":"tag-ilta-sanomat","17":"tag-latest-news","18":"tag-latestnews","19":"tag-main-news","20":"tag-mainnews","21":"tag-news","22":"tag-otsikot","23":"tag-paauutiset","24":"tag-suomi","25":"tag-top-stories","26":"tag-topstories","27":"tag-ulkomaat","28":"tag-uutiset","29":"tag-world","30":"tag-world-news","31":"tag-worldnews"},"share_on_mastodon":{"url":"https:\/\/pubeurope.com\/@fi\/115589370823513190","error":""},"_links":{"self":[{"href":"https:\/\/www.europesays.com\/fi\/wp-json\/wp\/v2\/posts\/96419","targetHints":{"allow":["GET"]}}],"collection":[{"href":"https:\/\/www.europesays.com\/fi\/wp-json\/wp\/v2\/posts"}],"about":[{"href":"https:\/\/www.europesays.com\/fi\/wp-json\/wp\/v2\/types\/post"}],"author":[{"embeddable":true,"href":"https:\/\/www.europesays.com\/fi\/wp-json\/wp\/v2\/users\/2"}],"replies":[{"embeddable":true,"href":"https:\/\/www.europesays.com\/fi\/wp-json\/wp\/v2\/comments?post=96419"}],"version-history":[{"count":0,"href":"https:\/\/www.europesays.com\/fi\/wp-json\/wp\/v2\/posts\/96419\/revisions"}],"wp:featuredmedia":[{"embeddable":true,"href":"https:\/\/www.europesays.com\/fi\/wp-json\/wp\/v2\/media\/96420"}],"wp:attachment":[{"href":"https:\/\/www.europesays.com\/fi\/wp-json\/wp\/v2\/media?parent=96419"}],"wp:term":[{"taxonomy":"category","embeddable":true,"href":"https:\/\/www.europesays.com\/fi\/wp-json\/wp\/v2\/categories?post=96419"},{"taxonomy":"post_tag","embeddable":true,"href":"https:\/\/www.europesays.com\/fi\/wp-json\/wp\/v2\/tags?post=96419"}],"curies":[{"name":"wp","href":"https:\/\/api.w.org\/{rel}","templated":true}]}}