{"id":96443,"date":"2025-11-21T20:20:09","date_gmt":"2025-11-21T20:20:09","guid":{"rendered":"https:\/\/www.europesays.com\/fi\/96443\/"},"modified":"2025-11-21T20:20:09","modified_gmt":"2025-11-21T20:20:09","slug":"wicked-for-good-arvio-muovinen-elokuva-ei-ylla-ensimmaisen-osan-tasolle","status":"publish","type":"post","link":"https:\/\/www.europesays.com\/fi\/96443\/","title":{"rendered":"Wicked: For Good -arvio: Muovinen elokuva ei yll\u00e4 ensimm\u00e4isen osan tasolle"},"content":{"rendered":"<p>Wicked: For Good ei yll\u00e4 edelt\u00e4j\u00e4ns\u00e4 tasolle. Muovinen elokuva muistuttaa paikoin enemm\u00e4n tv-mainosta kuin Hollywood-spektaakkelia.<\/p>\n<p class=\"article-body mb-nof-24 px-nof-16\">Tv-lehti arvioi: Loppuvuoden iso elokuvatapaus ja kassamagneetiksi hamuava Wicked: For Good alkaa lupaavasti. Taivaalla liihotteleva tumma hahmo kylv\u00e4\u00e4 kauhua Ozin ihmemaassa, ja kaupunkilaisten puntti tutisee, kun joku vain mainitseekin L\u00e4nnen ilke\u00e4n noidan Elphaban (<a class=\"article-personlink\" href=\"https:\/\/www.is.fi\/haku\/?query=Cynthia%20Erivo\" rel=\"nofollow noopener\" target=\"_blank\">Cynthia Erivo<\/a>).<\/p>\n<p class=\"article-body mb-nof-24 px-nof-16\">Toisaalla vaaleanpunaiseen viehtynyt hyv\u00e4 noita Glinda (<a class=\"article-personlink\" href=\"https:\/\/www.is.fi\/haku\/?query=Ariana%20Grande\" rel=\"nofollow noopener\" target=\"_blank\">Ariana Grande<\/a>) touhottaa kihlajaisistaan. Harmi vain, ettei sulhanen tied\u00e4, ett\u00e4 on menossa naimisiin.<\/p>\n<p class=\"article-body mb-nof-24 px-nof-16\">Sitten kameran eteen ilmestyy liuta puhuvia tietokone-el\u00e4imi\u00e4, ja peli on ohi. Ensimm\u00e4inen Wicked-elokuva on jatko-osaa toimivampi pakkaus.<\/p>\n<p class=\"article-body mb-nof-24 px-nof-16\">Pahimmillaan Wicked: For Good on kuin maailman pisin vessapaperimainos, jossa p\u00f6rr\u00f6iset oravat ja s\u00f6p\u00f6t puput muikistelevat kameralle muovisessa satumaailmassa.<\/p>\n<p><img decoding=\"async\" src=\"https:\/\/www.europesays.com\/fi\/wp-content\/uploads\/2025\/11\/1763756408_891_468.jpg\" alt=\"Ariana Granden Glindassa on leikkisyytt\u00e4, Cynthia Erivo on kuolemanvakava muiden karsastamana Elphabana.\" class=\"_Img_1rerz_1\" style=\"aspect-ratio:1.5\" loading=\"eager\"\/><\/p>\n<p class=\"article-picture-caption\">Ariana Granden Glindassa on leikkisyytt\u00e4, Cynthia Erivo on kuolemanvakava muiden karsastamana Elphabana. Kuva:\u00a0Giles Keyte \/ Universal Pictures<\/p>\n<p class=\"article-body mb-nof-24 px-nof-16\">Wicked: For Good jatkaa siit\u00e4, mihin 2024 j\u00e4ttihitiksi muodostunut hurmaava Wicked j\u00e4i. Ozin tarinaan aiemmin jo tutustuneet tiet\u00e4v\u00e4t, ett\u00e4 jatko-osassa Kansasista py\u00f6rremyrskyn mukana ihmemaahan tupsahtanut Dorothy-tytt\u00f6 r\u00f6kitt\u00e4\u00e4 ilke\u00e4n noidan.<\/p>\n<p class=\"article-body mb-nof-24 px-nof-16\">Tie siihen pisteeseen on oudon kaoottinen. Jos ensimm\u00e4inen Wicked tuntui laahaavalta, niin t\u00e4ss\u00e4 turboahdetussa jatko-osassa asiat etenev\u00e4t heng\u00e4stytt\u00e4v\u00e4ll\u00e4 vauhdilla.<\/p>\n<p class=\"article-body mb-nof-24 px-nof-16\">Eniten h\u00f6lm\u00f6st\u00e4 vauhtihuumasta k\u00e4rsiv\u00e4t sivuhahmot. Dorothy ja Toto-koirakin tekev\u00e4t pikaisen visiitin kameran edess\u00e4, mutta tyt\u00f6n kasvoja ei n\u00e4hd\u00e4 koskaan. Tympeimm\u00e4n kohtalon kokee Glindan ja Elphaban syd\u00e4met vienyt prinssik\u00f6nsik\u00e4s Fiyero (<a class=\"article-personlink\" href=\"https:\/\/www.is.fi\/haku\/?query=Jonathan%20Bailey\" rel=\"nofollow noopener\" target=\"_blank\">Jonathan Bailey<\/a>), jossa ei ole mink\u00e4\u00e4nlaista syvyytt\u00e4.<\/p>\n<p class=\"article-body mb-nof-24 px-nof-16\">Yhdess\u00e4 kohtauksessa h\u00e4n on avioitumassa pitkin hampain Glindan kanssa, toisessa h\u00e4n riisuukin jo vaatteitaan Elphaban luona. Jossain v\u00e4liss\u00e4 ilmeisesti rakastuttiin palavasti, mutta suuri rakkaustarina j\u00e4\u00e4 ontoksi.<\/p>\n<p><img decoding=\"async\" src=\"https:\/\/www.europesays.com\/fi\/wp-content\/uploads\/2025\/11\/1763756408_292_468.jpg\" alt=\"Fiyero ja Glinda ovat kihloissa, mutta prinssin syd\u00e4n kuuluu toiselle naiselle. Prinssi\u00e4 n\u00e4yttelee vastik\u00e4\u00e4n People-lehden maailman seksikk\u00e4imm\u00e4ksi mieheksi valittu Jonathan Bailey.\" class=\"_Img_1rerz_1\" style=\"aspect-ratio:1.5\" loading=\"eager\"\/><\/p>\n<p class=\"article-picture-caption\">Fiyero ja Glinda ovat kihloissa, mutta prinssin syd\u00e4n kuuluu toiselle naiselle. Prinssi\u00e4 n\u00e4yttelee vastik\u00e4\u00e4n People-lehden maailman seksikk\u00e4imm\u00e4ksi mieheksi valittu Jonathan Bailey. Kuva:\u00a0Giles Keyte \/ Universal Pictures<\/p>\n<p class=\"article-body mb-nof-24 px-nof-16\">P\u00e4\u00e4osia esitt\u00e4v\u00e4t Cynthia Erivo ja Ariana Grande sent\u00e4\u00e4n ovat hyv\u00e4ss\u00e4 vedossa t\u00e4ysin eri maailmoista tulevina yst\u00e4vyksin\u00e4.<\/p>\n<p class=\"article-body mb-nof-24 px-nof-16\">Erivo on roolissaan yht\u00e4 vakava kuin ennenkin. Popt\u00e4hti Grande taas on ihan kelpo komedienne, joka huiskuttaa vaaleita hiuksinaan ja kiljahtelee v\u00e4lill\u00e4 ylikorostetun tytt\u00f6m\u00e4isesti.<\/p>\n<p class=\"article-body mb-nof-24 px-nof-16\">Samanlaista herttaista kepeytt\u00e4 Glindan roolissa ei kuitenkaan ole kuin ykk\u00f6sosassa. Popt\u00e4hden n\u00e4ytteleminen rajoittuu kahteen ilmeeseen: kasvoilla alituiseen k\u00e4v\u00e4isev\u00e4\u00e4n huolimutruun tai h\u00e4mmennykseen. V\u00e4lill\u00e4 katsojaa ihan j\u00e4nnitt\u00e4\u00e4, milloin Grande itkee taas.<\/p>\n<p><img decoding=\"async\" src=\"https:\/\/www.europesays.com\/fi\/wp-content\/uploads\/2025\/11\/1763756409_211_468.jpg\" alt=\"Ozilaiset haluavat L\u00e4nnen ilke\u00e4n noidan Elphaban hengilt\u00e4.\" class=\"_Img_1rerz_1\" style=\"aspect-ratio:1.5\" loading=\"eager\"\/><\/p>\n<p class=\"article-picture-caption\">Ozilaiset haluavat L\u00e4nnen ilke\u00e4n noidan Elphaban hengilt\u00e4. Kuva:\u00a0Giles Keyte \/ Universal Pictures<\/p>\n<p class=\"article-body mb-nof-24 px-nof-16\">Parhaimmillaan Wicked: For Good on mahtipontisissa musikaalinumeroissa, joita ei onneksi ole venytetty liian pitkiksi.<\/p>\n<p class=\"article-body mb-nof-24 px-nof-16\">Laulukohtausten ulkopuolella dialogi on kuitenkin v\u00e4lill\u00e4 niin kankeaa, ett\u00e4 katsojalle tulee kiusaantunut olo. Elokuvan vaivaannuttavimmassa kohtauksessa yhdistyv\u00e4t Wickedin kompastuskivet eli vessapaperimainosmaiset puhuvat el\u00e4imet ja t\u00f6nkk\u00f6 dialogi.<\/p>\n<p class=\"article-body mb-nof-24 px-nof-16\">\u2013 Olen kaivannut karhunhalauksiasi, Elphaba lausuu reppuselk\u00e4iselle karhulle, joka tuo mieleen Pikku Kakkosen Ransun.<\/p>\n<p class=\"article-body nof-ui-body-medium mb-nof-24 px-nof-16\">Wicked: For Good elokuvateattereissa to 20.11.<\/p>\n<p class=\"article-body nof-ui-body-medium mb-nof-24 px-nof-16\">Musikaali \u2605\u2605<\/p>\n","protected":false},"excerpt":{"rendered":"Wicked: For Good ei yll\u00e4 edelt\u00e4j\u00e4ns\u00e4 tasolle. Muovinen elokuva muistuttaa paikoin enemm\u00e4n tv-mainosta kuin Hollywood-spektaakkelia. Tv-lehti arvioi: Loppuvuoden&hellip;\n","protected":false},"author":2,"featured_media":96444,"comment_status":"","ping_status":"","sticky":false,"template":"","format":"standard","meta":{"footnotes":""},"categories":[131],"tags":[155,137,33,173,31,30,34,172,32,109],"class_list":{"0":"post-96443","1":"post","2":"type-post","3":"status-publish","4":"format-standard","5":"has-post-thumbnail","7":"category-elokuvat","8":"tag-elokuvat","9":"tag-entertainment","10":"tag-fi","11":"tag-film","12":"tag-finland","13":"tag-finnish","14":"tag-ilta-sanomat","15":"tag-movies","16":"tag-suomi","17":"tag-viihde"},"share_on_mastodon":{"url":"https:\/\/pubeurope.com\/@fi\/115589547760500223","error":""},"_links":{"self":[{"href":"https:\/\/www.europesays.com\/fi\/wp-json\/wp\/v2\/posts\/96443","targetHints":{"allow":["GET"]}}],"collection":[{"href":"https:\/\/www.europesays.com\/fi\/wp-json\/wp\/v2\/posts"}],"about":[{"href":"https:\/\/www.europesays.com\/fi\/wp-json\/wp\/v2\/types\/post"}],"author":[{"embeddable":true,"href":"https:\/\/www.europesays.com\/fi\/wp-json\/wp\/v2\/users\/2"}],"replies":[{"embeddable":true,"href":"https:\/\/www.europesays.com\/fi\/wp-json\/wp\/v2\/comments?post=96443"}],"version-history":[{"count":0,"href":"https:\/\/www.europesays.com\/fi\/wp-json\/wp\/v2\/posts\/96443\/revisions"}],"wp:featuredmedia":[{"embeddable":true,"href":"https:\/\/www.europesays.com\/fi\/wp-json\/wp\/v2\/media\/96444"}],"wp:attachment":[{"href":"https:\/\/www.europesays.com\/fi\/wp-json\/wp\/v2\/media?parent=96443"}],"wp:term":[{"taxonomy":"category","embeddable":true,"href":"https:\/\/www.europesays.com\/fi\/wp-json\/wp\/v2\/categories?post=96443"},{"taxonomy":"post_tag","embeddable":true,"href":"https:\/\/www.europesays.com\/fi\/wp-json\/wp\/v2\/tags?post=96443"}],"curies":[{"name":"wp","href":"https:\/\/api.w.org\/{rel}","templated":true}]}}