{"id":96523,"date":"2025-11-21T22:37:09","date_gmt":"2025-11-21T22:37:09","guid":{"rendered":"https:\/\/www.europesays.com\/fi\/96523\/"},"modified":"2025-11-21T22:37:09","modified_gmt":"2025-11-21T22:37:09","slug":"trump-ja-mamdani-loivat-keskinaiset-solvauksensa-leikiksi-minua-on-kutsuttu-pahemmaksikin-kuin-despootiksi","status":"publish","type":"post","link":"https:\/\/www.europesays.com\/fi\/96523\/","title":{"rendered":"Trump ja Mamdani l\u00f6iv\u00e4t keskin\u00e4iset solvauksensa leikiksi: \u201dMinua on kutsuttu pahemmaksikin kuin despootiksi\u201d"},"content":{"rendered":"<p>Yhdysvallat|Kumpikin korosti yhteist\u00e4 rakkautta heid\u00e4n kotikaupunkiinsa New Yorkiin.<\/p>\n<p>21.11. 20:46 | P\u00e4ivitetty 21.11. 23:22<\/p>\n<p class=\"article-body mb-nof-24 px-nof-16\">Yhdysvaltain presidentti <a class=\"article-personlink\" href=\"https:\/\/www.hs.fi\/haku\/?query=Donald%20Trump\" rel=\"nofollow noopener\" target=\"_blank\">Donald Trump<\/a> ja New Yorkin tuore pormestari <a class=\"article-personlink\" href=\"https:\/\/www.hs.fi\/haku\/?query=Zohran%20Mamdani\" rel=\"nofollow noopener\" target=\"_blank\">Zohran Mamdani<\/a> olivat maireina yhteisess\u00e4 lehdist\u00f6tilaisuudessaan Valkoisessa talossa Washingtonissa perjantaina.<\/p>\n<p class=\"article-body mb-nof-24 px-nof-16\">Republikaani Trump oli aiemmin kutsunut Mamdania kommunistiksi ja hulluksi radikaalivasemmistolaiseksi. Demokraatti Mamdani oli aiemmin kutsunut Trumpia despootiksi ja fasistiksi. Toimittajat kysyiv\u00e4t t\u00e4st\u00e4, mutta he l\u00f6iv\u00e4t asian leikiksi.<\/p>\n<p class=\"article-body mb-nof-24 px-nof-16\">\u201dH\u00e4nen ajatuksensa ovat aika korkealentoisia, mutta kyll\u00e4 h\u00e4nen kantansa muuttuvat\u201d, Trump sanoi.<\/p>\n<p class=\"article-body mb-nof-24 px-nof-16\">\u201dMinua on kutsuttu paljon pahemmaksikin kuin despootiksi, joten ei se ole niin loukkaavaa.\u201d<\/p>\n<p class=\"article-body mb-nof-24 px-nof-16\">Mamdani vastaili kiertelev\u00e4mmin: \u201dMe kumpikin teemme mielipiteemme selv\u00e4ksi. Toki meill\u00e4 on n\u00e4kemyseroja mutta on my\u00f6s yhteisi\u00e4 pyrkimyksi\u00e4.\u201d<\/p>\n<p class=\"article-body mb-nof-24 px-nof-16\">Voitteko siis vahvistaa, ett\u00e4 pid\u00e4tte presidentti Trumpia fasistina? toimittaja tiukkasi viel\u00e4 Mamdanilta. T\u00e4m\u00e4 vaikutti aloittelevan kiertelev\u00e4\u00e4 vastausta, kunnes Trump puhui p\u00e4\u00e4lle: \u201dSe on ihan ok, on helpompi vain sanoa se kuin selitt\u00e4\u00e4.\u201d<\/p>\n<p class=\"article-body mb-nof-24 px-nof-16\">Kumpikin korosti yhteist\u00e4 rakkautta heid\u00e4n kotikaupunkiinsa New Yorkiin. Kaksikko kertoi puhuneensa erityisesti kohtuuhintaisen asumisen tarpeesta ja kaupungin turvallisuuden parantamisesta. Trump my\u00f6s sanoi, ett\u00e4 asuisi mielell\u00e4\u00e4n Mamdanin johtamassa New Yorkissa.<\/p>\n<p class=\"article-body mb-nof-24 px-nof-16\">Aiemmin Trump oli uhannut ty\u00f6nt\u00e4\u00e4 kapuloita Mamdanin rattaisiin esimerkiksi leikkaamalla New Yorkin saamaa liittovaltion rahoitusta tai l\u00e4hett\u00e4m\u00e4ll\u00e4 kansalliskaartin joukkoja New Yorkiin.<\/p>\n<p class=\"article-body mb-nof-24 px-nof-16\">\u201dMit\u00e4 paremmin h\u00e4n p\u00e4rj\u00e4\u00e4, sit\u00e4 iloisempi min\u00e4 olen\u201d, Trump sanoo.<\/p>\n<p class=\"article-body mb-nof-24 px-nof-16\">\u201dMin\u00e4 aion auttaa enk\u00e4 vahingoittaa h\u00e4nt\u00e4.\u201d<\/p>\n<p class=\"article-body mb-nof-24 px-nof-16\">Lehdist\u00f6tilaisuudessa sivuttiin my\u00f6s Ukrainaa.<\/p>\n<p class=\"article-body mb-nof-24 px-nof-16\">Trumpin mukaan Ukrainan presidentti <a class=\"article-personlink\" href=\"https:\/\/www.hs.fi\/haku\/?query=Volodymyr%20Zelenskyin\" rel=\"nofollow noopener\" target=\"_blank\">Volodymyr Zelenskyin<\/a> tulisi lopulta hyv\u00e4ksy\u00e4 Yhdysvaltain tekem\u00e4 ehdotus rauhansuunnitelmasta.<\/p>\n<p class=\"article-body mb-nof-24 px-nof-16\">\u201dJossakin vaiheessa h\u00e4nen on pakko hyv\u00e4ksy\u00e4 jotakin\u201d, Trump sanoi.<\/p>\n","protected":false},"excerpt":{"rendered":"Yhdysvallat|Kumpikin korosti yhteist\u00e4 rakkautta heid\u00e4n kotikaupunkiinsa New Yorkiin. 21.11. 20:46 | P\u00e4ivitetty 21.11. 23:22 Yhdysvaltain presidentti Donald Trump&hellip;\n","protected":false},"author":2,"featured_media":96524,"comment_status":"","ping_status":"","sticky":false,"template":"","format":"standard","meta":{"footnotes":""},"categories":[14],"tags":[22,23,26,27,33,31,30,17,46,24,25,28,29,15,18,21,32,19,20,56,16,59,60,61],"class_list":{"0":"post-96523","1":"post","2":"type-post","3":"status-publish","4":"format-standard","5":"has-post-thumbnail","7":"category-ulkomaat","8":"tag-breaking-news","9":"tag-breakingnews","10":"tag-featured-news","11":"tag-featurednews","12":"tag-fi","13":"tag-finland","14":"tag-finnish","15":"tag-headlines","16":"tag-helsingin-sanomat","17":"tag-latest-news","18":"tag-latestnews","19":"tag-main-news","20":"tag-mainnews","21":"tag-news","22":"tag-otsikot","23":"tag-paauutiset","24":"tag-suomi","25":"tag-top-stories","26":"tag-topstories","27":"tag-ulkomaat","28":"tag-uutiset","29":"tag-world","30":"tag-world-news","31":"tag-worldnews"},"share_on_mastodon":{"url":"https:\/\/pubeurope.com\/@fi\/115590086237318760","error":""},"_links":{"self":[{"href":"https:\/\/www.europesays.com\/fi\/wp-json\/wp\/v2\/posts\/96523","targetHints":{"allow":["GET"]}}],"collection":[{"href":"https:\/\/www.europesays.com\/fi\/wp-json\/wp\/v2\/posts"}],"about":[{"href":"https:\/\/www.europesays.com\/fi\/wp-json\/wp\/v2\/types\/post"}],"author":[{"embeddable":true,"href":"https:\/\/www.europesays.com\/fi\/wp-json\/wp\/v2\/users\/2"}],"replies":[{"embeddable":true,"href":"https:\/\/www.europesays.com\/fi\/wp-json\/wp\/v2\/comments?post=96523"}],"version-history":[{"count":0,"href":"https:\/\/www.europesays.com\/fi\/wp-json\/wp\/v2\/posts\/96523\/revisions"}],"wp:featuredmedia":[{"embeddable":true,"href":"https:\/\/www.europesays.com\/fi\/wp-json\/wp\/v2\/media\/96524"}],"wp:attachment":[{"href":"https:\/\/www.europesays.com\/fi\/wp-json\/wp\/v2\/media?parent=96523"}],"wp:term":[{"taxonomy":"category","embeddable":true,"href":"https:\/\/www.europesays.com\/fi\/wp-json\/wp\/v2\/categories?post=96523"},{"taxonomy":"post_tag","embeddable":true,"href":"https:\/\/www.europesays.com\/fi\/wp-json\/wp\/v2\/tags?post=96523"}],"curies":[{"name":"wp","href":"https:\/\/api.w.org\/{rel}","templated":true}]}}