{"id":96529,"date":"2025-11-21T22:51:12","date_gmt":"2025-11-21T22:51:12","guid":{"rendered":"https:\/\/www.europesays.com\/fi\/96529\/"},"modified":"2025-11-21T22:51:12","modified_gmt":"2025-11-21T22:51:12","slug":"michael-monroe-dokumentin-yhtalaisyydet-ihmetyttavat-katso-ja-vertaa-itse","status":"publish","type":"post","link":"https:\/\/www.europesays.com\/fi\/96529\/","title":{"rendered":"Michael Monroe -dokumentin yht\u00e4l\u00e4isyydet ihmetytt\u00e4v\u00e4t \u2013 Katso ja vertaa itse"},"content":{"rendered":"<p>Saku-Petteri Perint\u00f6 teki oikeudenk\u00e4ynti\u00e4 varten 12 minuutin vertailuvideon h\u00e4nen ja Pete Eklundin dokumenteista.<\/p>\n<p class=\"paragraph\"><a href=\"https:\/\/www.iltalehti.fi\/henkilot\/Michael Monroe\" class=\"article-link-person-page\" rel=\"nofollow noopener\" target=\"_blank\">Michael Monroe<\/a> nosti kanteen Love U Meant It -tuotantoyhti\u00f6t\u00e4 vastaan Helsingin k\u00e4r\u00e4j\u00e4oikeudessa. <a href=\"https:\/\/www.iltalehti.fi\/viihdeuutiset\/cd21bd58-9d87-46b9-b78b-a26d7aa1f1dc\" rel=\"nofollow noopener\" target=\"_blank\">Riita-asiaa k\u00e4siteltiin t\u00e4ll\u00e4 viikolla<\/a> kahtena p\u00e4iv\u00e4n\u00e4.<\/p>\n<p class=\"paragraph\">Monroen ja tuotantoyhti\u00f6n riita koskee tuotantoyhti\u00f6n julkaisemaa el\u00e4m\u00e4kertadokumenttia Monroesta. Monroen mielest\u00e4 dokumentti julkaistiin vuonna 2021 Elisa Viihde -suoratoistopalveluun ilman lupaa. Dokumentti poistettiin palvelusta vain muutama p\u00e4iv\u00e4 julkaisemisesta. Tuotantoyhti\u00f6n toimitusjohtaja <strong>Saku-Petteri Perint\u00f6<\/strong> sanoi oikeudessa, ett\u00e4 Monroe \u201dpainosti\u201d poistamaan dokumenttielokuvan.<\/p>\n<p><img decoding=\"async\" class=\"image image-show image-preview\" src=\"https:\/\/www.europesays.com\/fi\/wp-content\/uploads\/2025\/11\/1763765471_808_245c4f1591d17997023bbe5f5c9d264142ebf71008e20769e2739e819309eea7.jpg\" alt=\"\"\/><img decoding=\"async\" class=\"image image-show\" src=\"https:\/\/www.europesays.com\/fi\/wp-content\/uploads\/2025\/11\/1763765472_152_245c4f1591d17997023bbe5f5c9d264142ebf71008e20769e2739e819309eea7.jpg\" alt=\"\"\/><\/p>\n<p>Michael Monroen el\u00e4m\u00e4kertadokumentista riideltiin t\u00e4ll\u00e4 viikolla oikeudessa. MATTI MATIKAINEN<\/p>\n<p class=\"paragraph\">Monroesta on julkaistu h\u00e4nen uransa aikana kaksi dokumenttielokuvaa: Perinn\u00f6n tuotantoyhti\u00f6n dokumentti ja ohjaaja <a href=\"https:\/\/www.iltalehti.fi\/henkilot\/Pete Eklund\" class=\"article-link-person-page\" rel=\"nofollow noopener\" target=\"_blank\">Pete Eklundin<\/a> dokumentti. Eklundin dokumentti sai ensi-iltansa syyskuussa 2023.<\/p>\n<p class=\"paragraph\">Perint\u00f6 nosti oikeudessa esiin useaan kertaan h\u00e4nen ja Eklundin dokumenttien yht\u00e4l\u00e4isyyksi\u00e4. H\u00e4n uskoo, ett\u00e4 Eklund olisi kopioinut h\u00e4nen dokumenttiaan ja sen kulkua omaan dokumenttiinsa, joka julkaistiin my\u00f6hemmin. Perinn\u00f6n mukaan dokumenteissa on k\u00e4ytetty tarkoituksella samoja kuvia, musiikkeja, haastateltavia ja leikkaustapoja.<\/p>\n<p class=\"paragraph\">Oikeudessa n\u00e4ytettiin Saku-Petteri Perinn\u00f6n kokoamaa, 12 minuutin mittaista \u201dvertailuvideota\u201d. Videolla Perint\u00f6 vertailee h\u00e4nen ja Pete Eklundin tekemi\u00e4 dokumenttielokuvia kesken\u00e4\u00e4n.<\/p>\n<p>Saku-Petteri Perint\u00f6 on Love U Mean It -tuotantoyhti\u00f6n toimitusjohtaja. MATTI MATIKAINEN<\/p>\n","protected":false},"excerpt":{"rendered":"Saku-Petteri Perint\u00f6 teki oikeudenk\u00e4ynti\u00e4 varten 12 minuutin vertailuvideon h\u00e4nen ja Pete Eklundin dokumenteista. Michael Monroe nosti kanteen Love&hellip;\n","protected":false},"author":2,"featured_media":93902,"comment_status":"","ping_status":"","sticky":false,"template":"","format":"standard","meta":{"footnotes":""},"categories":[136],"tags":[35,138,153,407,137,33,31,30,408,47,32,484,140,109],"class_list":{"0":"post-96529","1":"post","2":"type-post","3":"status-publish","4":"format-standard","5":"has-post-thumbnail","7":"category-julkkikset","8":"tag-24h","9":"tag-audio","10":"tag-audiovisuaalinen-media","11":"tag-celebrities","12":"tag-entertainment","13":"tag-fi","14":"tag-finland","15":"tag-finnish","16":"tag-julkkikset","17":"tag-musiikki","18":"tag-suomi","19":"tag-taiteellinen-ilmaisu-ja-mediat","20":"tag-tv-ja-elokuvat","21":"tag-viihde"},"share_on_mastodon":{"url":"https:\/\/pubeurope.com\/@fi\/115590141416714821","error":""},"_links":{"self":[{"href":"https:\/\/www.europesays.com\/fi\/wp-json\/wp\/v2\/posts\/96529","targetHints":{"allow":["GET"]}}],"collection":[{"href":"https:\/\/www.europesays.com\/fi\/wp-json\/wp\/v2\/posts"}],"about":[{"href":"https:\/\/www.europesays.com\/fi\/wp-json\/wp\/v2\/types\/post"}],"author":[{"embeddable":true,"href":"https:\/\/www.europesays.com\/fi\/wp-json\/wp\/v2\/users\/2"}],"replies":[{"embeddable":true,"href":"https:\/\/www.europesays.com\/fi\/wp-json\/wp\/v2\/comments?post=96529"}],"version-history":[{"count":0,"href":"https:\/\/www.europesays.com\/fi\/wp-json\/wp\/v2\/posts\/96529\/revisions"}],"wp:featuredmedia":[{"embeddable":true,"href":"https:\/\/www.europesays.com\/fi\/wp-json\/wp\/v2\/media\/93902"}],"wp:attachment":[{"href":"https:\/\/www.europesays.com\/fi\/wp-json\/wp\/v2\/media?parent=96529"}],"wp:term":[{"taxonomy":"category","embeddable":true,"href":"https:\/\/www.europesays.com\/fi\/wp-json\/wp\/v2\/categories?post=96529"},{"taxonomy":"post_tag","embeddable":true,"href":"https:\/\/www.europesays.com\/fi\/wp-json\/wp\/v2\/tags?post=96529"}],"curies":[{"name":"wp","href":"https:\/\/api.w.org\/{rel}","templated":true}]}}