{"id":96538,"date":"2025-11-21T23:03:10","date_gmt":"2025-11-21T23:03:10","guid":{"rendered":"https:\/\/www.europesays.com\/fi\/96538\/"},"modified":"2025-11-21T23:03:10","modified_gmt":"2025-11-21T23:03:10","slug":"nokia-investoi-miljardeja-yhdysvaltoihin","status":"publish","type":"post","link":"https:\/\/www.europesays.com\/fi\/96538\/","title":{"rendered":"Nokia investoi miljardeja Yhdysvaltoihin"},"content":{"rendered":"<p>Verkkolaiteyhti\u00f6 tekee ison, monivuotisen sijoituksen Yhdysvaltoihin. Rahaa k\u00e4ytet\u00e4\u00e4n etenkin tutkimus- ja tuotekehitykseen.<\/p>\n<p>21.11. 17:58<\/p>\n<p class=\"article-body mb-nof-24 px-nof-16\">Verkkolaiteyhti\u00f6 Nokia aikoo investoida nelj\u00e4 miljardia dollaria eli noin 3,5 miljardia euroa Yhdysvaltoihin.<\/p>\n<p class=\"article-body mb-nof-24 px-nof-16\">Rahaa k\u00e4ytet\u00e4\u00e4n tutkimus- ja tuotekehitykseen sek\u00e4 teko\u00e4ly\u00e4 hy\u00f6dynt\u00e4vien verkkojen kehitt\u00e4miseen. Kyseess\u00e4 on monivuotinen investointi. Osa satsauksesta menee suoraan tuotantoon.<\/p>\n<p class=\"article-body mb-nof-24 px-nof-16\">\u201dNokian innovaatio ja teknologia ovat perustavanlaatuisia t\u00e4m\u00e4n ajan kriittiselle verkkoinfrastruktuurille\u201d, totesi tiedotteessa toimitusjohtaja <a class=\"article-personlink\" href=\"https:\/\/www.aamulehti.fi\/haku\/?query=Justin%20Hotard\" rel=\"nofollow noopener\" target=\"_blank\">Justin Hotard<\/a>.<\/p>\n<p class=\"article-body mb-nof-24 px-nof-16\">Nokia erittelee, ett\u00e4 valmistukseen kytkeytyv\u00e4t vaikutukset tuntuvat muun muassa Texasin, New Jerseyn ja Pennsylvanian osavaltioissa.<\/p>\n<p class=\"article-body mb-nof-24 px-nof-16\">Yhdysvaltain kauppaministeri <a class=\"article-personlink\" href=\"https:\/\/www.aamulehti.fi\/haku\/?query=Howard%20Lutnick\" rel=\"nofollow noopener\" target=\"_blank\">Howard Lutnick<\/a> puolestaan sanoitti asian niin, ett\u00e4 investointi on \u201dj\u00e4lleen yksi voitto [presidentti <a class=\"article-personlink\" href=\"https:\/\/www.aamulehti.fi\/haku\/?query=Donald\" rel=\"nofollow noopener\" target=\"_blank\">Donald<\/a>] <a class=\"article-personlink\" href=\"https:\/\/www.aamulehti.fi\/haku\/?query=Trumpin\" rel=\"nofollow noopener\" target=\"_blank\">Trumpin <\/a>hallinnolle\u201d.<\/p>\n<p class=\"article-body mb-nof-24 px-nof-16\">Aiemmin Nokia <a class=\"article-genericlink\" href=\"https:\/\/www.aamulehti.fi\/talous\/art-2000010528259.html\" rel=\"nofollow noopener\" target=\"_blank\">on ostanut<\/a> Yhdysvalloista optisiin verkkoihin erikoistuneen Infineran 2,3 miljardilla dollarilla eli noin 2,1 miljardilla eurolla.<\/p>\n<p class=\"article-body mb-nof-24 px-nof-16\">Investointisuunnitelman julkistuksen j\u00e4lkeen Nokian osake oli Yhdysvalloissa noin prosentin nousussa, ja Helsingin p\u00f6rssiss\u00e4 se oli puolestaan noin 1,5 prosenttia miinuksella.<\/p>\n<p class=\"article-body mb-nof-24 px-nof-16\">Keskiviikkona yhti\u00f6 <a class=\"article-genericlink\" href=\"https:\/\/www.aamulehti.fi\/kotimaa\/art-2000011637621.html\" rel=\"nofollow noopener\" target=\"_blank\">ilmoitti<\/a> yksinkertaistavansa toimintatapaansa ja organisaatiotaan paremmin teko\u00e4lyn aikakaudelle sopivaksi. Uudistus ei vakuuttanut sijoittajia, sill\u00e4 osake halpeni keskiviikkona Helsingin p\u00f6rssiss\u00e4 runsaat viisi prosenttia.<\/p>\n","protected":false},"excerpt":{"rendered":"Verkkolaiteyhti\u00f6 tekee ison, monivuotisen sijoituksen Yhdysvaltoihin. Rahaa k\u00e4ytet\u00e4\u00e4n etenkin tutkimus- ja tuotekehitykseen. 21.11. 17:58 Verkkolaiteyhti\u00f6 Nokia aikoo investoida&hellip;\n","protected":false},"author":2,"featured_media":96539,"comment_status":"","ping_status":"","sticky":false,"template":"","format":"standard","meta":{"footnotes":""},"categories":[14],"tags":[157,22,23,26,27,33,31,30,17,24,25,28,29,15,18,21,32,19,20,56,16,59,60,61],"class_list":{"0":"post-96538","1":"post","2":"type-post","3":"status-publish","4":"format-standard","5":"has-post-thumbnail","7":"category-ulkomaat","8":"tag-aamulehti","9":"tag-breaking-news","10":"tag-breakingnews","11":"tag-featured-news","12":"tag-featurednews","13":"tag-fi","14":"tag-finland","15":"tag-finnish","16":"tag-headlines","17":"tag-latest-news","18":"tag-latestnews","19":"tag-main-news","20":"tag-mainnews","21":"tag-news","22":"tag-otsikot","23":"tag-paauutiset","24":"tag-suomi","25":"tag-top-stories","26":"tag-topstories","27":"tag-ulkomaat","28":"tag-uutiset","29":"tag-world","30":"tag-world-news","31":"tag-worldnews"},"share_on_mastodon":{"url":"https:\/\/pubeurope.com\/@fi\/115590188574370692","error":""},"_links":{"self":[{"href":"https:\/\/www.europesays.com\/fi\/wp-json\/wp\/v2\/posts\/96538","targetHints":{"allow":["GET"]}}],"collection":[{"href":"https:\/\/www.europesays.com\/fi\/wp-json\/wp\/v2\/posts"}],"about":[{"href":"https:\/\/www.europesays.com\/fi\/wp-json\/wp\/v2\/types\/post"}],"author":[{"embeddable":true,"href":"https:\/\/www.europesays.com\/fi\/wp-json\/wp\/v2\/users\/2"}],"replies":[{"embeddable":true,"href":"https:\/\/www.europesays.com\/fi\/wp-json\/wp\/v2\/comments?post=96538"}],"version-history":[{"count":0,"href":"https:\/\/www.europesays.com\/fi\/wp-json\/wp\/v2\/posts\/96538\/revisions"}],"wp:featuredmedia":[{"embeddable":true,"href":"https:\/\/www.europesays.com\/fi\/wp-json\/wp\/v2\/media\/96539"}],"wp:attachment":[{"href":"https:\/\/www.europesays.com\/fi\/wp-json\/wp\/v2\/media?parent=96538"}],"wp:term":[{"taxonomy":"category","embeddable":true,"href":"https:\/\/www.europesays.com\/fi\/wp-json\/wp\/v2\/categories?post=96538"},{"taxonomy":"post_tag","embeddable":true,"href":"https:\/\/www.europesays.com\/fi\/wp-json\/wp\/v2\/tags?post=96538"}],"curies":[{"name":"wp","href":"https:\/\/api.w.org\/{rel}","templated":true}]}}