{"id":96564,"date":"2025-11-21T23:50:10","date_gmt":"2025-11-21T23:50:10","guid":{"rendered":"https:\/\/www.europesays.com\/fi\/96564\/"},"modified":"2025-11-21T23:50:10","modified_gmt":"2025-11-21T23:50:10","slug":"tps-kesytti-karpat-ohtamaa-ja-rafkin-nujakoivat-pelirangaistukset-urheilu","status":"publish","type":"post","link":"https:\/\/www.europesays.com\/fi\/96564\/","title":{"rendered":"TPS kesytti K\u00e4rp\u00e4t \u2013 Ohtamaa ja Rafkin nujakoivat pelirangaistukset | Urheilu"},"content":{"rendered":"<p>TPS ratkaisi perjantaina miesten j\u00e4\u00e4kiekkoliigan my\u00f6h\u00e4isottelun K\u00e4rppi\u00e4 vastaan toisen er\u00e4n kahdella nopealla maalilla. Tim S\u00f6derlund Leger viimeisteli er\u00e4n loppuminuuteilla avausmaalin, ja Veli-Matti Savinainen vei vierasjoukkueen kahden maalin karkumatkalle 38 sekuntia my\u00f6hemmin. TPS kuittasi lopulta sarjapisteet lukemin 4\u20130.<\/p>\n<p>K\u00e4rp\u00e4t menetti tappioasemassa juonen ja ajatuksen hy\u00f6kk\u00e4yspelist\u00e4\u00e4n.<\/p>\n<p>Tarmo Reunanen vei kolmannen er\u00e4n alussa TPS:n 3\u20130-johtoon n\u00e4ytt\u00e4v\u00e4ll\u00e4 yksil\u00f6suorituksella. Lukas Wernblom viimeisteli TPS:n voittolukemat kotijoukkueen tyhj\u00e4\u00e4n maaliin.<\/p>\n<p>P\u00e4\u00e4t\u00f6ser\u00e4n kiihkein hetki oli K\u00e4rppien Atte Ohtamaan ja TPS:n Ruben Rafkinin kahakka, josta molemmat kuittasivat minuutit 2+5+20 ja samalla pelirangaistukset.<\/p>\n<p>TPS katkaisi vierasvoitolla per\u00e4tt\u00e4iset tappionsa kolmeen.<\/p>\n","protected":false},"excerpt":{"rendered":"TPS ratkaisi perjantaina miesten j\u00e4\u00e4kiekkoliigan my\u00f6h\u00e4isottelun K\u00e4rppi\u00e4 vastaan toisen er\u00e4n kahdella nopealla maalilla. Tim S\u00f6derlund Leger viimeisteli er\u00e4n&hellip;\n","protected":false},"author":2,"featured_media":96565,"comment_status":"","ping_status":"","sticky":false,"template":"","format":"standard","meta":{"footnotes":""},"categories":[158],"tags":[1144,1274,33,31,30,1143,2135,41,1146,159,32,1145,160],"class_list":{"0":"post-96564","1":"post","2":"type-post","3":"status-publish","4":"format-standard","5":"has-post-thumbnail","7":"category-urheilu","8":"tag-ammattilaisjaakiekko","9":"tag-ammattiurheilu","10":"tag-fi","11":"tag-finland","12":"tag-finnish","13":"tag-jaakiekko","14":"tag-jaakiekkopelaajat-miehet","15":"tag-liikunta-ja-urheilu","16":"tag-miesten-jaakiekko","17":"tag-sports","18":"tag-suomi","19":"tag-talviurheilu","20":"tag-urheilu"},"share_on_mastodon":{"url":"https:\/\/pubeurope.com\/@fi\/115590373329983093","error":""},"_links":{"self":[{"href":"https:\/\/www.europesays.com\/fi\/wp-json\/wp\/v2\/posts\/96564","targetHints":{"allow":["GET"]}}],"collection":[{"href":"https:\/\/www.europesays.com\/fi\/wp-json\/wp\/v2\/posts"}],"about":[{"href":"https:\/\/www.europesays.com\/fi\/wp-json\/wp\/v2\/types\/post"}],"author":[{"embeddable":true,"href":"https:\/\/www.europesays.com\/fi\/wp-json\/wp\/v2\/users\/2"}],"replies":[{"embeddable":true,"href":"https:\/\/www.europesays.com\/fi\/wp-json\/wp\/v2\/comments?post=96564"}],"version-history":[{"count":0,"href":"https:\/\/www.europesays.com\/fi\/wp-json\/wp\/v2\/posts\/96564\/revisions"}],"wp:featuredmedia":[{"embeddable":true,"href":"https:\/\/www.europesays.com\/fi\/wp-json\/wp\/v2\/media\/96565"}],"wp:attachment":[{"href":"https:\/\/www.europesays.com\/fi\/wp-json\/wp\/v2\/media?parent=96564"}],"wp:term":[{"taxonomy":"category","embeddable":true,"href":"https:\/\/www.europesays.com\/fi\/wp-json\/wp\/v2\/categories?post=96564"},{"taxonomy":"post_tag","embeddable":true,"href":"https:\/\/www.europesays.com\/fi\/wp-json\/wp\/v2\/tags?post=96564"}],"curies":[{"name":"wp","href":"https:\/\/api.w.org\/{rel}","templated":true}]}}