{"id":96570,"date":"2025-11-21T23:55:08","date_gmt":"2025-11-21T23:55:08","guid":{"rendered":"https:\/\/www.europesays.com\/fi\/96570\/"},"modified":"2025-11-21T23:55:08","modified_gmt":"2025-11-21T23:55:08","slug":"tapaaminen-kommunistihullun-kanssa-kaansi-trumpin-paan","status":"publish","type":"post","link":"https:\/\/www.europesays.com\/fi\/96570\/","title":{"rendered":"Tapaaminen \u201dkommunistihullun\u201d kanssa k\u00e4\u00e4nsi Trumpin p\u00e4\u00e4n"},"content":{"rendered":"<p>Iltalehti seurasi suorana, kun Donald Trumpin \u201dkommunistihulluksi\u201d haukkuma New Yorkin pormestari vieraili Valkoisessa talossa. <\/p>\n<p><img decoding=\"async\" class=\"image image-show image-preview\" src=\"https:\/\/www.europesays.com\/fi\/wp-content\/uploads\/2025\/11\/95efd165d3d294624c9572daf5a514ca3591520dc36b78ebdb1c5eead81bc181.jpg\" alt=\"\"\/><img decoding=\"async\" class=\"image image-show\" src=\"https:\/\/www.europesays.com\/fi\/wp-content\/uploads\/2025\/11\/1763769308_45_95efd165d3d294624c9572daf5a514ca3591520dc36b78ebdb1c5eead81bc181.jpg\" alt=\"\"\/><\/p>\n<p>Trump ja Mamdani tapasivat perjantaina Valkoisessa talossa. Jonathan Ernst<\/p>\n<p class=\"paragraph\">Yhdysvaltain presidentti <a href=\"https:\/\/www.iltalehti.fi\/henkilot\/Donald Trump\" class=\"article-link-person-page\" rel=\"nofollow noopener\" target=\"_blank\">Donald Trump<\/a> tapasi New Yorkin vastavalitun pormestarin <a href=\"https:\/\/www.iltalehti.fi\/henkilot\/Zohran Mamdani\" class=\"article-link-person-page\" rel=\"nofollow noopener\" target=\"_blank\">Zohran Mamdanin<\/a> ensimm\u00e4ist\u00e4 kertaa Valkoisessa talossa.<\/p>\n<p class=\"paragraph\">Tapaamiseen liittyi etuk\u00e4teen paljon j\u00e4nnitteit\u00e4. Vaikka Trump uhkasi l\u00e4hett\u00e4\u00e4 New Yorkiin kansalliskaartin, jos \u201dkommunistihullu\u201d Mamdani valitaan pormestariksi, Trumpin ehdokas h\u00e4visi selvin luvuin. Presidentti Trump on sittemmin pehmitellyt n\u00e4kemyst\u00e4\u00e4n Mamdanista.<\/p>\n<p class=\"paragraph\">Demokraattiseksi sosialistiksi tunnustautuvan Mamdanin valinta \u201dmaailman talousp\u00e4\u00e4kaupungin\u201d johtoon j\u00e4risytti Yhdysvaltain poliittista kentt\u00e4\u00e4. Trump on kotoisin New Yorkista.<\/p>\n<p class=\"paragraph\">Iltalehti seurasi suorana Mamdanin ja Trumpin tapaamista Valkoisessa talossa.<\/p>\n<p>Ei vanhempia p\u00e4ivityksi\u00e4<\/p>\n","protected":false},"excerpt":{"rendered":"Iltalehti seurasi suorana, kun Donald Trumpin \u201dkommunistihulluksi\u201d haukkuma New Yorkin pormestari vieraili Valkoisessa talossa. Trump ja Mamdani tapasivat&hellip;\n","protected":false},"author":2,"featured_media":96571,"comment_status":"","ping_status":"","sticky":false,"template":"","format":"standard","meta":{"footnotes":""},"categories":[14],"tags":[35,22,23,26,27,33,31,30,17,24,25,28,29,15,18,21,142,637,144,32,19,20,56,16,638,59,60,61,143],"class_list":{"0":"post-96570","1":"post","2":"type-post","3":"status-publish","4":"format-standard","5":"has-post-thumbnail","7":"category-ulkomaat","8":"tag-24h","9":"tag-breaking-news","10":"tag-breakingnews","11":"tag-featured-news","12":"tag-featurednews","13":"tag-fi","14":"tag-finland","15":"tag-finnish","16":"tag-headlines","17":"tag-latest-news","18":"tag-latestnews","19":"tag-main-news","20":"tag-mainnews","21":"tag-news","22":"tag-otsikot","23":"tag-paauutiset","24":"tag-poliitikot","25":"tag-politiikka","26":"tag-presidentti","27":"tag-suomi","28":"tag-top-stories","29":"tag-topstories","30":"tag-ulkomaat","31":"tag-uutiset","32":"tag-valtiovalta","33":"tag-world","34":"tag-world-news","35":"tag-worldnews","36":"tag-yhdysvaltain-politiikka"},"share_on_mastodon":{"url":"https:\/\/pubeurope.com\/@fi\/115590393141246860","error":""},"_links":{"self":[{"href":"https:\/\/www.europesays.com\/fi\/wp-json\/wp\/v2\/posts\/96570","targetHints":{"allow":["GET"]}}],"collection":[{"href":"https:\/\/www.europesays.com\/fi\/wp-json\/wp\/v2\/posts"}],"about":[{"href":"https:\/\/www.europesays.com\/fi\/wp-json\/wp\/v2\/types\/post"}],"author":[{"embeddable":true,"href":"https:\/\/www.europesays.com\/fi\/wp-json\/wp\/v2\/users\/2"}],"replies":[{"embeddable":true,"href":"https:\/\/www.europesays.com\/fi\/wp-json\/wp\/v2\/comments?post=96570"}],"version-history":[{"count":0,"href":"https:\/\/www.europesays.com\/fi\/wp-json\/wp\/v2\/posts\/96570\/revisions"}],"wp:featuredmedia":[{"embeddable":true,"href":"https:\/\/www.europesays.com\/fi\/wp-json\/wp\/v2\/media\/96571"}],"wp:attachment":[{"href":"https:\/\/www.europesays.com\/fi\/wp-json\/wp\/v2\/media?parent=96570"}],"wp:term":[{"taxonomy":"category","embeddable":true,"href":"https:\/\/www.europesays.com\/fi\/wp-json\/wp\/v2\/categories?post=96570"},{"taxonomy":"post_tag","embeddable":true,"href":"https:\/\/www.europesays.com\/fi\/wp-json\/wp\/v2\/tags?post=96570"}],"curies":[{"name":"wp","href":"https:\/\/api.w.org\/{rel}","templated":true}]}}