{"id":96588,"date":"2025-11-22T00:22:13","date_gmt":"2025-11-22T00:22:13","guid":{"rendered":"https:\/\/www.europesays.com\/fi\/96588\/"},"modified":"2025-11-22T00:22:13","modified_gmt":"2025-11-22T00:22:13","slug":"poliisi-ei-usko-etta-kiilopaalla-kadonnut-nainen-loytyy-enaa-elossa","status":"publish","type":"post","link":"https:\/\/www.europesays.com\/fi\/96588\/","title":{"rendered":"Poliisi ei usko, ett\u00e4 Kiilop\u00e4\u00e4ll\u00e4 kadonnut nainen l\u00f6ytyy en\u00e4\u00e4 elossa"},"content":{"rendered":"<p>Viikonloppuna j\u00e4rjestet\u00e4\u00e4n uudet etsinn\u00e4t.<\/p>\n<p>21.11. 14:35<\/p>\n<p class=\"article-body mb-nof-24 px-nof-16\">Poliisi ei usko, ett\u00e4 Inarin Kiilop\u00e4\u00e4ll\u00e4 kadonnutta 75-vuotiasta naista l\u00f6ydet\u00e4\u00e4n en\u00e4\u00e4 elossa, kertoo rikoskomisario <a class=\"article-personlink\" href=\"https:\/\/www.is.fi\/haku\/?query=Ilkka%20Rantahalvari\" rel=\"nofollow noopener\" target=\"_blank\">Ilkka Rantahalvari<\/a> Lapin poliisista.<\/p>\n<p class=\"article-body mb-nof-24 px-nof-16\">Poliisi j\u00e4rjest\u00e4\u00e4 yhdess\u00e4 muiden viranomaisten kanssa uudet etsinn\u00e4t t\u00e4n\u00e4 viikonloppuna.<\/p>\n<p class=\"article-body mb-nof-24 px-nof-16\">Tiedotteessa poliisi pyyt\u00e4\u00e4 etsij\u00f6ille ty\u00f6skentelyrauhaa.<\/p>\n<p class=\"article-body mb-nof-24 px-nof-16\">\u2013 Etsinn\u00f6iss\u00e4 k\u00e4yt\u00e4mme apuna muun muassa koiria, moottorikelkkoja ja helikopteria. Etsij\u00e4t, koirat ja kalusto ovat vaatetukseltaan ja varustukseltaan tunnistettavissa viranomaisiksi tai vapaaehtoisiksi. Koirat ohjaajineen ja moottorikelkat liikkuvat my\u00f6s vakiintuneiden tai merkittyjen reittien ulkopuolella.<\/p>\n<p class=\"article-body mb-nof-24 px-nof-16\">Matalalla lent\u00e4v\u00e4st\u00e4 helikopterista aiheutuu melua. Se voi laskeutua maastoon, teille tai pys\u00e4k\u00f6intialueille.<\/p>\n<p class=\"article-body mb-nof-24 px-nof-16\">Poliisi pyyt\u00e4\u00e4 alueella liikkuvia ottamaan huomioon viranomaisten liikkeet.<\/p>\n<p class=\"article-body mb-nof-24 px-nof-16\">75-vuotias nainen katosi viime viikon torstaina hotelli Kiilop\u00e4\u00e4ll\u00e4. Poliisi, pelastuslaitos, rajavartiolaitos ja vapaaehtoinen pelastuspalvelu etsiv\u00e4t h\u00e4nt\u00e4 tuloksetta.<\/p>\n<p class=\"article-body mb-nof-24 px-nof-16\">Etsitt\u00e4v\u00e4 alue on Kiilop\u00e4\u00e4n tunturikeskuksen l\u00e4hialueilla, jossa on sek\u00e4 mets\u00e4\u00e4 ett\u00e4 avotunturia. Siell\u00e4 on my\u00f6s useita merkittyj\u00e4 tai vakiintuneita ulkoilureittej\u00e4 ja useita majoitusrakennuksia.<\/p>\n<p class=\"article-body mb-nof-24 px-nof-16\">\u2013 Poliisi tulee jatkamaan aktiivisia etsint\u00e4toimenpiteit\u00e4 alueella ja muun muassa tarkistaa saamiaan vihjeit\u00e4, Rantahalvari sanoo.<\/p>\n","protected":false},"excerpt":{"rendered":"Viikonloppuna j\u00e4rjestet\u00e4\u00e4n uudet etsinn\u00e4t. 21.11. 14:35 Poliisi ei usko, ett\u00e4 Inarin Kiilop\u00e4\u00e4ll\u00e4 kadonnutta 75-vuotiasta naista l\u00f6ydet\u00e4\u00e4n en\u00e4\u00e4 elossa,&hellip;\n","protected":false},"author":2,"featured_media":96589,"comment_status":"","ping_status":"","sticky":false,"template":"","format":"standard","meta":{"footnotes":""},"categories":[12],"tags":[22,23,26,27,33,31,30,17,34,24,25,28,29,15,18,21,32,19,20,16],"class_list":{"0":"post-96588","1":"post","2":"type-post","3":"status-publish","4":"format-standard","5":"has-post-thumbnail","7":"category-suomi","8":"tag-breaking-news","9":"tag-breakingnews","10":"tag-featured-news","11":"tag-featurednews","12":"tag-fi","13":"tag-finland","14":"tag-finnish","15":"tag-headlines","16":"tag-ilta-sanomat","17":"tag-latest-news","18":"tag-latestnews","19":"tag-main-news","20":"tag-mainnews","21":"tag-news","22":"tag-otsikot","23":"tag-paauutiset","24":"tag-suomi","25":"tag-top-stories","26":"tag-topstories","27":"tag-uutiset"},"share_on_mastodon":{"url":"https:\/\/pubeurope.com\/@fi\/115590499273543002","error":""},"_links":{"self":[{"href":"https:\/\/www.europesays.com\/fi\/wp-json\/wp\/v2\/posts\/96588","targetHints":{"allow":["GET"]}}],"collection":[{"href":"https:\/\/www.europesays.com\/fi\/wp-json\/wp\/v2\/posts"}],"about":[{"href":"https:\/\/www.europesays.com\/fi\/wp-json\/wp\/v2\/types\/post"}],"author":[{"embeddable":true,"href":"https:\/\/www.europesays.com\/fi\/wp-json\/wp\/v2\/users\/2"}],"replies":[{"embeddable":true,"href":"https:\/\/www.europesays.com\/fi\/wp-json\/wp\/v2\/comments?post=96588"}],"version-history":[{"count":0,"href":"https:\/\/www.europesays.com\/fi\/wp-json\/wp\/v2\/posts\/96588\/revisions"}],"wp:featuredmedia":[{"embeddable":true,"href":"https:\/\/www.europesays.com\/fi\/wp-json\/wp\/v2\/media\/96589"}],"wp:attachment":[{"href":"https:\/\/www.europesays.com\/fi\/wp-json\/wp\/v2\/media?parent=96588"}],"wp:term":[{"taxonomy":"category","embeddable":true,"href":"https:\/\/www.europesays.com\/fi\/wp-json\/wp\/v2\/categories?post=96588"},{"taxonomy":"post_tag","embeddable":true,"href":"https:\/\/www.europesays.com\/fi\/wp-json\/wp\/v2\/tags?post=96588"}],"curies":[{"name":"wp","href":"https:\/\/api.w.org\/{rel}","templated":true}]}}