{"id":96600,"date":"2025-11-22T00:46:10","date_gmt":"2025-11-22T00:46:10","guid":{"rendered":"https:\/\/www.europesays.com\/fi\/96600\/"},"modified":"2025-11-22T00:46:10","modified_gmt":"2025-11-22T00:46:10","slug":"joulukampanja-tue-paikallista-yrittajat-fi","status":"publish","type":"post","link":"https:\/\/www.europesays.com\/fi\/96600\/","title":{"rendered":"Joulukampanja \u2013 tue paikallista &#8211; Yrittajat.fi"},"content":{"rendered":"<p><strong>Kannustamme t\u00e4n\u00e4 jouluna valitsemaan paikallisten yritysten tuotteet ja palvelut joululahjahankinnoissa. <\/strong>Rauman Yritt\u00e4j\u00e4t ry ja raumalaiset yritykset haastavat sinut yhdess\u00e4 jakamaan t\u00e4t\u00e4 viesti\u00e4 sosiaalisessa mediassa!<\/p>\n<p>Raumalaiset yritt\u00e4j\u00e4t ovat yhdess\u00e4 halunneet toteuttaa ja tarjota <strong>kampanjan ajan 24.11.-7.12.2025 <\/strong>lahjakortteja edullisemmin omiin valikoimiinsa. Lahjakortti on loistava joululahja ja t\u00e4m\u00e4 on hyv\u00e4 tilaisuus ostaa joulumuistamiset paikallisilta yritt\u00e4jilt\u00e4. <strong>Kampanjassa mukana olevat yritykset tunnistat alempana olevista kuvista sosiaalisessa mediassa.<\/strong><\/p>\n<p>\t\t\tKun ostat lahjakortin:\t\t<\/p>\n<ul>\n<li>40 eurolla, <strong>saat 50\u20ac lahjakortin<\/strong><\/li>\n<li>80 eurolla, <strong>saat 100\u20ac lahjakortin<\/strong><\/li>\n<\/ul>\n<p>Kampanjan aikana 24.11.-7.12.2025<\/p>\n<p><strong>Miten mukaan? <\/strong>\u2013 Kampanjaan voi osallistua kuka tahansa raumalainen yritys, jonka valikoimista l\u00f6ytyy lahjakortteja. Olet mukana yksinkertaisesti lataamalla alla olevat kuvat laitteellesi ja jakamalla niit\u00e4 oman yrityksesi kanavissa. Samalla sitoudut kampanjan ehtoihin. Sinun ei tarvitse olla j\u00e4senyritys osallistuaksesi kampanjaan. Huom! Myyj\u00e4yritys voi itse p\u00e4\u00e4tt\u00e4\u00e4 muista ehdoista kampanjaan liittyen, kuten lahjakorttien voimassaolosta.<strong> Lataa kaikki kuvat <a href=\"https:\/\/drive.google.com\/drive\/folders\/1CjZa-hTqZTRFvjUQvVFZ3uqp6e1hYHT1?usp=drive_link&#039;\" rel=\"nofollow noopener\" target=\"_blank\">t\u00e4\u00e4lt\u00e4<\/a>.<\/strong><\/p>\n<p>\t\t\tMukana kampanjassa\t\t<\/p>\n<ul>\n<li>Py\u00f6r\u00e4-Nurmi<\/li>\n<li>Rauman Puistokahvila<\/li>\n<li>Galaxie Center Rauma<\/li>\n<li>Hoitola Johanna<\/li>\n<\/ul>\n<p>Koostamme verkkosivuille listauksen yrityksist\u00e4, jotka ovat kampanjassa mukana. Ilmoitathan osallistumisesta rauman@yrittajat.fi jos haluat nimesi n\u00e4kyviin.<\/p>\n<p>Voit osallistua kampanjaan ja kehottaa omaa l\u00e4hipiiri\u00e4si paikallisiin lahjaostoksiin jakamalla alla olevia kuvia ja levitt\u00e4m\u00e4ll\u00e4 tietoa. Kerro vaikka samalla oma lemppari, paikallinen tuote tai palvelu Raumalta.<\/p>\n<p>\t\t\tJaa somessa\t\t<\/p>\n<p>Kannustamme kuvien jakamiseen sosiaalisessa mediassa, jotta mahdollisimman moni n\u00e4kee t\u00e4rke\u00e4n viestin ja p\u00e4\u00e4tt\u00e4\u00e4 t\u00e4n\u00e4 jouluna hankkia lahjat ja muistamiset raumalaisilta yritt\u00e4jilt\u00e4! #tuepaikallista #ostaraumalaista<\/p>\n<p>T\u00e4g\u00e4\u00e4 <strong>@raumanyrittajat<\/strong> jaamme t\u00e4g\u00e4ttyj\u00e4 kuvia kanavissamme.<\/p>\n","protected":false},"excerpt":{"rendered":"Kannustamme t\u00e4n\u00e4 jouluna valitsemaan paikallisten yritysten tuotteet ja palvelut joululahjahankinnoissa. Rauman Yritt\u00e4j\u00e4t ry ja raumalaiset yritykset haastavat sinut&hellip;\n","protected":false},"author":2,"featured_media":96601,"comment_status":"","ping_status":"","sticky":false,"template":"","format":"standard","meta":{"footnotes":""},"categories":[76],"tags":[79,77,33,31,30,32,78],"class_list":{"0":"post-96600","1":"post","2":"type-post","3":"status-publish","4":"format-standard","5":"has-post-thumbnail","7":"category-talous","8":"tag-business","9":"tag-economy","10":"tag-fi","11":"tag-finland","12":"tag-finnish","13":"tag-suomi","14":"tag-talous"},"share_on_mastodon":{"url":"https:\/\/pubeurope.com\/@fi\/115590593631707053","error":""},"_links":{"self":[{"href":"https:\/\/www.europesays.com\/fi\/wp-json\/wp\/v2\/posts\/96600","targetHints":{"allow":["GET"]}}],"collection":[{"href":"https:\/\/www.europesays.com\/fi\/wp-json\/wp\/v2\/posts"}],"about":[{"href":"https:\/\/www.europesays.com\/fi\/wp-json\/wp\/v2\/types\/post"}],"author":[{"embeddable":true,"href":"https:\/\/www.europesays.com\/fi\/wp-json\/wp\/v2\/users\/2"}],"replies":[{"embeddable":true,"href":"https:\/\/www.europesays.com\/fi\/wp-json\/wp\/v2\/comments?post=96600"}],"version-history":[{"count":0,"href":"https:\/\/www.europesays.com\/fi\/wp-json\/wp\/v2\/posts\/96600\/revisions"}],"wp:featuredmedia":[{"embeddable":true,"href":"https:\/\/www.europesays.com\/fi\/wp-json\/wp\/v2\/media\/96601"}],"wp:attachment":[{"href":"https:\/\/www.europesays.com\/fi\/wp-json\/wp\/v2\/media?parent=96600"}],"wp:term":[{"taxonomy":"category","embeddable":true,"href":"https:\/\/www.europesays.com\/fi\/wp-json\/wp\/v2\/categories?post=96600"},{"taxonomy":"post_tag","embeddable":true,"href":"https:\/\/www.europesays.com\/fi\/wp-json\/wp\/v2\/tags?post=96600"}],"curies":[{"name":"wp","href":"https:\/\/api.w.org\/{rel}","templated":true}]}}